{"id":792,"date":"2021-08-19T15:29:27","date_gmt":"2021-08-19T15:29:27","guid":{"rendered":"https:\/\/mama-kann-das.com\/?p=792"},"modified":"2021-08-19T15:29:30","modified_gmt":"2021-08-19T15:29:30","slug":"trocken-werden","status":"publish","type":"post","link":"https:\/\/mama-kann-das.com\/index.php\/2021\/08\/19\/trocken-werden\/","title":{"rendered":"Trocken werden &#8211; der Abschied von der Windel"},"content":{"rendered":"\n<p>Neun Monate ist es her, seit ich das erste Mal zum Thema trocken werden geschrieben habe (den Artikel findest du <a href=\"https:\/\/mama-kann-das.com\/index.php\/2020\/11\/10\/windelfrei\/\" target=\"_blank\" rel=\"noreferrer noopener\">hier<\/a>). Ebenfalls vor neun Monaten hat mein Umfeld angefangen, mir allerlei gute Tipps und unglaublich wertvolle Ratschl\u00e4ge (NICHT!) dazu zu geben. Von Druck, \u00fcber Belohnung bis hin zu noch mehr Druck haben wir alles geh\u00f6rt.<\/p>\n\n\n\n<h2 class=\"wp-block-heading\">Entspannt trocken werden<\/h2>\n\n\n\n<div class=\"wp-block-image\"><figure class=\"alignright size-large is-resized\"><img data-recalc-dims=\"1\" fetchpriority=\"high\" decoding=\"async\" src=\"https:\/\/i0.wp.com\/mama-kann-das.com\/wp-content\/uploads\/2021\/04\/177537791_513671519651591_6804452617730533304_n.jpg?resize=288%2C288&#038;ssl=1\" alt=\"Trocken werden kann ganz stressfrei verlaufen\" class=\"wp-image-718\" width=\"288\" height=\"288\" srcset=\"https:\/\/i0.wp.com\/mama-kann-das.com\/wp-content\/uploads\/2021\/04\/177537791_513671519651591_6804452617730533304_n.jpg?resize=1024%2C1024&amp;ssl=1 1024w, https:\/\/i0.wp.com\/mama-kann-das.com\/wp-content\/uploads\/2021\/04\/177537791_513671519651591_6804452617730533304_n.jpg?resize=300%2C300&amp;ssl=1 300w, https:\/\/i0.wp.com\/mama-kann-das.com\/wp-content\/uploads\/2021\/04\/177537791_513671519651591_6804452617730533304_n.jpg?resize=100%2C100&amp;ssl=1 100w, https:\/\/i0.wp.com\/mama-kann-das.com\/wp-content\/uploads\/2021\/04\/177537791_513671519651591_6804452617730533304_n.jpg?resize=600%2C600&amp;ssl=1 600w, https:\/\/i0.wp.com\/mama-kann-das.com\/wp-content\/uploads\/2021\/04\/177537791_513671519651591_6804452617730533304_n.jpg?resize=150%2C150&amp;ssl=1 150w, https:\/\/i0.wp.com\/mama-kann-das.com\/wp-content\/uploads\/2021\/04\/177537791_513671519651591_6804452617730533304_n.jpg?resize=768%2C768&amp;ssl=1 768w, https:\/\/i0.wp.com\/mama-kann-das.com\/wp-content\/uploads\/2021\/04\/177537791_513671519651591_6804452617730533304_n.jpg?w=1044&amp;ssl=1 1044w\" sizes=\"(max-width: 288px) 100vw, 288px\" \/><\/figure><\/div>\n\n\n\n<p>Zum Gl\u00fcck haben wir uns nicht gross beirren lassen und blieben unserem bisher bew\u00e4hrten Prinzip treu. <\/p>\n\n\n\n<p>Wir haben n\u00e4mlich einfach darauf vertraut, dass Kind trocken werden WILL, sobald er bereit dazu ist. Dies hat beim <a href=\"https:\/\/mama-kann-das.com\/index.php\/2021\/04\/06\/nuggi-abgewoehnen\/\" target=\"_blank\" rel=\"noreferrer noopener\">Nuggi-Abschied<\/a> bereits bestens funktioniert, warum sollte es da bei der Windel anders sein?<\/p>\n\n\n\n<p>Und tats\u00e4chlich. Seit 4 Wochen ist Kind nun trocken. Das kam f\u00fcr uns genau so \u00fcberraschend wie der oben erw\u00e4hnte Nuggi-Abschied. Eines morgens fragte ich Kind, ob er aufsc WC will. Er bejahte und tr\u00e4gt seitdem keine Windel mehr.<\/p>\n\n\n\n<h2 class=\"wp-block-heading\">windelfrei &#8211; die Anleitung<\/h2>\n\n\n\n<p>Ok, ganz so easy war es dann doch nicht. Wir mussten schon einige Punkte beachten und konsequent durchziehen. Damit es f\u00fcr euch ein wenig leichter ist, habe ich hier die ultimative Anleitung zum trocken werden. Du darfst sie dir gerne ausdrucken und aufh\u00e4ngen. So hast du alle Punkte stets pr\u00e4sent und dem Abschied von der Windel steht nichts mehr im Weg.<\/p>\n\n\n\n<p>Also, aufgepasst, hier kommt&#8217;s:<\/p>\n\n\n\n<ol class=\"wp-block-list\"><li>Man nehme ein Kind (im Alter von 0-99).<\/li><li>Man richte einen Toilettenplatz ein oder ist bereits im Besitz eines ganzen Badezimmers (bevorzugt!).<\/li><li>Man befreie sich von allen st\u00f6renden Stressfaktoren (besserwisserische Mitmenschen, unglaubw\u00fcrdiges Internet, etc.)<\/li><li>Man sei ein Vorbild und ben\u00fctze den Platz von Zeit zu Zeit.<\/li><li>Man vertraue, sehe und staune.<\/li><\/ol>\n\n\n\n<p>(Frau darf \u00fcbrigens auch gerne mitmachen)<\/p>\n\n\n\n<p>Die ersten drei Punkte sollten m\u00f6glichst schnell abgehakt werden. F\u00fcr die restlichen lass dir bitte Zeit. Viel Zeit. Oder auch nicht. Je nachdem wie schnell dein Kind dazu bereit ist, die Windel an den Nagel zu h\u00e4ngen.<\/p>\n\n\n\n<div class=\"wp-block-image is-style-default\"><figure class=\"aligncenter\"><a href=\"https:\/\/i0.wp.com\/mama-kann-das.com\/wp-content\/uploads\/2021\/08\/University-Application-Process-Infographic.png?ssl=1\"><img data-recalc-dims=\"1\" decoding=\"async\" width=\"410\" height=\"1024\" src=\"https:\/\/i0.wp.com\/mama-kann-das.com\/wp-content\/uploads\/2021\/08\/University-Application-Process-Infographic.png?resize=410%2C1024&#038;ssl=1\" alt=\"Die ultimative Anleitung zum Trocken werden. So wird dein Kind garantiert windelfrei.\" class=\"wp-image-795\" srcset=\"https:\/\/i0.wp.com\/mama-kann-das.com\/wp-content\/uploads\/2021\/08\/University-Application-Process-Infographic.png?resize=410%2C1024&amp;ssl=1 410w, https:\/\/i0.wp.com\/mama-kann-das.com\/wp-content\/uploads\/2021\/08\/University-Application-Process-Infographic.png?resize=600%2C1500&amp;ssl=1 600w, https:\/\/i0.wp.com\/mama-kann-das.com\/wp-content\/uploads\/2021\/08\/University-Application-Process-Infographic.png?resize=120%2C300&amp;ssl=1 120w, https:\/\/i0.wp.com\/mama-kann-das.com\/wp-content\/uploads\/2021\/08\/University-Application-Process-Infographic.png?resize=768%2C1920&amp;ssl=1 768w, https:\/\/i0.wp.com\/mama-kann-das.com\/wp-content\/uploads\/2021\/08\/University-Application-Process-Infographic.png?w=800&amp;ssl=1 800w\" sizes=\"(max-width: 410px) 100vw, 410px\" \/><\/a><\/figure><\/div>\n\n\n\n<h2 class=\"wp-block-heading\">Trocken werden wollen sie alle<\/h2>\n\n\n\n<p>Dein Kind will trocken werden, sei unbesorgt. Schenk ihm dein Vertrauen. Jedes Kind ist anders und entwickelt sich in seinem pers\u00f6nlichen Tempo. Und das ist gut so.<\/p>\n\n\n\n<p>Vergleiche mit anderen Kindern bringen weder dir noch deinem Kind etwas. Stattdessen solltest du dir lieber noch einmal die Windelfrei-Anleitung durchlesen. Dann klappts auch mit dem Trocken werden. Vielleicht ja schon morgen?<\/p>\n\n\n\n<p>Wie ist es bei euch? Wie lief das Trocken werden ab? Ich freue mich auf deinen Kommentar.<\/p>\n\n\n\n<p>Deine<\/p>\n\n\n<p class=\"fonts-plugin-block \" style=\"font-family: Satisfy;font-size: 50px\">Corina<\/p>\n\n\n<p>Dir gef\u00e4llt dieser Artikel? Magst du mich mit einem Kaffee und neuer Energie f\u00fcr mehr solcher Blogposts unterst\u00fctzen? Ich w\u00fcrde mich riesig dar\u00fcber freuen.\u00a0<a href=\"https:\/\/www.buymeacoffee.com\/corinakanndas\" target=\"_blank\" rel=\"noreferrer noopener\">www.buymeacoffee.com\/corinakanndas<\/a><\/p>\n","protected":false},"excerpt":{"rendered":"<p>Neun Monate ist es her, seit ich das erste Mal zum Thema trocken werden geschrieben habe (den Artikel findest du hier). Ebenfalls vor neun Monaten hat mein Umfeld angefangen, mir allerlei gute Tipps und unglaublich wertvolle Ratschl\u00e4ge (NICHT!) dazu zu&#8230;<\/p>\n","protected":false},"author":1,"featured_media":794,"comment_status":"open","ping_status":"open","sticky":false,"template":"","format":"standard","meta":{"jetpack_post_was_ever_published":false,"_jetpack_newsletter_access":"","_jetpack_dont_email_post_to_subs":false,"_jetpack_newsletter_tier_id":0,"_jetpack_memberships_contains_paywalled_content":false,"_jetpack_memberships_contains_paid_content":false,"footnotes":""},"categories":[9,20,27],"tags":[43,108,80,106,107],"class_list":["post-792","post","type-post","status-publish","format-standard","has-post-thumbnail","hentry","category-baby-kleinkind","category-erziehung","category-lieben","tag-erziehung","tag-trocken-werden","tag-vertrauen","tag-windelfrei","tag-windeln"],"yoast_head":"<!-- This site is optimized with the Yoast SEO plugin v27.4 - https:\/\/yoast.com\/product\/yoast-seo-wordpress\/ -->\n<title>Trocken werden - der Abschied von der Windel - mama-kann-das<\/title>\n<meta name=\"description\" content=\"Viele Eltern sehnen der Abschied der Windel herbei. Deshalb habe ich hier die ultimative Anleitung zum Trocken werden.\" \/>\n<meta name=\"robots\" content=\"index, follow, max-snippet:-1, max-image-preview:large, max-video-preview:-1\" \/>\n<link rel=\"canonical\" href=\"https:\/\/mama-kann-das.com\/index.php\/2021\/08\/19\/trocken-werden\/\" \/>\n<meta property=\"og:locale\" content=\"de_DE\" \/>\n<meta property=\"og:type\" content=\"article\" \/>\n<meta property=\"og:title\" content=\"Trocken werden - der Abschied von der Windel - mama-kann-das\" \/>\n<meta property=\"og:description\" content=\"Viele Eltern sehnen der Abschied der Windel herbei. Deshalb habe ich hier die ultimative Anleitung zum Trocken werden.\" \/>\n<meta property=\"og:url\" content=\"https:\/\/mama-kann-das.com\/index.php\/2021\/08\/19\/trocken-werden\/\" \/>\n<meta property=\"og:site_name\" content=\"mama-kann-das\" \/>\n<meta property=\"article:author\" content=\"facebook.com\/corinakanndas\" \/>\n<meta property=\"article:published_time\" content=\"2021-08-19T15:29:27+00:00\" \/>\n<meta property=\"article:modified_time\" content=\"2021-08-19T15:29:30+00:00\" \/>\n<meta property=\"og:image\" content=\"https:\/\/mama-kann-das.com\/wp-content\/uploads\/2021\/08\/232231114_1135119623563984_1386634463164830173_n.jpg\" \/>\n\t<meta property=\"og:image:width\" content=\"1504\" \/>\n\t<meta property=\"og:image:height\" content=\"2016\" \/>\n\t<meta property=\"og:image:type\" content=\"image\/jpeg\" \/>\n<meta name=\"author\" content=\"Corina\" \/>\n<meta name=\"twitter:card\" content=\"summary_large_image\" \/>\n<meta name=\"twitter:label1\" content=\"Verfasst von\" \/>\n\t<meta name=\"twitter:data1\" content=\"Corina\" \/>\n\t<meta name=\"twitter:label2\" content=\"Gesch\u00e4tzte Lesezeit\" \/>\n\t<meta name=\"twitter:data2\" content=\"3\u00a0Minuten\" \/>\n<script type=\"application\/ld+json\" class=\"yoast-schema-graph\">{\"@context\":\"https:\\\/\\\/schema.org\",\"@graph\":[{\"@type\":\"Article\",\"@id\":\"https:\\\/\\\/mama-kann-das.com\\\/index.php\\\/2021\\\/08\\\/19\\\/trocken-werden\\\/#article\",\"isPartOf\":{\"@id\":\"https:\\\/\\\/mama-kann-das.com\\\/index.php\\\/2021\\\/08\\\/19\\\/trocken-werden\\\/\"},\"author\":{\"name\":\"Corina\",\"@id\":\"https:\\\/\\\/mama-kann-das.com\\\/#\\\/schema\\\/person\\\/83df833a52d90404e3f21603b1cf9e58\"},\"headline\":\"Trocken werden &#8211; der Abschied von der Windel\",\"datePublished\":\"2021-08-19T15:29:27+00:00\",\"dateModified\":\"2021-08-19T15:29:30+00:00\",\"mainEntityOfPage\":{\"@id\":\"https:\\\/\\\/mama-kann-das.com\\\/index.php\\\/2021\\\/08\\\/19\\\/trocken-werden\\\/\"},\"wordCount\":450,\"commentCount\":0,\"publisher\":{\"@id\":\"https:\\\/\\\/mama-kann-das.com\\\/#organization\"},\"image\":{\"@id\":\"https:\\\/\\\/mama-kann-das.com\\\/index.php\\\/2021\\\/08\\\/19\\\/trocken-werden\\\/#primaryimage\"},\"thumbnailUrl\":\"https:\\\/\\\/i0.wp.com\\\/mama-kann-das.com\\\/wp-content\\\/uploads\\\/2021\\\/08\\\/232231114_1135119623563984_1386634463164830173_n.jpg?fit=1504%2C2016&ssl=1\",\"keywords\":[\"Erziehung\",\"Trocken werden\",\"Vertrauen\",\"Windelfrei\",\"Windeln\"],\"articleSection\":[\"Baby &amp; Kleinkind\",\"Erziehung\",\"Lieben\"],\"inLanguage\":\"de\",\"potentialAction\":[{\"@type\":\"CommentAction\",\"name\":\"Comment\",\"target\":[\"https:\\\/\\\/mama-kann-das.com\\\/index.php\\\/2021\\\/08\\\/19\\\/trocken-werden\\\/#respond\"]}]},{\"@type\":\"WebPage\",\"@id\":\"https:\\\/\\\/mama-kann-das.com\\\/index.php\\\/2021\\\/08\\\/19\\\/trocken-werden\\\/\",\"url\":\"https:\\\/\\\/mama-kann-das.com\\\/index.php\\\/2021\\\/08\\\/19\\\/trocken-werden\\\/\",\"name\":\"Trocken werden - der Abschied von der Windel - mama-kann-das\",\"isPartOf\":{\"@id\":\"https:\\\/\\\/mama-kann-das.com\\\/#website\"},\"primaryImageOfPage\":{\"@id\":\"https:\\\/\\\/mama-kann-das.com\\\/index.php\\\/2021\\\/08\\\/19\\\/trocken-werden\\\/#primaryimage\"},\"image\":{\"@id\":\"https:\\\/\\\/mama-kann-das.com\\\/index.php\\\/2021\\\/08\\\/19\\\/trocken-werden\\\/#primaryimage\"},\"thumbnailUrl\":\"https:\\\/\\\/i0.wp.com\\\/mama-kann-das.com\\\/wp-content\\\/uploads\\\/2021\\\/08\\\/232231114_1135119623563984_1386634463164830173_n.jpg?fit=1504%2C2016&ssl=1\",\"datePublished\":\"2021-08-19T15:29:27+00:00\",\"dateModified\":\"2021-08-19T15:29:30+00:00\",\"description\":\"Viele Eltern sehnen der Abschied der Windel herbei. Deshalb habe ich hier die ultimative Anleitung zum Trocken werden.\",\"breadcrumb\":{\"@id\":\"https:\\\/\\\/mama-kann-das.com\\\/index.php\\\/2021\\\/08\\\/19\\\/trocken-werden\\\/#breadcrumb\"},\"inLanguage\":\"de\",\"potentialAction\":[{\"@type\":\"ReadAction\",\"target\":[\"https:\\\/\\\/mama-kann-das.com\\\/index.php\\\/2021\\\/08\\\/19\\\/trocken-werden\\\/\"]}]},{\"@type\":\"ImageObject\",\"inLanguage\":\"de\",\"@id\":\"https:\\\/\\\/mama-kann-das.com\\\/index.php\\\/2021\\\/08\\\/19\\\/trocken-werden\\\/#primaryimage\",\"url\":\"https:\\\/\\\/i0.wp.com\\\/mama-kann-das.com\\\/wp-content\\\/uploads\\\/2021\\\/08\\\/232231114_1135119623563984_1386634463164830173_n.jpg?fit=1504%2C2016&ssl=1\",\"contentUrl\":\"https:\\\/\\\/i0.wp.com\\\/mama-kann-das.com\\\/wp-content\\\/uploads\\\/2021\\\/08\\\/232231114_1135119623563984_1386634463164830173_n.jpg?fit=1504%2C2016&ssl=1\",\"width\":1504,\"height\":2016},{\"@type\":\"BreadcrumbList\",\"@id\":\"https:\\\/\\\/mama-kann-das.com\\\/index.php\\\/2021\\\/08\\\/19\\\/trocken-werden\\\/#breadcrumb\",\"itemListElement\":[{\"@type\":\"ListItem\",\"position\":1,\"name\":\"Startseite\",\"item\":\"https:\\\/\\\/mama-kann-das.com\\\/\"},{\"@type\":\"ListItem\",\"position\":2,\"name\":\"Trocken werden &#8211; der Abschied von der Windel\"}]},{\"@type\":\"WebSite\",\"@id\":\"https:\\\/\\\/mama-kann-das.com\\\/#website\",\"url\":\"https:\\\/\\\/mama-kann-das.com\\\/\",\"name\":\"mama-kann-das\",\"description\":\"gelassen durch den Familienalltag\",\"publisher\":{\"@id\":\"https:\\\/\\\/mama-kann-das.com\\\/#organization\"},\"potentialAction\":[{\"@type\":\"SearchAction\",\"target\":{\"@type\":\"EntryPoint\",\"urlTemplate\":\"https:\\\/\\\/mama-kann-das.com\\\/?s={search_term_string}\"},\"query-input\":{\"@type\":\"PropertyValueSpecification\",\"valueRequired\":true,\"valueName\":\"search_term_string\"}}],\"inLanguage\":\"de\"},{\"@type\":\"Organization\",\"@id\":\"https:\\\/\\\/mama-kann-das.com\\\/#organization\",\"name\":\"mama-kann-das\",\"url\":\"https:\\\/\\\/mama-kann-das.com\\\/\",\"logo\":{\"@type\":\"ImageObject\",\"inLanguage\":\"de\",\"@id\":\"https:\\\/\\\/mama-kann-das.com\\\/#\\\/schema\\\/logo\\\/image\\\/\",\"url\":\"https:\\\/\\\/i0.wp.com\\\/mama-kann-das.com\\\/wp-content\\\/uploads\\\/2026\\\/01\\\/cropped-Banner-neu-1.png?fit=1243%2C351&ssl=1\",\"contentUrl\":\"https:\\\/\\\/i0.wp.com\\\/mama-kann-das.com\\\/wp-content\\\/uploads\\\/2026\\\/01\\\/cropped-Banner-neu-1.png?fit=1243%2C351&ssl=1\",\"width\":1243,\"height\":351,\"caption\":\"mama-kann-das\"},\"image\":{\"@id\":\"https:\\\/\\\/mama-kann-das.com\\\/#\\\/schema\\\/logo\\\/image\\\/\"}},{\"@type\":\"Person\",\"@id\":\"https:\\\/\\\/mama-kann-das.com\\\/#\\\/schema\\\/person\\\/83df833a52d90404e3f21603b1cf9e58\",\"name\":\"Corina\",\"image\":{\"@type\":\"ImageObject\",\"inLanguage\":\"de\",\"@id\":\"https:\\\/\\\/secure.gravatar.com\\\/avatar\\\/791919cd4962f2a440718b8180fea719c288cc66c4bc5413544ada69564aa24f?s=96&d=mm&r=g\",\"url\":\"https:\\\/\\\/secure.gravatar.com\\\/avatar\\\/791919cd4962f2a440718b8180fea719c288cc66c4bc5413544ada69564aa24f?s=96&d=mm&r=g\",\"contentUrl\":\"https:\\\/\\\/secure.gravatar.com\\\/avatar\\\/791919cd4962f2a440718b8180fea719c288cc66c4bc5413544ada69564aa24f?s=96&d=mm&r=g\",\"caption\":\"Corina\"},\"sameAs\":[\"https:\\\/\\\/mama-kann-das.com\",\"facebook.com\\\/corinakanndas\",\"instagram.com\\\/mama.kann.das\"],\"url\":\"https:\\\/\\\/mama-kann-das.com\\\/index.php\\\/author\\\/c_zimmermann_l38n2d31\\\/\"}]}<\/script>\n<!-- \/ Yoast SEO plugin. -->","yoast_head_json":{"title":"Trocken werden - der Abschied von der Windel - mama-kann-das","description":"Viele Eltern sehnen der Abschied der Windel herbei. Deshalb habe ich hier die ultimative Anleitung zum Trocken werden.","robots":{"index":"index","follow":"follow","max-snippet":"max-snippet:-1","max-image-preview":"max-image-preview:large","max-video-preview":"max-video-preview:-1"},"canonical":"https:\/\/mama-kann-das.com\/index.php\/2021\/08\/19\/trocken-werden\/","og_locale":"de_DE","og_type":"article","og_title":"Trocken werden - der Abschied von der Windel - mama-kann-das","og_description":"Viele Eltern sehnen der Abschied der Windel herbei. Deshalb habe ich hier die ultimative Anleitung zum Trocken werden.","og_url":"https:\/\/mama-kann-das.com\/index.php\/2021\/08\/19\/trocken-werden\/","og_site_name":"mama-kann-das","article_author":"facebook.com\/corinakanndas","article_published_time":"2021-08-19T15:29:27+00:00","article_modified_time":"2021-08-19T15:29:30+00:00","og_image":[{"width":1504,"height":2016,"url":"https:\/\/mama-kann-das.com\/wp-content\/uploads\/2021\/08\/232231114_1135119623563984_1386634463164830173_n.jpg","type":"image\/jpeg"}],"author":"Corina","twitter_card":"summary_large_image","twitter_misc":{"Verfasst von":"Corina","Gesch\u00e4tzte Lesezeit":"3\u00a0Minuten"},"schema":{"@context":"https:\/\/schema.org","@graph":[{"@type":"Article","@id":"https:\/\/mama-kann-das.com\/index.php\/2021\/08\/19\/trocken-werden\/#article","isPartOf":{"@id":"https:\/\/mama-kann-das.com\/index.php\/2021\/08\/19\/trocken-werden\/"},"author":{"name":"Corina","@id":"https:\/\/mama-kann-das.com\/#\/schema\/person\/83df833a52d90404e3f21603b1cf9e58"},"headline":"Trocken werden &#8211; der Abschied von der Windel","datePublished":"2021-08-19T15:29:27+00:00","dateModified":"2021-08-19T15:29:30+00:00","mainEntityOfPage":{"@id":"https:\/\/mama-kann-das.com\/index.php\/2021\/08\/19\/trocken-werden\/"},"wordCount":450,"commentCount":0,"publisher":{"@id":"https:\/\/mama-kann-das.com\/#organization"},"image":{"@id":"https:\/\/mama-kann-das.com\/index.php\/2021\/08\/19\/trocken-werden\/#primaryimage"},"thumbnailUrl":"https:\/\/i0.wp.com\/mama-kann-das.com\/wp-content\/uploads\/2021\/08\/232231114_1135119623563984_1386634463164830173_n.jpg?fit=1504%2C2016&ssl=1","keywords":["Erziehung","Trocken werden","Vertrauen","Windelfrei","Windeln"],"articleSection":["Baby &amp; Kleinkind","Erziehung","Lieben"],"inLanguage":"de","potentialAction":[{"@type":"CommentAction","name":"Comment","target":["https:\/\/mama-kann-das.com\/index.php\/2021\/08\/19\/trocken-werden\/#respond"]}]},{"@type":"WebPage","@id":"https:\/\/mama-kann-das.com\/index.php\/2021\/08\/19\/trocken-werden\/","url":"https:\/\/mama-kann-das.com\/index.php\/2021\/08\/19\/trocken-werden\/","name":"Trocken werden - der Abschied von der Windel - mama-kann-das","isPartOf":{"@id":"https:\/\/mama-kann-das.com\/#website"},"primaryImageOfPage":{"@id":"https:\/\/mama-kann-das.com\/index.php\/2021\/08\/19\/trocken-werden\/#primaryimage"},"image":{"@id":"https:\/\/mama-kann-das.com\/index.php\/2021\/08\/19\/trocken-werden\/#primaryimage"},"thumbnailUrl":"https:\/\/i0.wp.com\/mama-kann-das.com\/wp-content\/uploads\/2021\/08\/232231114_1135119623563984_1386634463164830173_n.jpg?fit=1504%2C2016&ssl=1","datePublished":"2021-08-19T15:29:27+00:00","dateModified":"2021-08-19T15:29:30+00:00","description":"Viele Eltern sehnen der Abschied der Windel herbei. Deshalb habe ich hier die ultimative Anleitung zum Trocken werden.","breadcrumb":{"@id":"https:\/\/mama-kann-das.com\/index.php\/2021\/08\/19\/trocken-werden\/#breadcrumb"},"inLanguage":"de","potentialAction":[{"@type":"ReadAction","target":["https:\/\/mama-kann-das.com\/index.php\/2021\/08\/19\/trocken-werden\/"]}]},{"@type":"ImageObject","inLanguage":"de","@id":"https:\/\/mama-kann-das.com\/index.php\/2021\/08\/19\/trocken-werden\/#primaryimage","url":"https:\/\/i0.wp.com\/mama-kann-das.com\/wp-content\/uploads\/2021\/08\/232231114_1135119623563984_1386634463164830173_n.jpg?fit=1504%2C2016&ssl=1","contentUrl":"https:\/\/i0.wp.com\/mama-kann-das.com\/wp-content\/uploads\/2021\/08\/232231114_1135119623563984_1386634463164830173_n.jpg?fit=1504%2C2016&ssl=1","width":1504,"height":2016},{"@type":"BreadcrumbList","@id":"https:\/\/mama-kann-das.com\/index.php\/2021\/08\/19\/trocken-werden\/#breadcrumb","itemListElement":[{"@type":"ListItem","position":1,"name":"Startseite","item":"https:\/\/mama-kann-das.com\/"},{"@type":"ListItem","position":2,"name":"Trocken werden &#8211; der Abschied von der Windel"}]},{"@type":"WebSite","@id":"https:\/\/mama-kann-das.com\/#website","url":"https:\/\/mama-kann-das.com\/","name":"mama-kann-das","description":"gelassen durch den Familienalltag","publisher":{"@id":"https:\/\/mama-kann-das.com\/#organization"},"potentialAction":[{"@type":"SearchAction","target":{"@type":"EntryPoint","urlTemplate":"https:\/\/mama-kann-das.com\/?s={search_term_string}"},"query-input":{"@type":"PropertyValueSpecification","valueRequired":true,"valueName":"search_term_string"}}],"inLanguage":"de"},{"@type":"Organization","@id":"https:\/\/mama-kann-das.com\/#organization","name":"mama-kann-das","url":"https:\/\/mama-kann-das.com\/","logo":{"@type":"ImageObject","inLanguage":"de","@id":"https:\/\/mama-kann-das.com\/#\/schema\/logo\/image\/","url":"https:\/\/i0.wp.com\/mama-kann-das.com\/wp-content\/uploads\/2026\/01\/cropped-Banner-neu-1.png?fit=1243%2C351&ssl=1","contentUrl":"https:\/\/i0.wp.com\/mama-kann-das.com\/wp-content\/uploads\/2026\/01\/cropped-Banner-neu-1.png?fit=1243%2C351&ssl=1","width":1243,"height":351,"caption":"mama-kann-das"},"image":{"@id":"https:\/\/mama-kann-das.com\/#\/schema\/logo\/image\/"}},{"@type":"Person","@id":"https:\/\/mama-kann-das.com\/#\/schema\/person\/83df833a52d90404e3f21603b1cf9e58","name":"Corina","image":{"@type":"ImageObject","inLanguage":"de","@id":"https:\/\/secure.gravatar.com\/avatar\/791919cd4962f2a440718b8180fea719c288cc66c4bc5413544ada69564aa24f?s=96&d=mm&r=g","url":"https:\/\/secure.gravatar.com\/avatar\/791919cd4962f2a440718b8180fea719c288cc66c4bc5413544ada69564aa24f?s=96&d=mm&r=g","contentUrl":"https:\/\/secure.gravatar.com\/avatar\/791919cd4962f2a440718b8180fea719c288cc66c4bc5413544ada69564aa24f?s=96&d=mm&r=g","caption":"Corina"},"sameAs":["https:\/\/mama-kann-das.com","facebook.com\/corinakanndas","instagram.com\/mama.kann.das"],"url":"https:\/\/mama-kann-das.com\/index.php\/author\/c_zimmermann_l38n2d31\/"}]}},"jetpack_featured_media_url":"https:\/\/i0.wp.com\/mama-kann-das.com\/wp-content\/uploads\/2021\/08\/232231114_1135119623563984_1386634463164830173_n.jpg?fit=1504%2C2016&ssl=1","jetpack_sharing_enabled":true,"_links":{"self":[{"href":"https:\/\/mama-kann-das.com\/index.php\/wp-json\/wp\/v2\/posts\/792","targetHints":{"allow":["GET"]}}],"collection":[{"href":"https:\/\/mama-kann-das.com\/index.php\/wp-json\/wp\/v2\/posts"}],"about":[{"href":"https:\/\/mama-kann-das.com\/index.php\/wp-json\/wp\/v2\/types\/post"}],"author":[{"embeddable":true,"href":"https:\/\/mama-kann-das.com\/index.php\/wp-json\/wp\/v2\/users\/1"}],"replies":[{"embeddable":true,"href":"https:\/\/mama-kann-das.com\/index.php\/wp-json\/wp\/v2\/comments?post=792"}],"version-history":[{"count":5,"href":"https:\/\/mama-kann-das.com\/index.php\/wp-json\/wp\/v2\/posts\/792\/revisions"}],"predecessor-version":[{"id":800,"href":"https:\/\/mama-kann-das.com\/index.php\/wp-json\/wp\/v2\/posts\/792\/revisions\/800"}],"wp:featuredmedia":[{"embeddable":true,"href":"https:\/\/mama-kann-das.com\/index.php\/wp-json\/wp\/v2\/media\/794"}],"wp:attachment":[{"href":"https:\/\/mama-kann-das.com\/index.php\/wp-json\/wp\/v2\/media?parent=792"}],"wp:term":[{"taxonomy":"category","embeddable":true,"href":"https:\/\/mama-kann-das.com\/index.php\/wp-json\/wp\/v2\/categories?post=792"},{"taxonomy":"post_tag","embeddable":true,"href":"https:\/\/mama-kann-das.com\/index.php\/wp-json\/wp\/v2\/tags?post=792"}],"curies":[{"name":"wp","href":"https:\/\/api.w.org\/{rel}","templated":true}]}}