{"id":737,"date":"2021-05-18T08:35:00","date_gmt":"2021-05-18T08:35:00","guid":{"rendered":"https:\/\/mama-kann-das.com\/?p=737"},"modified":"2021-05-18T06:32:40","modified_gmt":"2021-05-18T06:32:40","slug":"sternenkinder","status":"publish","type":"post","link":"https:\/\/mama-kann-das.com\/index.php\/2021\/05\/18\/sternenkinder\/","title":{"rendered":"Sternenkinder &#8211; eine Mama erz\u00e4hlt"},"content":{"rendered":"\n<p>Still und leise war mein Kind gegangen, ohne dass ich es gemerkt hatte. <\/p>\n\n\n\n<div class=\"wp-block-image\"><figure class=\"alignright size-large\"><img data-recalc-dims=\"1\" fetchpriority=\"high\" decoding=\"async\" width=\"300\" height=\"300\" src=\"https:\/\/i0.wp.com\/mama-kann-das.com\/wp-content\/uploads\/2021\/05\/Marylouloves-Profil.jpg?resize=300%2C300&#038;ssl=1\" alt=\"Mary berichtet \u00fcber ihre Sternenkinder.\" class=\"wp-image-739\" srcset=\"https:\/\/i0.wp.com\/mama-kann-das.com\/wp-content\/uploads\/2021\/05\/Marylouloves-Profil.jpg?w=300&amp;ssl=1 300w, https:\/\/i0.wp.com\/mama-kann-das.com\/wp-content\/uploads\/2021\/05\/Marylouloves-Profil.jpg?resize=100%2C100&amp;ssl=1 100w, https:\/\/i0.wp.com\/mama-kann-das.com\/wp-content\/uploads\/2021\/05\/Marylouloves-Profil.jpg?resize=150%2C150&amp;ssl=1 150w\" sizes=\"(max-width: 300px) 100vw, 300px\" \/><\/figure><\/div>\n\n\n\n<p>Ich bin Mary, 36 Jahre jung und schreibe einen Mamablog namens MaryLouloves \u00fcber mein Regenbogenkind Isabella. Der Weg zu unserem Wunschkind war nicht immer einfach, denn neben unserer Tochter haben wir zwei weitere Kinder im Herzen, die wir nie an der Hand halten durften. \u00dcber den Spagat zwischen Sternenmama und Regenbogenmama berichte ich auf meinem Blog, der besonders an Jahrestagen und Weihnachten nicht immer leicht ist. Hier stellen wir Euch auch unsere gemeinsamen Lieblingsb\u00fccher vor und ich lasse meine Leser teilhaben an meinen Gedanken. Heute teile ich meine Geschichte meiner Sternenkinder mit euch.<\/p>\n\n\n\n<p>&#8222;Sternenkinder \u2013 so werden urspr\u00fcnglich liebevoll jene Kinder genannt, die mit einem Gewicht von weniger als 500 Gramm vor, w\u00e4hrend oder nach der Geburt sterben. Inzwischen wird dieser Begriff jedoch auch h\u00e4ufig f\u00fcr die Kinder verwendet, die \u00fcber 500 Gramm wogen, so wie jene, die kurz nach der Geburt gestorben sind.&#8220; F\u00fcr mich ist dieses Wort seit 2014 so pr\u00e4sent in meinem Leben wie sonst keines. Doch oftmals fehlt das Verst\u00e4ndnis f\u00fcr die Trauer um Sternenkinder in der Gesellschaft. Trauer und Abschied nehmen ist seit Generationen ein Tabuthema, und umso mehr wenn es um tote Kinder geht. Ich m\u00f6chte Enttabuisieren und Aufkl\u00e4ren und daher \u00fcber meine 2 Sternenkinder erz\u00e4hlen. Ich m\u00f6chte anderen Sterneneltern Halt geben und zeigen , dass sie nicht alleine sind und am Ende des Weges doch noch das Gl\u00fcck warten (Kann). Und ich m\u00f6chte die Sternenkinder sichtbar machen. Deshalb erz\u00e4hle ich euch heute von meinen beiden Sternchen. <\/p>\n\n\n\n<h2 class=\"wp-block-heading\">Unser erstes Sternenkind<\/h2>\n\n\n\n<p>Im Oktober 2014 hielt ich das erste Mal in meinem Leben einen positiven Schwangerschaftstest in der Hand. Mein Lebensgef\u00e4hrte und ich hatten wenige Wochen zuvor beschlossen mit der Familienplanung zu beginnen. Im Dezember wollten wir, passend zu Weihnachten, unserer Familie diese frohe Botschaft verk\u00fcnden. Doch dazu sollte es nicht mehr kommen. Anfang Dezember fuhr ich Abends mit Blutungen ins Krankenhaus. Nach einer Ewigkeit hatte endlich eine \u00c4rztin Zeit f\u00fcr uns (dabei waren es nur knappe 3 Stunden die wir warten mussten und das direkt vor dem Krei\u00dfsaal. Wir wurden mit neugeborenen Leben konfrontiert, w\u00e4hrend wir um das Leben unseres Kindes bangten). Als eine schlecht Deutsch sprechende \u00c4rztin dann Zeit f\u00fcr uns hatte und einen Ultraschall vornahm, sah ich bereits, bevor die \u00c4rztin auch nur ein einziges Wort sagen konnte, dass kein Herzschlag zu sehen war. <\/p>\n\n\n\n<p>Ich fiel ins Bodenlose. W\u00e4re mein Lebensgef\u00e4hrte nicht an meiner Seite gewesen, ich weiss nicht, was ich gemacht h\u00e4tte. Wir, oder besser gesagt meine Frauen\u00e4rztin und ich beschlossen, dass ich das Kind auf nat\u00fcrlichem Weg zuhause &#8222;verlieren&#8220; wollte. F\u00fcr eine Ausschabung ins Krankenhaus fahren zu m\u00fcssen war f\u00fcr mich eine unm\u00f6gliche Vorstellung. Einen Tag sp\u00e4ter verlor ich unser erstes Kind, welchem wir sp\u00e4ter den Namen Sascha gaben, zuhause. Dort verkroch ich mich die n\u00e4chsten Tage und Wochen und das Leben zog an mir vorbei. Noch heute fehlen mir die Erinnerungen an diese Tage. Bekannte und Freunde versuchten mich zu erreichen , woran ich mich teilweise gar nicht mehr erinnern kann. Nur eines wei\u00df ich noch genau: wochenlang sass ich morgens in der Badewanne und weinte um unser totes Kind.<\/p>\n\n\n\n<h2 class=\"wp-block-heading\">Unser zweites Sternenkind<\/h2>\n\n\n\n<p>Anfang August 2015 hielten wir endlich wieder einen positiven Schwangerschaftstest in den H\u00e4nden. Ich erinnere mich daran, als sei es gestern gewesen. Wir erreichten die magische zw\u00f6lfte Woche, von der so oft gesagt wird, dass bis hierhin noch so viel schief gehen kann. Wir verk\u00fcndeten auf Arbeit die frohe Botschaft und weihten diesmal auch unsere Familie ein. <\/p>\n\n\n\n<p>Nun erfuhren Sie auch von unserem ersten Sternenkind Sascha. Beim Ultraschall um die 15\/16 Schwangerschaftswoche rum war alles in Ordnung. Nat\u00fcrlich war die Angst immer dabei, aber ich schaute positiv in die Zukunft. <\/p>\n\n\n\n<p>Der 6. November 2016 lie\u00df ein zweites Mal in meinem Leben mein Herz brechen. Als ich an jenem Abend zu Bett ging, merkte ich leichte Schmierblutungen. Auch wenn es diesmal anders und sp\u00e4ter war \u2013 ich wusste bereits in diesem Augenblick, dass unsere Geschichte sich wiederholen sollte. Ich hatte einfach dieses Gef\u00fchl. Meine Mama fuhr mich sofort ins Krankenhaus, wo ich diesmal, Gott sei dank, relativ schnell untersucht wurde. Ich lag zitternd auf der Untersuchungsliege und konnte den Blick nicht vom Bildschirm abwenden. Ich hoffte so sehr, mein Kind wohlbehalten und gesund auf dem Monitor zu erkennen, aber schon beim ersten Blick darauf sah ich Henry still und friedlich, ohne einen Herzschlag, ohne eine einzige Bewegung. Als ob er nur schlafen w\u00fcrde. <\/p>\n\n\n\n<h2 class=\"wp-block-heading\">Alptraum zum Zweiten<\/h2>\n\n\n\n<p>Mir jedoch war sofort klar, dass das schlimmste, was mir passieren konnte, eingetreten war. Der Arzt schallte minutenlang, als ob er nicht glauben k\u00f6nnte, was er dort sah. Tats\u00e4chlich fragte er mich dann auch, ob ich in den letzten Tagen gest\u00fcrzt w\u00e4re, oder irgendetwas au\u00dfergew\u00f6hnliches passiert w\u00e4re. Als ich ihm sagte, dass vor knapp 3 Wochen bei der Vorsorgeuntersuchung noch alles ok gewesen w\u00e4re, schaute er mich traurig und fassungslos an. Er hatte wohl noch nicht oft in dieser Situation gesteckt. Welch ein Gl\u00fcck f\u00fcr ihn. Und vielleicht auch f\u00fcr mich. Nicht selten las ich sp\u00e4ter noch von Sternenm\u00fcttern, die mehr oder weniger &#8222;abgefertigt&#8220; wurden, weil es eben inzwischen zum Alltag auf der Gyn\u00e4kologie eines Krankenhauses geworden ist.<\/p>\n\n\n\n<p>Am 07.11 um 22:05 brachte ich unseren Henry in der 18 Schwangerschaftswoche still zur Welt. Wie bei unserem ersten Kind hatte das Herz aufgeh\u00f6rt zu schlagen, unser Henry war wahrscheinlich schon einige Tage verstorben. Wenige Wochen sp\u00e4ter wurde unser Henry mit den anderen Sternenkindern in meiner Heimatstadt beigesetzt. Mir ist es ein gewisser Trost zu wissen, dass er nicht alleine in seinem Erdenbettchen liegt. Ein eigenes Grab f\u00fcr mein Kind konnte ich mir damals und auch heute nicht vorstellen. Auch wenn wir \u00fcber 400km weit weg wohnen, ist alles genauso wie es sein soll. Mein Papa wohnt nicht weit weg von Henrys Erdenbettchen und inzwischen kennt auch unsere Tochter Isabella das Grab Ihres Bruders.<\/p>\n\n\n\n<figure class=\"wp-block-image size-large\"><img data-recalc-dims=\"1\" decoding=\"async\" width=\"640\" height=\"384\" src=\"https:\/\/i0.wp.com\/mama-kann-das.com\/wp-content\/uploads\/2021\/05\/sternenkinder-Liebe-Trauer-Gedanken.jpg?resize=640%2C384&#038;ssl=1\" alt=\"Mary m\u00f6chte mit dem Tabuthema Sternenkinder brechen.\" class=\"wp-image-740\" srcset=\"https:\/\/i0.wp.com\/mama-kann-das.com\/wp-content\/uploads\/2021\/05\/sternenkinder-Liebe-Trauer-Gedanken.jpg?w=663&amp;ssl=1 663w, https:\/\/i0.wp.com\/mama-kann-das.com\/wp-content\/uploads\/2021\/05\/sternenkinder-Liebe-Trauer-Gedanken.jpg?resize=600%2C360&amp;ssl=1 600w, https:\/\/i0.wp.com\/mama-kann-das.com\/wp-content\/uploads\/2021\/05\/sternenkinder-Liebe-Trauer-Gedanken.jpg?resize=300%2C180&amp;ssl=1 300w\" sizes=\"(max-width: 640px) 100vw, 640px\" \/><\/figure>\n\n\n\n<p><\/p>\n\n\n\n<h2 class=\"wp-block-heading\">Eine gl\u00fcckliche F\u00fcgung<\/h2>\n\n\n\n<p>Denn tats\u00e4chlich sind wir seit September 2016 Eltern einer wunderbaren Tochter. Ganz unverhofft und dank einer wirklich gl\u00fccklichen F\u00fcgung wurde ich im n\u00e4chsten Zyklus nach der stillen Geburt unseres Henrys erneut schwanger.Meine Frauen\u00e4rztin sorgte noch Anfang Dezember daf\u00fcr, dass ich bei einem Spezialisten f\u00fcr Blutgerinnung vorstellig wurde. Eine fr\u00fche und eine sp\u00e4te Fehlgeburt waren ihr Grund genug, nicht noch eine weitere Fehlgeburt abzuwarten. Mitte Januar erhielt ich die Ergebnisse des Gerinnungsspezialisten: Auf Grund einer vererbbaren Gerinnungsst\u00f6rung hatte keines unserer zwei Kinder eine \u00dcberlebenschance gehabt. Gott sei Dank erhielt ich die Ergebnisse so kurz nach dem positiven Schwangerschaftstest denn so konnte ich in der Schwangerschaft mit meiner Tochter Heparin spritzen und daf\u00fcr Sorge tragen, dass mein drittes Kind richtig versorgt wird. <\/p>\n\n\n\n<p>Die Schwangerschaft war gepr\u00e4gt von Vorfreude auf der einen, aber Unsicherheit und Angst auf der anderen Seite. Doch diesmal sollten wir am Ende unser gr\u00f6\u00dftes Gl\u00fcck in den Armen halten: seit dem 11.09.2016 sind wir Eltern unseres Regenbogenbabys Isabella Gisele.<\/p>\n\n\n\n<h2 class=\"wp-block-heading\">Unsere Sternenkinder &#8211; Unvergessen<\/h2>\n\n\n\n<p>Unser Schmerz wird durch unsere Tochter nicht weniger, niemand kann unseren Verlust mildern. Aber unsere Tochter ist ein Zeichen daf\u00fcr, dass es sich lohnt, die Hoffnung nicht aufzugeben. Wir gehen Ihr gegen\u00fcber mit dem Thema &#8222;Tod, Trauer und Verlust&#8220; ganz offen um. Sie wei\u00df , dass ich 2 Kinder verloren habe. Wir sprechen offen und ehrlich dar\u00fcber, dass das Leben endlich ist. Vergangenen Sommer hat sie das Grab Ihres Bruders besucht und dort die Bl\u00fcmchen gegossen und hier bei uns im Bergischen gehen wir manchmal (so morbide das klingt) auf dem Friedhof spazieren. Zum Sternengeburtstag Ihrer Br\u00fcder backen wir jedes Jahr einen Kuchen. Auch wenn sie nicht mit uns auf Erden verweilen k\u00f6nnen, so tragen wir sie doch immer im Herzen.<\/p>\n\n\n\n<p>Herzlichen Dank, liebe Mary, f\u00fcrs Teilen deiner Erfahrungen. Hast du \u00e4hnliches erlebt wie Mary? Oder hast du Fragen an sie? Schreib sie mir gerne in die Kommentare oder besuch sie auf ihrem <a href=\"https:\/\/marylouloves.com\/\" target=\"_blank\" rel=\"noreferrer noopener\">Blog<\/a>.<\/p>\n","protected":false},"excerpt":{"rendered":"<p>Still und leise war mein Kind gegangen, ohne dass ich es gemerkt hatte. Ich bin Mary, 36 Jahre jung und schreibe einen Mamablog namens MaryLouloves \u00fcber mein Regenbogenkind Isabella. Der Weg zu unserem Wunschkind war nicht immer einfach, denn neben&#8230;<\/p>\n","protected":false},"author":1,"featured_media":738,"comment_status":"open","ping_status":"open","sticky":false,"template":"","format":"standard","meta":{"jetpack_post_was_ever_published":false,"_jetpack_newsletter_access":"","_jetpack_dont_email_post_to_subs":false,"_jetpack_newsletter_tier_id":0,"_jetpack_memberships_contains_paywalled_content":false,"_jetpack_memberships_contains_paid_content":false,"footnotes":""},"categories":[9,27,16,24],"tags":[10,15,11,82,97,13,95,96],"class_list":["post-737","post","type-post","status-publish","format-standard","has-post-thumbnail","hentry","category-baby-kleinkind","category-lieben","category-mama-papa","category-schwangerschaft-geburt","tag-baby","tag-familie","tag-geburt","tag-kinder","tag-komplikationen","tag-schwangerschaft","tag-sternenkinder","tag-tabu"],"yoast_head":"<!-- This site is optimized with the Yoast SEO plugin v27.4 - https:\/\/yoast.com\/product\/yoast-seo-wordpress\/ -->\n<title>Sternenkinder - eine Mama erz\u00e4hlt - mama-kann-das<\/title>\n<meta name=\"description\" content=\"Sternenkinder sind auch heute noch oftmals ein Tabuthema. Mit diesem m\u00f6chte Mary brechen &amp; erz\u00e4hlt heute von ihren beiden Sternchen &amp; ihrem gr\u00f6ssten Gl\u00fcck.\" \/>\n<meta name=\"robots\" content=\"index, follow, max-snippet:-1, max-image-preview:large, max-video-preview:-1\" \/>\n<link rel=\"canonical\" href=\"https:\/\/mama-kann-das.com\/index.php\/2021\/05\/18\/sternenkinder\/\" \/>\n<meta property=\"og:locale\" content=\"de_DE\" \/>\n<meta property=\"og:type\" content=\"article\" \/>\n<meta property=\"og:title\" content=\"Sternenkinder - eine Mama erz\u00e4hlt - mama-kann-das\" \/>\n<meta property=\"og:description\" content=\"Sternenkinder sind auch heute noch oftmals ein Tabuthema. Mit diesem m\u00f6chte Mary brechen &amp; erz\u00e4hlt heute von ihren beiden Sternchen &amp; ihrem gr\u00f6ssten Gl\u00fcck.\" \/>\n<meta property=\"og:url\" content=\"https:\/\/mama-kann-das.com\/index.php\/2021\/05\/18\/sternenkinder\/\" \/>\n<meta property=\"og:site_name\" content=\"mama-kann-das\" \/>\n<meta property=\"article:author\" content=\"facebook.com\/corinakanndas\" \/>\n<meta property=\"article:published_time\" content=\"2021-05-18T08:35:00+00:00\" \/>\n<meta property=\"og:image\" content=\"https:\/\/mama-kann-das.com\/wp-content\/uploads\/2021\/05\/sternenkinder-Grab-Sarg.jpg\" \/>\n\t<meta property=\"og:image:width\" content=\"663\" \/>\n\t<meta property=\"og:image:height\" content=\"398\" \/>\n\t<meta property=\"og:image:type\" content=\"image\/jpeg\" \/>\n<meta name=\"author\" content=\"Corina\" \/>\n<meta name=\"twitter:card\" content=\"summary_large_image\" \/>\n<meta name=\"twitter:label1\" content=\"Verfasst von\" \/>\n\t<meta name=\"twitter:data1\" content=\"Corina\" \/>\n\t<meta name=\"twitter:label2\" content=\"Gesch\u00e4tzte Lesezeit\" \/>\n\t<meta name=\"twitter:data2\" content=\"7\u00a0Minuten\" \/>\n<script type=\"application\/ld+json\" class=\"yoast-schema-graph\">{\"@context\":\"https:\\\/\\\/schema.org\",\"@graph\":[{\"@type\":\"Article\",\"@id\":\"https:\\\/\\\/mama-kann-das.com\\\/index.php\\\/2021\\\/05\\\/18\\\/sternenkinder\\\/#article\",\"isPartOf\":{\"@id\":\"https:\\\/\\\/mama-kann-das.com\\\/index.php\\\/2021\\\/05\\\/18\\\/sternenkinder\\\/\"},\"author\":{\"name\":\"Corina\",\"@id\":\"https:\\\/\\\/mama-kann-das.com\\\/#\\\/schema\\\/person\\\/83df833a52d90404e3f21603b1cf9e58\"},\"headline\":\"Sternenkinder &#8211; eine Mama erz\u00e4hlt\",\"datePublished\":\"2021-05-18T08:35:00+00:00\",\"mainEntityOfPage\":{\"@id\":\"https:\\\/\\\/mama-kann-das.com\\\/index.php\\\/2021\\\/05\\\/18\\\/sternenkinder\\\/\"},\"wordCount\":1359,\"commentCount\":2,\"publisher\":{\"@id\":\"https:\\\/\\\/mama-kann-das.com\\\/#organization\"},\"image\":{\"@id\":\"https:\\\/\\\/mama-kann-das.com\\\/index.php\\\/2021\\\/05\\\/18\\\/sternenkinder\\\/#primaryimage\"},\"thumbnailUrl\":\"https:\\\/\\\/i0.wp.com\\\/mama-kann-das.com\\\/wp-content\\\/uploads\\\/2021\\\/05\\\/sternenkinder-Grab-Sarg.jpg?fit=663%2C398&ssl=1\",\"keywords\":[\"Baby\",\"Familie\",\"Geburt\",\"Kinder\",\"Komplikationen\",\"Schwangerschaft\",\"Sternenkinder\",\"Tabu\"],\"articleSection\":[\"Baby &amp; Kleinkind\",\"Lieben\",\"Mama &amp; Papa\",\"Schwangerschaft &amp; Geburt\"],\"inLanguage\":\"de\",\"potentialAction\":[{\"@type\":\"CommentAction\",\"name\":\"Comment\",\"target\":[\"https:\\\/\\\/mama-kann-das.com\\\/index.php\\\/2021\\\/05\\\/18\\\/sternenkinder\\\/#respond\"]}]},{\"@type\":\"WebPage\",\"@id\":\"https:\\\/\\\/mama-kann-das.com\\\/index.php\\\/2021\\\/05\\\/18\\\/sternenkinder\\\/\",\"url\":\"https:\\\/\\\/mama-kann-das.com\\\/index.php\\\/2021\\\/05\\\/18\\\/sternenkinder\\\/\",\"name\":\"Sternenkinder - eine Mama erz\u00e4hlt - mama-kann-das\",\"isPartOf\":{\"@id\":\"https:\\\/\\\/mama-kann-das.com\\\/#website\"},\"primaryImageOfPage\":{\"@id\":\"https:\\\/\\\/mama-kann-das.com\\\/index.php\\\/2021\\\/05\\\/18\\\/sternenkinder\\\/#primaryimage\"},\"image\":{\"@id\":\"https:\\\/\\\/mama-kann-das.com\\\/index.php\\\/2021\\\/05\\\/18\\\/sternenkinder\\\/#primaryimage\"},\"thumbnailUrl\":\"https:\\\/\\\/i0.wp.com\\\/mama-kann-das.com\\\/wp-content\\\/uploads\\\/2021\\\/05\\\/sternenkinder-Grab-Sarg.jpg?fit=663%2C398&ssl=1\",\"datePublished\":\"2021-05-18T08:35:00+00:00\",\"description\":\"Sternenkinder sind auch heute noch oftmals ein Tabuthema. Mit diesem m\u00f6chte Mary brechen & erz\u00e4hlt heute von ihren beiden Sternchen & ihrem gr\u00f6ssten Gl\u00fcck.\",\"breadcrumb\":{\"@id\":\"https:\\\/\\\/mama-kann-das.com\\\/index.php\\\/2021\\\/05\\\/18\\\/sternenkinder\\\/#breadcrumb\"},\"inLanguage\":\"de\",\"potentialAction\":[{\"@type\":\"ReadAction\",\"target\":[\"https:\\\/\\\/mama-kann-das.com\\\/index.php\\\/2021\\\/05\\\/18\\\/sternenkinder\\\/\"]}]},{\"@type\":\"ImageObject\",\"inLanguage\":\"de\",\"@id\":\"https:\\\/\\\/mama-kann-das.com\\\/index.php\\\/2021\\\/05\\\/18\\\/sternenkinder\\\/#primaryimage\",\"url\":\"https:\\\/\\\/i0.wp.com\\\/mama-kann-das.com\\\/wp-content\\\/uploads\\\/2021\\\/05\\\/sternenkinder-Grab-Sarg.jpg?fit=663%2C398&ssl=1\",\"contentUrl\":\"https:\\\/\\\/i0.wp.com\\\/mama-kann-das.com\\\/wp-content\\\/uploads\\\/2021\\\/05\\\/sternenkinder-Grab-Sarg.jpg?fit=663%2C398&ssl=1\",\"width\":663,\"height\":398,\"caption\":\"Sternenkinder gelten immer noch als Tabuthema.\"},{\"@type\":\"BreadcrumbList\",\"@id\":\"https:\\\/\\\/mama-kann-das.com\\\/index.php\\\/2021\\\/05\\\/18\\\/sternenkinder\\\/#breadcrumb\",\"itemListElement\":[{\"@type\":\"ListItem\",\"position\":1,\"name\":\"Startseite\",\"item\":\"https:\\\/\\\/mama-kann-das.com\\\/\"},{\"@type\":\"ListItem\",\"position\":2,\"name\":\"Sternenkinder &#8211; eine Mama erz\u00e4hlt\"}]},{\"@type\":\"WebSite\",\"@id\":\"https:\\\/\\\/mama-kann-das.com\\\/#website\",\"url\":\"https:\\\/\\\/mama-kann-das.com\\\/\",\"name\":\"mama-kann-das\",\"description\":\"gelassen durch den Familienalltag\",\"publisher\":{\"@id\":\"https:\\\/\\\/mama-kann-das.com\\\/#organization\"},\"potentialAction\":[{\"@type\":\"SearchAction\",\"target\":{\"@type\":\"EntryPoint\",\"urlTemplate\":\"https:\\\/\\\/mama-kann-das.com\\\/?s={search_term_string}\"},\"query-input\":{\"@type\":\"PropertyValueSpecification\",\"valueRequired\":true,\"valueName\":\"search_term_string\"}}],\"inLanguage\":\"de\"},{\"@type\":\"Organization\",\"@id\":\"https:\\\/\\\/mama-kann-das.com\\\/#organization\",\"name\":\"mama-kann-das\",\"url\":\"https:\\\/\\\/mama-kann-das.com\\\/\",\"logo\":{\"@type\":\"ImageObject\",\"inLanguage\":\"de\",\"@id\":\"https:\\\/\\\/mama-kann-das.com\\\/#\\\/schema\\\/logo\\\/image\\\/\",\"url\":\"https:\\\/\\\/i0.wp.com\\\/mama-kann-das.com\\\/wp-content\\\/uploads\\\/2026\\\/01\\\/cropped-Banner-neu-1.png?fit=1243%2C351&ssl=1\",\"contentUrl\":\"https:\\\/\\\/i0.wp.com\\\/mama-kann-das.com\\\/wp-content\\\/uploads\\\/2026\\\/01\\\/cropped-Banner-neu-1.png?fit=1243%2C351&ssl=1\",\"width\":1243,\"height\":351,\"caption\":\"mama-kann-das\"},\"image\":{\"@id\":\"https:\\\/\\\/mama-kann-das.com\\\/#\\\/schema\\\/logo\\\/image\\\/\"}},{\"@type\":\"Person\",\"@id\":\"https:\\\/\\\/mama-kann-das.com\\\/#\\\/schema\\\/person\\\/83df833a52d90404e3f21603b1cf9e58\",\"name\":\"Corina\",\"image\":{\"@type\":\"ImageObject\",\"inLanguage\":\"de\",\"@id\":\"https:\\\/\\\/secure.gravatar.com\\\/avatar\\\/791919cd4962f2a440718b8180fea719c288cc66c4bc5413544ada69564aa24f?s=96&d=mm&r=g\",\"url\":\"https:\\\/\\\/secure.gravatar.com\\\/avatar\\\/791919cd4962f2a440718b8180fea719c288cc66c4bc5413544ada69564aa24f?s=96&d=mm&r=g\",\"contentUrl\":\"https:\\\/\\\/secure.gravatar.com\\\/avatar\\\/791919cd4962f2a440718b8180fea719c288cc66c4bc5413544ada69564aa24f?s=96&d=mm&r=g\",\"caption\":\"Corina\"},\"sameAs\":[\"https:\\\/\\\/mama-kann-das.com\",\"facebook.com\\\/corinakanndas\",\"instagram.com\\\/mama.kann.das\"],\"url\":\"https:\\\/\\\/mama-kann-das.com\\\/index.php\\\/author\\\/c_zimmermann_l38n2d31\\\/\"}]}<\/script>\n<!-- \/ Yoast SEO plugin. -->","yoast_head_json":{"title":"Sternenkinder - eine Mama erz\u00e4hlt - mama-kann-das","description":"Sternenkinder sind auch heute noch oftmals ein Tabuthema. Mit diesem m\u00f6chte Mary brechen & erz\u00e4hlt heute von ihren beiden Sternchen & ihrem gr\u00f6ssten Gl\u00fcck.","robots":{"index":"index","follow":"follow","max-snippet":"max-snippet:-1","max-image-preview":"max-image-preview:large","max-video-preview":"max-video-preview:-1"},"canonical":"https:\/\/mama-kann-das.com\/index.php\/2021\/05\/18\/sternenkinder\/","og_locale":"de_DE","og_type":"article","og_title":"Sternenkinder - eine Mama erz\u00e4hlt - mama-kann-das","og_description":"Sternenkinder sind auch heute noch oftmals ein Tabuthema. Mit diesem m\u00f6chte Mary brechen & erz\u00e4hlt heute von ihren beiden Sternchen & ihrem gr\u00f6ssten Gl\u00fcck.","og_url":"https:\/\/mama-kann-das.com\/index.php\/2021\/05\/18\/sternenkinder\/","og_site_name":"mama-kann-das","article_author":"facebook.com\/corinakanndas","article_published_time":"2021-05-18T08:35:00+00:00","og_image":[{"width":663,"height":398,"url":"https:\/\/mama-kann-das.com\/wp-content\/uploads\/2021\/05\/sternenkinder-Grab-Sarg.jpg","type":"image\/jpeg"}],"author":"Corina","twitter_card":"summary_large_image","twitter_misc":{"Verfasst von":"Corina","Gesch\u00e4tzte Lesezeit":"7\u00a0Minuten"},"schema":{"@context":"https:\/\/schema.org","@graph":[{"@type":"Article","@id":"https:\/\/mama-kann-das.com\/index.php\/2021\/05\/18\/sternenkinder\/#article","isPartOf":{"@id":"https:\/\/mama-kann-das.com\/index.php\/2021\/05\/18\/sternenkinder\/"},"author":{"name":"Corina","@id":"https:\/\/mama-kann-das.com\/#\/schema\/person\/83df833a52d90404e3f21603b1cf9e58"},"headline":"Sternenkinder &#8211; eine Mama erz\u00e4hlt","datePublished":"2021-05-18T08:35:00+00:00","mainEntityOfPage":{"@id":"https:\/\/mama-kann-das.com\/index.php\/2021\/05\/18\/sternenkinder\/"},"wordCount":1359,"commentCount":2,"publisher":{"@id":"https:\/\/mama-kann-das.com\/#organization"},"image":{"@id":"https:\/\/mama-kann-das.com\/index.php\/2021\/05\/18\/sternenkinder\/#primaryimage"},"thumbnailUrl":"https:\/\/i0.wp.com\/mama-kann-das.com\/wp-content\/uploads\/2021\/05\/sternenkinder-Grab-Sarg.jpg?fit=663%2C398&ssl=1","keywords":["Baby","Familie","Geburt","Kinder","Komplikationen","Schwangerschaft","Sternenkinder","Tabu"],"articleSection":["Baby &amp; Kleinkind","Lieben","Mama &amp; Papa","Schwangerschaft &amp; Geburt"],"inLanguage":"de","potentialAction":[{"@type":"CommentAction","name":"Comment","target":["https:\/\/mama-kann-das.com\/index.php\/2021\/05\/18\/sternenkinder\/#respond"]}]},{"@type":"WebPage","@id":"https:\/\/mama-kann-das.com\/index.php\/2021\/05\/18\/sternenkinder\/","url":"https:\/\/mama-kann-das.com\/index.php\/2021\/05\/18\/sternenkinder\/","name":"Sternenkinder - eine Mama erz\u00e4hlt - mama-kann-das","isPartOf":{"@id":"https:\/\/mama-kann-das.com\/#website"},"primaryImageOfPage":{"@id":"https:\/\/mama-kann-das.com\/index.php\/2021\/05\/18\/sternenkinder\/#primaryimage"},"image":{"@id":"https:\/\/mama-kann-das.com\/index.php\/2021\/05\/18\/sternenkinder\/#primaryimage"},"thumbnailUrl":"https:\/\/i0.wp.com\/mama-kann-das.com\/wp-content\/uploads\/2021\/05\/sternenkinder-Grab-Sarg.jpg?fit=663%2C398&ssl=1","datePublished":"2021-05-18T08:35:00+00:00","description":"Sternenkinder sind auch heute noch oftmals ein Tabuthema. Mit diesem m\u00f6chte Mary brechen & erz\u00e4hlt heute von ihren beiden Sternchen & ihrem gr\u00f6ssten Gl\u00fcck.","breadcrumb":{"@id":"https:\/\/mama-kann-das.com\/index.php\/2021\/05\/18\/sternenkinder\/#breadcrumb"},"inLanguage":"de","potentialAction":[{"@type":"ReadAction","target":["https:\/\/mama-kann-das.com\/index.php\/2021\/05\/18\/sternenkinder\/"]}]},{"@type":"ImageObject","inLanguage":"de","@id":"https:\/\/mama-kann-das.com\/index.php\/2021\/05\/18\/sternenkinder\/#primaryimage","url":"https:\/\/i0.wp.com\/mama-kann-das.com\/wp-content\/uploads\/2021\/05\/sternenkinder-Grab-Sarg.jpg?fit=663%2C398&ssl=1","contentUrl":"https:\/\/i0.wp.com\/mama-kann-das.com\/wp-content\/uploads\/2021\/05\/sternenkinder-Grab-Sarg.jpg?fit=663%2C398&ssl=1","width":663,"height":398,"caption":"Sternenkinder gelten immer noch als Tabuthema."},{"@type":"BreadcrumbList","@id":"https:\/\/mama-kann-das.com\/index.php\/2021\/05\/18\/sternenkinder\/#breadcrumb","itemListElement":[{"@type":"ListItem","position":1,"name":"Startseite","item":"https:\/\/mama-kann-das.com\/"},{"@type":"ListItem","position":2,"name":"Sternenkinder &#8211; eine Mama erz\u00e4hlt"}]},{"@type":"WebSite","@id":"https:\/\/mama-kann-das.com\/#website","url":"https:\/\/mama-kann-das.com\/","name":"mama-kann-das","description":"gelassen durch den Familienalltag","publisher":{"@id":"https:\/\/mama-kann-das.com\/#organization"},"potentialAction":[{"@type":"SearchAction","target":{"@type":"EntryPoint","urlTemplate":"https:\/\/mama-kann-das.com\/?s={search_term_string}"},"query-input":{"@type":"PropertyValueSpecification","valueRequired":true,"valueName":"search_term_string"}}],"inLanguage":"de"},{"@type":"Organization","@id":"https:\/\/mama-kann-das.com\/#organization","name":"mama-kann-das","url":"https:\/\/mama-kann-das.com\/","logo":{"@type":"ImageObject","inLanguage":"de","@id":"https:\/\/mama-kann-das.com\/#\/schema\/logo\/image\/","url":"https:\/\/i0.wp.com\/mama-kann-das.com\/wp-content\/uploads\/2026\/01\/cropped-Banner-neu-1.png?fit=1243%2C351&ssl=1","contentUrl":"https:\/\/i0.wp.com\/mama-kann-das.com\/wp-content\/uploads\/2026\/01\/cropped-Banner-neu-1.png?fit=1243%2C351&ssl=1","width":1243,"height":351,"caption":"mama-kann-das"},"image":{"@id":"https:\/\/mama-kann-das.com\/#\/schema\/logo\/image\/"}},{"@type":"Person","@id":"https:\/\/mama-kann-das.com\/#\/schema\/person\/83df833a52d90404e3f21603b1cf9e58","name":"Corina","image":{"@type":"ImageObject","inLanguage":"de","@id":"https:\/\/secure.gravatar.com\/avatar\/791919cd4962f2a440718b8180fea719c288cc66c4bc5413544ada69564aa24f?s=96&d=mm&r=g","url":"https:\/\/secure.gravatar.com\/avatar\/791919cd4962f2a440718b8180fea719c288cc66c4bc5413544ada69564aa24f?s=96&d=mm&r=g","contentUrl":"https:\/\/secure.gravatar.com\/avatar\/791919cd4962f2a440718b8180fea719c288cc66c4bc5413544ada69564aa24f?s=96&d=mm&r=g","caption":"Corina"},"sameAs":["https:\/\/mama-kann-das.com","facebook.com\/corinakanndas","instagram.com\/mama.kann.das"],"url":"https:\/\/mama-kann-das.com\/index.php\/author\/c_zimmermann_l38n2d31\/"}]}},"jetpack_featured_media_url":"https:\/\/i0.wp.com\/mama-kann-das.com\/wp-content\/uploads\/2021\/05\/sternenkinder-Grab-Sarg.jpg?fit=663%2C398&ssl=1","jetpack_sharing_enabled":true,"_links":{"self":[{"href":"https:\/\/mama-kann-das.com\/index.php\/wp-json\/wp\/v2\/posts\/737","targetHints":{"allow":["GET"]}}],"collection":[{"href":"https:\/\/mama-kann-das.com\/index.php\/wp-json\/wp\/v2\/posts"}],"about":[{"href":"https:\/\/mama-kann-das.com\/index.php\/wp-json\/wp\/v2\/types\/post"}],"author":[{"embeddable":true,"href":"https:\/\/mama-kann-das.com\/index.php\/wp-json\/wp\/v2\/users\/1"}],"replies":[{"embeddable":true,"href":"https:\/\/mama-kann-das.com\/index.php\/wp-json\/wp\/v2\/comments?post=737"}],"version-history":[{"count":1,"href":"https:\/\/mama-kann-das.com\/index.php\/wp-json\/wp\/v2\/posts\/737\/revisions"}],"predecessor-version":[{"id":741,"href":"https:\/\/mama-kann-das.com\/index.php\/wp-json\/wp\/v2\/posts\/737\/revisions\/741"}],"wp:featuredmedia":[{"embeddable":true,"href":"https:\/\/mama-kann-das.com\/index.php\/wp-json\/wp\/v2\/media\/738"}],"wp:attachment":[{"href":"https:\/\/mama-kann-das.com\/index.php\/wp-json\/wp\/v2\/media?parent=737"}],"wp:term":[{"taxonomy":"category","embeddable":true,"href":"https:\/\/mama-kann-das.com\/index.php\/wp-json\/wp\/v2\/categories?post=737"},{"taxonomy":"post_tag","embeddable":true,"href":"https:\/\/mama-kann-das.com\/index.php\/wp-json\/wp\/v2\/tags?post=737"}],"curies":[{"name":"wp","href":"https:\/\/api.w.org\/{rel}","templated":true}]}}