{"id":673,"date":"2021-03-23T07:00:00","date_gmt":"2021-03-23T07:00:00","guid":{"rendered":"https:\/\/mama-kann-das.com\/?p=673"},"modified":"2021-03-21T12:53:20","modified_gmt":"2021-03-21T12:53:20","slug":"oster-deko-mit-kleinkindern","status":"publish","type":"post","link":"https:\/\/mama-kann-das.com\/index.php\/2021\/03\/23\/oster-deko-mit-kleinkindern\/","title":{"rendered":"Oster-Deko f\u00fcrs Fenster &#8211; basteln mit Kleinkindern"},"content":{"rendered":"\n<p>Berufsbedingt bastle und dekoriere ich ziemlich viel. Zu Hause fehlt mir aber oft die Zeit und meist kommt es mir erst in den Sinn, wenn die Feiertage vorbei sind. F\u00fcr dieses Jahr habe ich mir fest vorgenommen, rechtzeitig ein wenig Oster-Stimmung zu verbreiten.<\/p>\n\n\n\n<p>Dieses Wochenende haben wir es tats\u00e4chlich geschafft, zumindest ein wenig Oster-Freuden an die Fenster zu zaubern. Wie gewohnt, schnell und einfach und auch f\u00fcr kleine Kinderh\u00e4nde gemacht.<\/p>\n\n\n\n<h2 class=\"wp-block-heading\">Oster-Freuden f\u00fcrs Fenster<\/h2>\n\n\n\n<p>F\u00fcr die Ostereier braucht ihr nicht viel:<\/p>\n\n\n\n<div class=\"wp-block-image\"><figure class=\"alignright size-large is-resized\"><img data-recalc-dims=\"1\" fetchpriority=\"high\" decoding=\"async\" src=\"https:\/\/i0.wp.com\/mama-kann-das.com\/wp-content\/uploads\/2021\/03\/161576394_123296133089236_5937602551805948816_n-1.jpg?resize=242%2C324&#038;ssl=1\" alt=\"\" class=\"wp-image-676\" width=\"242\" height=\"324\" srcset=\"https:\/\/i0.wp.com\/mama-kann-das.com\/wp-content\/uploads\/2021\/03\/161576394_123296133089236_5937602551805948816_n-1.jpg?resize=764%2C1024&amp;ssl=1 764w, https:\/\/i0.wp.com\/mama-kann-das.com\/wp-content\/uploads\/2021\/03\/161576394_123296133089236_5937602551805948816_n-1.jpg?resize=600%2C804&amp;ssl=1 600w, https:\/\/i0.wp.com\/mama-kann-das.com\/wp-content\/uploads\/2021\/03\/161576394_123296133089236_5937602551805948816_n-1.jpg?resize=224%2C300&amp;ssl=1 224w, https:\/\/i0.wp.com\/mama-kann-das.com\/wp-content\/uploads\/2021\/03\/161576394_123296133089236_5937602551805948816_n-1.jpg?resize=768%2C1029&amp;ssl=1 768w, https:\/\/i0.wp.com\/mama-kann-das.com\/wp-content\/uploads\/2021\/03\/161576394_123296133089236_5937602551805948816_n-1.jpg?resize=1146%2C1536&amp;ssl=1 1146w, https:\/\/i0.wp.com\/mama-kann-das.com\/wp-content\/uploads\/2021\/03\/161576394_123296133089236_5937602551805948816_n-1.jpg?w=1504&amp;ssl=1 1504w, https:\/\/i0.wp.com\/mama-kann-das.com\/wp-content\/uploads\/2021\/03\/161576394_123296133089236_5937602551805948816_n-1.jpg?w=1280&amp;ssl=1 1280w\" sizes=\"(max-width: 242px) 100vw, 242px\" \/><\/figure><\/div>\n\n\n\n<ul class=\"wp-block-list\"><li>ein paar Bl\u00e4tter weisses Papier<\/li><li>Filzstifte<\/li><li>Schere<\/li><li>Pinsel<\/li><li>wenig \u00d6l<\/li><\/ul>\n\n\n\n<p>Mein Mann hat uns eine Eier-Vorlage gezeichnet (ja, ich bin so Zeichentalent-frei, dass ich sogar bei einem Ei Hilfe brauche \ud83d\ude42 ), da der Drucker keine Tinte mehr hatte. Die haben wir mit einfachen Filzstiften bemalt und ausgeschnitten.<\/p>\n\n\n\n<p>Mit Hilfe des Pinsels (ganz kleine Kinder k\u00f6nnen nat\u00fcrlich auch die Finger nehmen) trugen wir das \u00d6l d\u00fcnn aufs Papier auf, damit die Farben durchscheinen.<\/p>\n\n\n\n<p>Ans Fenster kleben, fertig ist die schnelle Oster-Deko.<\/p>\n\n\n\n<div class=\"wp-block-image\"><figure class=\"aligncenter size-large is-resized\"><img data-recalc-dims=\"1\" decoding=\"async\" src=\"https:\/\/i0.wp.com\/mama-kann-das.com\/wp-content\/uploads\/2021\/03\/161751679_2806981762883534_3183003173783779723_n.jpg?resize=355%2C475&#038;ssl=1\" alt=\"So einfach geht die schnelle Oster-Deko f\u00fcrs Fenster\" class=\"wp-image-677\" width=\"355\" height=\"475\" srcset=\"https:\/\/i0.wp.com\/mama-kann-das.com\/wp-content\/uploads\/2021\/03\/161751679_2806981762883534_3183003173783779723_n.jpg?resize=764%2C1024&amp;ssl=1 764w, https:\/\/i0.wp.com\/mama-kann-das.com\/wp-content\/uploads\/2021\/03\/161751679_2806981762883534_3183003173783779723_n.jpg?resize=600%2C804&amp;ssl=1 600w, https:\/\/i0.wp.com\/mama-kann-das.com\/wp-content\/uploads\/2021\/03\/161751679_2806981762883534_3183003173783779723_n.jpg?resize=224%2C300&amp;ssl=1 224w, https:\/\/i0.wp.com\/mama-kann-das.com\/wp-content\/uploads\/2021\/03\/161751679_2806981762883534_3183003173783779723_n.jpg?resize=768%2C1029&amp;ssl=1 768w, https:\/\/i0.wp.com\/mama-kann-das.com\/wp-content\/uploads\/2021\/03\/161751679_2806981762883534_3183003173783779723_n.jpg?resize=1146%2C1536&amp;ssl=1 1146w, https:\/\/i0.wp.com\/mama-kann-das.com\/wp-content\/uploads\/2021\/03\/161751679_2806981762883534_3183003173783779723_n.jpg?w=1504&amp;ssl=1 1504w, https:\/\/i0.wp.com\/mama-kann-das.com\/wp-content\/uploads\/2021\/03\/161751679_2806981762883534_3183003173783779723_n.jpg?w=1280&amp;ssl=1 1280w\" sizes=\"(max-width: 355px) 100vw, 355px\" \/><\/figure><\/div>\n\n\n\n<p><\/p>\n\n\n\n<p>Der Trick mit dem \u00d6l funktioniert \u00fcbrigens f\u00fcr so ziemlich alle Jahreszeiten und Festtage. Im Fr\u00fchling und Sommer kann man Blumen und Schmetterlinge machen, im Herbst farbige Bl\u00e4tter und im Winter leuchtende Sterne.<\/p>\n\n\n\n<p>Falls dein Kind gerade keine Lust hat zu malen, kannst du auch einfach aus bereits fertigen Zeichnungen Eier ausschneiden und diese mit \u00d6l bepinseln. So bekommen die Kunstwerke ein neues Leben und eure Kinder freuen sich bestimmt, sie am Fenster leuchten zu sehen.<\/p>\n\n\n\n<p>Brauchst du noch Ideen f\u00fcr schnelle Ostergeschenke? Dann schau doch einfach einmal <a href=\"https:\/\/mama-kann-das.com\/index.php\/2020\/12\/08\/last-minute-geschenke\/\" target=\"_blank\" rel=\"noreferrer noopener\">hier<\/a> vorbei. Alle Geschenke lassen sich wunderbar mit kleinen Kindern basteln.<\/p>\n\n\n\n<p>N\u00e4chste Woche zeige ich dir ein schnelles Osternest aus Klopapierrollen, \u00fcber das sich die Grosseltern bestimmt freuen werden.<\/p>\n\n\n\n<p>Wie dekorierst du dein Haus zu Ostern? Hast du bereits damit angefangen? Und helfen dir deine Kinder dabei? Ich freue mich auf deinen Kommentar.<\/p>\n\n\n\n<p>Deine<\/p>\n\n\n<p class=\"fonts-plugin-block \" style=\"font-family: Satisfy;font-size: 50px\">Corina<\/p>\n\n\n<p>Dir gef\u00e4llt dieser Artikel? Magst du mich mit einem Kaffee und neuer Energie f\u00fcr mehr solcher Blogposts unterst\u00fctzen? Ich w\u00fcrde mich riesig dar\u00fcber freuen.\u00a0<a href=\"https:\/\/www.buymeacoffee.com\/corinakanndas\" target=\"_blank\" rel=\"noreferrer noopener\">www.buymeacoffee.com\/corinakanndas<\/a><\/p>\n","protected":false},"excerpt":{"rendered":"<p>Berufsbedingt bastle und dekoriere ich ziemlich viel. Zu Hause fehlt mir aber oft die Zeit und meist kommt es mir erst in den Sinn, wenn die Feiertage vorbei sind. F\u00fcr dieses Jahr habe ich mir fest vorgenommen, rechtzeitig ein wenig&#8230;<\/p>\n","protected":false},"author":1,"featured_media":679,"comment_status":"open","ping_status":"open","sticky":false,"template":"","format":"standard","meta":{"jetpack_post_was_ever_published":false,"_jetpack_newsletter_access":"","_jetpack_dont_email_post_to_subs":false,"_jetpack_newsletter_tier_id":0,"_jetpack_memberships_contains_paywalled_content":false,"_jetpack_memberships_contains_paid_content":false,"footnotes":""},"categories":[21,28],"tags":[33,29,51,59,39,30,50],"class_list":["post-673","post","type-post","status-publish","format-standard","has-post-thumbnail","hentry","category-diy","category-leben","tag-basteln","tag-diy","tag-einfach","tag-feier","tag-kleinkind","tag-kreativ","tag-schnell"],"yoast_head":"<!-- This site is optimized with the Yoast SEO plugin v27.4 - https:\/\/yoast.com\/product\/yoast-seo-wordpress\/ -->\n<title>Oster-Deko f\u00fcrs Fenster - basteln mit Kleinkindern - mama-kann-das<\/title>\n<meta name=\"description\" content=\"Endlich haben wir es geschafft, ein wenig Oster-Stimmung ins Haus zu zaubern, mit diesen einfachen und schnellen Ostereiern, die am Fenster tanzen.\" \/>\n<meta name=\"robots\" content=\"index, follow, max-snippet:-1, max-image-preview:large, max-video-preview:-1\" \/>\n<link rel=\"canonical\" href=\"https:\/\/mama-kann-das.com\/index.php\/2021\/03\/23\/oster-deko-mit-kleinkindern\/\" \/>\n<meta property=\"og:locale\" content=\"de_DE\" \/>\n<meta property=\"og:type\" content=\"article\" \/>\n<meta property=\"og:title\" content=\"Oster-Deko f\u00fcrs Fenster - basteln mit Kleinkindern - mama-kann-das\" \/>\n<meta property=\"og:description\" content=\"Endlich haben wir es geschafft, ein wenig Oster-Stimmung ins Haus zu zaubern, mit diesen einfachen und schnellen Ostereiern, die am Fenster tanzen.\" \/>\n<meta property=\"og:url\" content=\"https:\/\/mama-kann-das.com\/index.php\/2021\/03\/23\/oster-deko-mit-kleinkindern\/\" \/>\n<meta property=\"og:site_name\" content=\"mama-kann-das\" \/>\n<meta property=\"article:author\" content=\"facebook.com\/corinakanndas\" \/>\n<meta property=\"article:published_time\" content=\"2021-03-23T07:00:00+00:00\" \/>\n<meta property=\"og:image\" content=\"https:\/\/mama-kann-das.com\/wp-content\/uploads\/2021\/03\/pexels-olya-kobruseva-6495852-scaled.jpg\" \/>\n\t<meta property=\"og:image:width\" content=\"2560\" \/>\n\t<meta property=\"og:image:height\" content=\"1709\" \/>\n\t<meta property=\"og:image:type\" content=\"image\/jpeg\" \/>\n<meta name=\"author\" content=\"Corina\" \/>\n<meta name=\"twitter:card\" content=\"summary_large_image\" \/>\n<meta name=\"twitter:label1\" content=\"Verfasst von\" \/>\n\t<meta name=\"twitter:data1\" content=\"Corina\" \/>\n\t<meta name=\"twitter:label2\" content=\"Gesch\u00e4tzte Lesezeit\" \/>\n\t<meta name=\"twitter:data2\" content=\"2\u00a0Minuten\" \/>\n<script type=\"application\/ld+json\" class=\"yoast-schema-graph\">{\"@context\":\"https:\\\/\\\/schema.org\",\"@graph\":[{\"@type\":\"Article\",\"@id\":\"https:\\\/\\\/mama-kann-das.com\\\/index.php\\\/2021\\\/03\\\/23\\\/oster-deko-mit-kleinkindern\\\/#article\",\"isPartOf\":{\"@id\":\"https:\\\/\\\/mama-kann-das.com\\\/index.php\\\/2021\\\/03\\\/23\\\/oster-deko-mit-kleinkindern\\\/\"},\"author\":{\"name\":\"Corina\",\"@id\":\"https:\\\/\\\/mama-kann-das.com\\\/#\\\/schema\\\/person\\\/83df833a52d90404e3f21603b1cf9e58\"},\"headline\":\"Oster-Deko f\u00fcrs Fenster &#8211; basteln mit Kleinkindern\",\"datePublished\":\"2021-03-23T07:00:00+00:00\",\"mainEntityOfPage\":{\"@id\":\"https:\\\/\\\/mama-kann-das.com\\\/index.php\\\/2021\\\/03\\\/23\\\/oster-deko-mit-kleinkindern\\\/\"},\"wordCount\":357,\"commentCount\":3,\"publisher\":{\"@id\":\"https:\\\/\\\/mama-kann-das.com\\\/#organization\"},\"image\":{\"@id\":\"https:\\\/\\\/mama-kann-das.com\\\/index.php\\\/2021\\\/03\\\/23\\\/oster-deko-mit-kleinkindern\\\/#primaryimage\"},\"thumbnailUrl\":\"https:\\\/\\\/i0.wp.com\\\/mama-kann-das.com\\\/wp-content\\\/uploads\\\/2021\\\/03\\\/pexels-olya-kobruseva-6495852-scaled.jpg?fit=2560%2C1709&ssl=1\",\"keywords\":[\"basteln\",\"DIY\",\"einfach\",\"Feier\",\"Kleinkind\",\"kreativ\",\"schnell\"],\"articleSection\":[\"DIY\",\"Leben\"],\"inLanguage\":\"de\",\"potentialAction\":[{\"@type\":\"CommentAction\",\"name\":\"Comment\",\"target\":[\"https:\\\/\\\/mama-kann-das.com\\\/index.php\\\/2021\\\/03\\\/23\\\/oster-deko-mit-kleinkindern\\\/#respond\"]}]},{\"@type\":\"WebPage\",\"@id\":\"https:\\\/\\\/mama-kann-das.com\\\/index.php\\\/2021\\\/03\\\/23\\\/oster-deko-mit-kleinkindern\\\/\",\"url\":\"https:\\\/\\\/mama-kann-das.com\\\/index.php\\\/2021\\\/03\\\/23\\\/oster-deko-mit-kleinkindern\\\/\",\"name\":\"Oster-Deko f\u00fcrs Fenster - basteln mit Kleinkindern - mama-kann-das\",\"isPartOf\":{\"@id\":\"https:\\\/\\\/mama-kann-das.com\\\/#website\"},\"primaryImageOfPage\":{\"@id\":\"https:\\\/\\\/mama-kann-das.com\\\/index.php\\\/2021\\\/03\\\/23\\\/oster-deko-mit-kleinkindern\\\/#primaryimage\"},\"image\":{\"@id\":\"https:\\\/\\\/mama-kann-das.com\\\/index.php\\\/2021\\\/03\\\/23\\\/oster-deko-mit-kleinkindern\\\/#primaryimage\"},\"thumbnailUrl\":\"https:\\\/\\\/i0.wp.com\\\/mama-kann-das.com\\\/wp-content\\\/uploads\\\/2021\\\/03\\\/pexels-olya-kobruseva-6495852-scaled.jpg?fit=2560%2C1709&ssl=1\",\"datePublished\":\"2021-03-23T07:00:00+00:00\",\"description\":\"Endlich haben wir es geschafft, ein wenig Oster-Stimmung ins Haus zu zaubern, mit diesen einfachen und schnellen Ostereiern, die am Fenster tanzen.\",\"breadcrumb\":{\"@id\":\"https:\\\/\\\/mama-kann-das.com\\\/index.php\\\/2021\\\/03\\\/23\\\/oster-deko-mit-kleinkindern\\\/#breadcrumb\"},\"inLanguage\":\"de\",\"potentialAction\":[{\"@type\":\"ReadAction\",\"target\":[\"https:\\\/\\\/mama-kann-das.com\\\/index.php\\\/2021\\\/03\\\/23\\\/oster-deko-mit-kleinkindern\\\/\"]}]},{\"@type\":\"ImageObject\",\"inLanguage\":\"de\",\"@id\":\"https:\\\/\\\/mama-kann-das.com\\\/index.php\\\/2021\\\/03\\\/23\\\/oster-deko-mit-kleinkindern\\\/#primaryimage\",\"url\":\"https:\\\/\\\/i0.wp.com\\\/mama-kann-das.com\\\/wp-content\\\/uploads\\\/2021\\\/03\\\/pexels-olya-kobruseva-6495852-scaled.jpg?fit=2560%2C1709&ssl=1\",\"contentUrl\":\"https:\\\/\\\/i0.wp.com\\\/mama-kann-das.com\\\/wp-content\\\/uploads\\\/2021\\\/03\\\/pexels-olya-kobruseva-6495852-scaled.jpg?fit=2560%2C1709&ssl=1\",\"width\":2560,\"height\":1709,\"caption\":\"Oster-Deko schnell und einfach selbstgemacht\"},{\"@type\":\"BreadcrumbList\",\"@id\":\"https:\\\/\\\/mama-kann-das.com\\\/index.php\\\/2021\\\/03\\\/23\\\/oster-deko-mit-kleinkindern\\\/#breadcrumb\",\"itemListElement\":[{\"@type\":\"ListItem\",\"position\":1,\"name\":\"Startseite\",\"item\":\"https:\\\/\\\/mama-kann-das.com\\\/\"},{\"@type\":\"ListItem\",\"position\":2,\"name\":\"Oster-Deko f\u00fcrs Fenster &#8211; basteln mit Kleinkindern\"}]},{\"@type\":\"WebSite\",\"@id\":\"https:\\\/\\\/mama-kann-das.com\\\/#website\",\"url\":\"https:\\\/\\\/mama-kann-das.com\\\/\",\"name\":\"mama-kann-das\",\"description\":\"gelassen durch den Familienalltag\",\"publisher\":{\"@id\":\"https:\\\/\\\/mama-kann-das.com\\\/#organization\"},\"potentialAction\":[{\"@type\":\"SearchAction\",\"target\":{\"@type\":\"EntryPoint\",\"urlTemplate\":\"https:\\\/\\\/mama-kann-das.com\\\/?s={search_term_string}\"},\"query-input\":{\"@type\":\"PropertyValueSpecification\",\"valueRequired\":true,\"valueName\":\"search_term_string\"}}],\"inLanguage\":\"de\"},{\"@type\":\"Organization\",\"@id\":\"https:\\\/\\\/mama-kann-das.com\\\/#organization\",\"name\":\"mama-kann-das\",\"url\":\"https:\\\/\\\/mama-kann-das.com\\\/\",\"logo\":{\"@type\":\"ImageObject\",\"inLanguage\":\"de\",\"@id\":\"https:\\\/\\\/mama-kann-das.com\\\/#\\\/schema\\\/logo\\\/image\\\/\",\"url\":\"https:\\\/\\\/i0.wp.com\\\/mama-kann-das.com\\\/wp-content\\\/uploads\\\/2026\\\/01\\\/cropped-Banner-neu-1.png?fit=1243%2C351&ssl=1\",\"contentUrl\":\"https:\\\/\\\/i0.wp.com\\\/mama-kann-das.com\\\/wp-content\\\/uploads\\\/2026\\\/01\\\/cropped-Banner-neu-1.png?fit=1243%2C351&ssl=1\",\"width\":1243,\"height\":351,\"caption\":\"mama-kann-das\"},\"image\":{\"@id\":\"https:\\\/\\\/mama-kann-das.com\\\/#\\\/schema\\\/logo\\\/image\\\/\"}},{\"@type\":\"Person\",\"@id\":\"https:\\\/\\\/mama-kann-das.com\\\/#\\\/schema\\\/person\\\/83df833a52d90404e3f21603b1cf9e58\",\"name\":\"Corina\",\"image\":{\"@type\":\"ImageObject\",\"inLanguage\":\"de\",\"@id\":\"https:\\\/\\\/secure.gravatar.com\\\/avatar\\\/791919cd4962f2a440718b8180fea719c288cc66c4bc5413544ada69564aa24f?s=96&d=mm&r=g\",\"url\":\"https:\\\/\\\/secure.gravatar.com\\\/avatar\\\/791919cd4962f2a440718b8180fea719c288cc66c4bc5413544ada69564aa24f?s=96&d=mm&r=g\",\"contentUrl\":\"https:\\\/\\\/secure.gravatar.com\\\/avatar\\\/791919cd4962f2a440718b8180fea719c288cc66c4bc5413544ada69564aa24f?s=96&d=mm&r=g\",\"caption\":\"Corina\"},\"sameAs\":[\"https:\\\/\\\/mama-kann-das.com\",\"facebook.com\\\/corinakanndas\",\"instagram.com\\\/mama.kann.das\"],\"url\":\"https:\\\/\\\/mama-kann-das.com\\\/index.php\\\/author\\\/c_zimmermann_l38n2d31\\\/\"}]}<\/script>\n<!-- \/ Yoast SEO plugin. -->","yoast_head_json":{"title":"Oster-Deko f\u00fcrs Fenster - basteln mit Kleinkindern - mama-kann-das","description":"Endlich haben wir es geschafft, ein wenig Oster-Stimmung ins Haus zu zaubern, mit diesen einfachen und schnellen Ostereiern, die am Fenster tanzen.","robots":{"index":"index","follow":"follow","max-snippet":"max-snippet:-1","max-image-preview":"max-image-preview:large","max-video-preview":"max-video-preview:-1"},"canonical":"https:\/\/mama-kann-das.com\/index.php\/2021\/03\/23\/oster-deko-mit-kleinkindern\/","og_locale":"de_DE","og_type":"article","og_title":"Oster-Deko f\u00fcrs Fenster - basteln mit Kleinkindern - mama-kann-das","og_description":"Endlich haben wir es geschafft, ein wenig Oster-Stimmung ins Haus zu zaubern, mit diesen einfachen und schnellen Ostereiern, die am Fenster tanzen.","og_url":"https:\/\/mama-kann-das.com\/index.php\/2021\/03\/23\/oster-deko-mit-kleinkindern\/","og_site_name":"mama-kann-das","article_author":"facebook.com\/corinakanndas","article_published_time":"2021-03-23T07:00:00+00:00","og_image":[{"width":2560,"height":1709,"url":"https:\/\/mama-kann-das.com\/wp-content\/uploads\/2021\/03\/pexels-olya-kobruseva-6495852-scaled.jpg","type":"image\/jpeg"}],"author":"Corina","twitter_card":"summary_large_image","twitter_misc":{"Verfasst von":"Corina","Gesch\u00e4tzte Lesezeit":"2\u00a0Minuten"},"schema":{"@context":"https:\/\/schema.org","@graph":[{"@type":"Article","@id":"https:\/\/mama-kann-das.com\/index.php\/2021\/03\/23\/oster-deko-mit-kleinkindern\/#article","isPartOf":{"@id":"https:\/\/mama-kann-das.com\/index.php\/2021\/03\/23\/oster-deko-mit-kleinkindern\/"},"author":{"name":"Corina","@id":"https:\/\/mama-kann-das.com\/#\/schema\/person\/83df833a52d90404e3f21603b1cf9e58"},"headline":"Oster-Deko f\u00fcrs Fenster &#8211; basteln mit Kleinkindern","datePublished":"2021-03-23T07:00:00+00:00","mainEntityOfPage":{"@id":"https:\/\/mama-kann-das.com\/index.php\/2021\/03\/23\/oster-deko-mit-kleinkindern\/"},"wordCount":357,"commentCount":3,"publisher":{"@id":"https:\/\/mama-kann-das.com\/#organization"},"image":{"@id":"https:\/\/mama-kann-das.com\/index.php\/2021\/03\/23\/oster-deko-mit-kleinkindern\/#primaryimage"},"thumbnailUrl":"https:\/\/i0.wp.com\/mama-kann-das.com\/wp-content\/uploads\/2021\/03\/pexels-olya-kobruseva-6495852-scaled.jpg?fit=2560%2C1709&ssl=1","keywords":["basteln","DIY","einfach","Feier","Kleinkind","kreativ","schnell"],"articleSection":["DIY","Leben"],"inLanguage":"de","potentialAction":[{"@type":"CommentAction","name":"Comment","target":["https:\/\/mama-kann-das.com\/index.php\/2021\/03\/23\/oster-deko-mit-kleinkindern\/#respond"]}]},{"@type":"WebPage","@id":"https:\/\/mama-kann-das.com\/index.php\/2021\/03\/23\/oster-deko-mit-kleinkindern\/","url":"https:\/\/mama-kann-das.com\/index.php\/2021\/03\/23\/oster-deko-mit-kleinkindern\/","name":"Oster-Deko f\u00fcrs Fenster - basteln mit Kleinkindern - mama-kann-das","isPartOf":{"@id":"https:\/\/mama-kann-das.com\/#website"},"primaryImageOfPage":{"@id":"https:\/\/mama-kann-das.com\/index.php\/2021\/03\/23\/oster-deko-mit-kleinkindern\/#primaryimage"},"image":{"@id":"https:\/\/mama-kann-das.com\/index.php\/2021\/03\/23\/oster-deko-mit-kleinkindern\/#primaryimage"},"thumbnailUrl":"https:\/\/i0.wp.com\/mama-kann-das.com\/wp-content\/uploads\/2021\/03\/pexels-olya-kobruseva-6495852-scaled.jpg?fit=2560%2C1709&ssl=1","datePublished":"2021-03-23T07:00:00+00:00","description":"Endlich haben wir es geschafft, ein wenig Oster-Stimmung ins Haus zu zaubern, mit diesen einfachen und schnellen Ostereiern, die am Fenster tanzen.","breadcrumb":{"@id":"https:\/\/mama-kann-das.com\/index.php\/2021\/03\/23\/oster-deko-mit-kleinkindern\/#breadcrumb"},"inLanguage":"de","potentialAction":[{"@type":"ReadAction","target":["https:\/\/mama-kann-das.com\/index.php\/2021\/03\/23\/oster-deko-mit-kleinkindern\/"]}]},{"@type":"ImageObject","inLanguage":"de","@id":"https:\/\/mama-kann-das.com\/index.php\/2021\/03\/23\/oster-deko-mit-kleinkindern\/#primaryimage","url":"https:\/\/i0.wp.com\/mama-kann-das.com\/wp-content\/uploads\/2021\/03\/pexels-olya-kobruseva-6495852-scaled.jpg?fit=2560%2C1709&ssl=1","contentUrl":"https:\/\/i0.wp.com\/mama-kann-das.com\/wp-content\/uploads\/2021\/03\/pexels-olya-kobruseva-6495852-scaled.jpg?fit=2560%2C1709&ssl=1","width":2560,"height":1709,"caption":"Oster-Deko schnell und einfach selbstgemacht"},{"@type":"BreadcrumbList","@id":"https:\/\/mama-kann-das.com\/index.php\/2021\/03\/23\/oster-deko-mit-kleinkindern\/#breadcrumb","itemListElement":[{"@type":"ListItem","position":1,"name":"Startseite","item":"https:\/\/mama-kann-das.com\/"},{"@type":"ListItem","position":2,"name":"Oster-Deko f\u00fcrs Fenster &#8211; basteln mit Kleinkindern"}]},{"@type":"WebSite","@id":"https:\/\/mama-kann-das.com\/#website","url":"https:\/\/mama-kann-das.com\/","name":"mama-kann-das","description":"gelassen durch den Familienalltag","publisher":{"@id":"https:\/\/mama-kann-das.com\/#organization"},"potentialAction":[{"@type":"SearchAction","target":{"@type":"EntryPoint","urlTemplate":"https:\/\/mama-kann-das.com\/?s={search_term_string}"},"query-input":{"@type":"PropertyValueSpecification","valueRequired":true,"valueName":"search_term_string"}}],"inLanguage":"de"},{"@type":"Organization","@id":"https:\/\/mama-kann-das.com\/#organization","name":"mama-kann-das","url":"https:\/\/mama-kann-das.com\/","logo":{"@type":"ImageObject","inLanguage":"de","@id":"https:\/\/mama-kann-das.com\/#\/schema\/logo\/image\/","url":"https:\/\/i0.wp.com\/mama-kann-das.com\/wp-content\/uploads\/2026\/01\/cropped-Banner-neu-1.png?fit=1243%2C351&ssl=1","contentUrl":"https:\/\/i0.wp.com\/mama-kann-das.com\/wp-content\/uploads\/2026\/01\/cropped-Banner-neu-1.png?fit=1243%2C351&ssl=1","width":1243,"height":351,"caption":"mama-kann-das"},"image":{"@id":"https:\/\/mama-kann-das.com\/#\/schema\/logo\/image\/"}},{"@type":"Person","@id":"https:\/\/mama-kann-das.com\/#\/schema\/person\/83df833a52d90404e3f21603b1cf9e58","name":"Corina","image":{"@type":"ImageObject","inLanguage":"de","@id":"https:\/\/secure.gravatar.com\/avatar\/791919cd4962f2a440718b8180fea719c288cc66c4bc5413544ada69564aa24f?s=96&d=mm&r=g","url":"https:\/\/secure.gravatar.com\/avatar\/791919cd4962f2a440718b8180fea719c288cc66c4bc5413544ada69564aa24f?s=96&d=mm&r=g","contentUrl":"https:\/\/secure.gravatar.com\/avatar\/791919cd4962f2a440718b8180fea719c288cc66c4bc5413544ada69564aa24f?s=96&d=mm&r=g","caption":"Corina"},"sameAs":["https:\/\/mama-kann-das.com","facebook.com\/corinakanndas","instagram.com\/mama.kann.das"],"url":"https:\/\/mama-kann-das.com\/index.php\/author\/c_zimmermann_l38n2d31\/"}]}},"jetpack_featured_media_url":"https:\/\/i0.wp.com\/mama-kann-das.com\/wp-content\/uploads\/2021\/03\/pexels-olya-kobruseva-6495852-scaled.jpg?fit=2560%2C1709&ssl=1","jetpack_sharing_enabled":true,"_links":{"self":[{"href":"https:\/\/mama-kann-das.com\/index.php\/wp-json\/wp\/v2\/posts\/673","targetHints":{"allow":["GET"]}}],"collection":[{"href":"https:\/\/mama-kann-das.com\/index.php\/wp-json\/wp\/v2\/posts"}],"about":[{"href":"https:\/\/mama-kann-das.com\/index.php\/wp-json\/wp\/v2\/types\/post"}],"author":[{"embeddable":true,"href":"https:\/\/mama-kann-das.com\/index.php\/wp-json\/wp\/v2\/users\/1"}],"replies":[{"embeddable":true,"href":"https:\/\/mama-kann-das.com\/index.php\/wp-json\/wp\/v2\/comments?post=673"}],"version-history":[{"count":2,"href":"https:\/\/mama-kann-das.com\/index.php\/wp-json\/wp\/v2\/posts\/673\/revisions"}],"predecessor-version":[{"id":680,"href":"https:\/\/mama-kann-das.com\/index.php\/wp-json\/wp\/v2\/posts\/673\/revisions\/680"}],"wp:featuredmedia":[{"embeddable":true,"href":"https:\/\/mama-kann-das.com\/index.php\/wp-json\/wp\/v2\/media\/679"}],"wp:attachment":[{"href":"https:\/\/mama-kann-das.com\/index.php\/wp-json\/wp\/v2\/media?parent=673"}],"wp:term":[{"taxonomy":"category","embeddable":true,"href":"https:\/\/mama-kann-das.com\/index.php\/wp-json\/wp\/v2\/categories?post=673"},{"taxonomy":"post_tag","embeddable":true,"href":"https:\/\/mama-kann-das.com\/index.php\/wp-json\/wp\/v2\/tags?post=673"}],"curies":[{"name":"wp","href":"https:\/\/api.w.org\/{rel}","templated":true}]}}