{"id":561,"date":"2021-01-05T06:20:00","date_gmt":"2021-01-05T06:20:00","guid":{"rendered":"https:\/\/mama-kann-das.com\/?p=561"},"modified":"2020-12-31T22:08:02","modified_gmt":"2020-12-31T22:08:02","slug":"spiegel-wie-mir-mein-kind-meine-gefuhle-zeigt","status":"publish","type":"post","link":"https:\/\/mama-kann-das.com\/index.php\/2021\/01\/05\/spiegel-wie-mir-mein-kind-meine-gefuhle-zeigt\/","title":{"rendered":"Spiegel &#8211; wie mir mein Kind meine Gef\u00fchle zeigt"},"content":{"rendered":"\n<p>Wie ich euch ja letztes Mal berichtet habe, waren wir in Mexiko ziemlich eingesperrt (wenn du wissen m\u00f6chtest, wie es uns im Grossen &amp; Ganzen ergangen ist, dann lies <a href=\"https:\/\/mama-kann-das.com\/index.php\/2020\/12\/29\/lockdown-in-mexiko\/\" target=\"_blank\" rel=\"noreferrer noopener\">hier<\/a> weiter). Es war bei weitem nicht immer leicht und die ersten Tage war ich mit den Nerven oft am Ende. Das ging nat\u00fcrlich auch am Rabauken nicht spurlos vorbei.<\/p>\n\n\n\n<p>Manchmal w\u00fcnschte ich mir, dass er einfach das machen w\u00fcrde, was man ihm sagte. Dass er sich kooperativ zeigt. Aber nat\u00fcrlich war das blosses Wunschdenken. Je fertiger Mama, desto wilder Rabauke. Er r\u00e4umte alles aus, was man ausr\u00e4umen konnte, schmiss Sachen umher und zeigte sich von seiner besten Seite.<\/p>\n\n\n\n<p>Ich sp\u00fcrte die Blicke und die unausgesprochenen Worte meiner Schw\u00e4gerin und Schwiegermutter. Ich merkte, wie sie sich gegenseitig stumm fragten, was denn mit dem Kind nicht stimmt und warum ich ihn nicht im Griff h\u00e4tte. Diese stillen Vorw\u00fcrfe machten mich traurig und gleichzeitig auch w\u00fctend. Ich wollte es doch m\u00f6glichst allen recht machen, f\u00fcr ein harmonisches Miteinander sorgen. Doch Rabauke war alles andere als harmonisch unterwegs.<\/p>\n\n\n\n<h2 class=\"wp-block-heading\">Die Macht der Gedanken<\/h2>\n\n\n\n<p>Ich nahm mir eine kleine Auszeit, w\u00e4hrend mein Mann mit den Kids besch\u00e4ftigt war. Was war los? Was wollte mir mein Rabauke zeigen und wie finden wir aus der Negativspirale hinaus? <\/p>\n\n\n\n<p>Auf meiner Suche nach L\u00f6sungsans\u00e4tzen und Antworten begab ich mich in die Weiten des Internets. Dort stiess ich auf die Spiegelgesetz-Methode von Christa K\u00f6ssner. Sie beschreibt die Macht der negativen Gedanken und wie jedes Gegen\u00fcber ein Spiegelbild unseres Selbst ist. Was uns an anderen nicht gef\u00e4llt, ist h\u00e4ufig das, was wir auch an uns nicht m\u00f6gen. <\/p>\n\n\n\n<h2 class=\"wp-block-heading\">Die eigene Negativit\u00e4t erkennen<\/h2>\n\n\n\n<div class=\"wp-block-image\"><figure class=\"alignright size-large is-resized\"><img data-recalc-dims=\"1\" fetchpriority=\"high\" decoding=\"async\" src=\"https:\/\/i0.wp.com\/mama-kann-das.com\/wp-content\/uploads\/2020\/12\/pexels-mariana-blue-1188410.jpg?resize=186%2C278&#038;ssl=1\" alt=\"Dein Kind ist dein Spiegel. Schaue genau hin und nimm es ernst.\" class=\"wp-image-570\" width=\"186\" height=\"278\" srcset=\"https:\/\/i0.wp.com\/mama-kann-das.com\/wp-content\/uploads\/2020\/12\/pexels-mariana-blue-1188410-scaled.jpg?resize=683%2C1024&amp;ssl=1 683w, https:\/\/i0.wp.com\/mama-kann-das.com\/wp-content\/uploads\/2020\/12\/pexels-mariana-blue-1188410-scaled.jpg?resize=600%2C900&amp;ssl=1 600w, https:\/\/i0.wp.com\/mama-kann-das.com\/wp-content\/uploads\/2020\/12\/pexels-mariana-blue-1188410-scaled.jpg?resize=200%2C300&amp;ssl=1 200w, https:\/\/i0.wp.com\/mama-kann-das.com\/wp-content\/uploads\/2020\/12\/pexels-mariana-blue-1188410-scaled.jpg?resize=768%2C1152&amp;ssl=1 768w, https:\/\/i0.wp.com\/mama-kann-das.com\/wp-content\/uploads\/2020\/12\/pexels-mariana-blue-1188410-scaled.jpg?resize=1024%2C1536&amp;ssl=1 1024w, https:\/\/i0.wp.com\/mama-kann-das.com\/wp-content\/uploads\/2020\/12\/pexels-mariana-blue-1188410-scaled.jpg?resize=1365%2C2048&amp;ssl=1 1365w, https:\/\/i0.wp.com\/mama-kann-das.com\/wp-content\/uploads\/2020\/12\/pexels-mariana-blue-1188410-scaled.jpg?w=1707&amp;ssl=1 1707w, https:\/\/i0.wp.com\/mama-kann-das.com\/wp-content\/uploads\/2020\/12\/pexels-mariana-blue-1188410-scaled.jpg?w=1280&amp;ssl=1 1280w\" sizes=\"(max-width: 186px) 100vw, 186px\" \/><\/figure><\/div>\n\n\n\n<p>Ich fing also an meine Situation mit der oben genannten Methode unter die Lupe zu nehmen. Schritt 1 ist es, das Verhalten unseres Spiegels zu beschreiben. In meinem Fall mein Rabauke, der wild und trotzig ist. <\/p>\n\n\n\n<p>Im 2. Schritt erkenne ich meine eigene Negativit\u00e4t an. Ich bin wild und trotzig. Nun versuche ich diese negativen Worte in positive zu verwandeln. Anstelle von wild verwende ich naturbelassen und trotzig ersetze ich durch prinzipientreu.<\/p>\n\n\n\n<p>Mein kleiner Spiegel m\u00f6chte mir also mitteilen, dass ich ein naturverbundener und prinzipientreuer Mensch bin. Sch\u00f6n und gut, aber wo ist denn jetzt der Wurm drin?<\/p>\n\n\n\n<h2 class=\"wp-block-heading\">Der Spiegel schafft Klarheit<\/h2>\n\n\n\n<p>Mit diesem neuen Bewusstsein f\u00e4llt es mir leichter zu verstehen, warum diese Situation gerade so schwierig f\u00fcr mich ist. Ich bin es gewohnt, in der Natur zu sein, egal bei welchem Wetter. Rabauke und ich lieben Regenspazierg\u00e4nge und Matschp\u00fctzen. Nun wird uns dies verwehrt. Hier gibt es keinen Wald, in dem wir uns austoben k\u00f6nnen, keinen See zum Fische beobachten.<\/p>\n\n\n\n<p>Ausserdem habe ich klare Prinzipien, vor allem in der Erziehung, denen ich versuche treu zu bleiben. Dazu geh\u00f6rt ein bed\u00fcrfnisorientiertes Miteinander mit m\u00f6glichst wenig Regeln. Bei meiner Familie prallte ich damit auf Unverst\u00e4ndnis und auch eine gewisse Abneigung. Dies wiederum verunsicherte mich stark und ich war mehr darauf fixiert Harmonie zu schaffen, als meinen Grunds\u00e4tzen treu zu bleiben.<\/p>\n\n\n\n<h2 class=\"wp-block-heading\">Entspannte Mama &#8211; gl\u00fcckliches Kind<\/h2>\n\n\n\n<p>Ich gebe zu, ich habe die Spiegel-Methode sehr vereinfacht und nur auf die aktuelle Situation angewandt. Aber es hat mir geholfen, einen neuen Zugang zu mir selber zu finden und Antworten auf meine Fragen zu erhalten. <\/p>\n\n\n\n<div class=\"wp-block-image\"><figure class=\"aligncenter size-large is-resized\"><img data-recalc-dims=\"1\" decoding=\"async\" src=\"https:\/\/i0.wp.com\/mama-kann-das.com\/wp-content\/uploads\/2020\/12\/kind-spiegel.png?resize=242%2C361&#038;ssl=1\" alt=\"Mein Kind - mein Spiegel. So zeigt es mir meine Gef\u00fchle\" class=\"wp-image-571\" width=\"242\" height=\"361\"\/><\/figure><\/div>\n\n\n\n<p>Ich gehe die Sache jetzt viel entspannter an. Was die anderen denken, ist mir nicht mehr so wichtig. Wenn Rabauke dreckig ist, geht die Welt nicht unter, wenn er keine Lust auf sein Fr\u00fchst\u00fcck hat, verhungert er nicht und wenn wir lieber mit einem Eimer Kies spielen als uns einen weiteren Film anzuschauen, dann ist das mehr als in Ordnung. Ausserdem versuche ich so viel wie m\u00f6glich draussen zu sein, d.h. auf dem Balkon. W\u00e4hrend ich diese Zeilen schreibe, geniesse ich die w\u00e4rmenden Sonnenstrahlen \ud83d\ude42<\/p>\n\n\n\n<p>Wie gesagt, die Methode ist bestimmt nicht fertig angewandt, aber sie hat mir geholfen, mich und mein Verhalten besser zu reflektieren und zu verstehen. Sobald ich wieder zu Hause bin, werde ich mich noch einmal ausf\u00fchrlich mit dem Thema befassen.<\/p>\n\n\n\n<p>Ich m\u00f6chte einfach anderen Mamas Mut machen, ihr eigenes Tun und Denken zu reflektieren und sich bewusst zu machen, dass unser Kind ein Spiegel unserer Selbst ist und uns mit seinem Verhalten auf etwas in uns aufmerksam machen m\u00f6chte. Dein Kind will dir nichts schlechtes, es liebt dich bedingungslos.<\/p>\n\n\n\n<p>Wie geht ihr mit schwierigen bzw. neuen Situationen um? Wie verh\u00e4lt sich euer Kind dabei? Ich freue mich wie immer von euch zu lesen.<\/p>\n\n\n\n<p>Eure<\/p>\n\n\n<p class=\"fonts-plugin-block \" style=\"font-family: Satisfy;font-size: 50px\">Corina<\/p>\n\n\n<p>Dir gef\u00e4llt dieser Artikel? Magst du mich mit einem Kaffee und neuer Energie f\u00fcr mehr solcher Blogposts unterst\u00fctzen? Ich w\u00fcrde mich riesig dar\u00fcber freuen.&nbsp;<a rel=\"noreferrer noopener\" href=\"https:\/\/www.buymeacoffee.com\/corinakanndas\" target=\"_blank\">www.buymeacoffee.com\/corinakanndas<\/a><\/p>\n","protected":false},"excerpt":{"rendered":"<p>Wie ich euch ja letztes Mal berichtet habe, waren wir in Mexiko ziemlich eingesperrt (wenn du wissen m\u00f6chtest, wie es uns im Grossen &amp; Ganzen ergangen ist, dann lies hier weiter). Es war bei weitem nicht immer leicht und die&#8230;<\/p>\n","protected":false},"author":1,"featured_media":569,"comment_status":"open","ping_status":"open","sticky":false,"template":"","format":"standard","meta":{"jetpack_post_was_ever_published":false,"_jetpack_newsletter_access":"","_jetpack_dont_email_post_to_subs":false,"_jetpack_newsletter_tier_id":0,"_jetpack_memberships_contains_paywalled_content":false,"_jetpack_memberships_contains_paid_content":false,"footnotes":""},"categories":[20,27,16],"tags":[43,71,73,72],"class_list":["post-561","post","type-post","status-publish","format-standard","has-post-thumbnail","hentry","category-erziehung","category-lieben","category-mama-papa","tag-erziehung","tag-gefuehle","tag-reflexion","tag-spiegel"],"yoast_head":"<!-- This site is optimized with the Yoast SEO plugin v27.4 - https:\/\/yoast.com\/product\/yoast-seo-wordpress\/ -->\n<title>Spiegel - wie mir mein Kind meine Gef\u00fchle zeigt - mama-kann-das<\/title>\n<meta name=\"description\" content=\"Dein Kind ist wild und frech? Was m\u00f6chte es dir mit diesem Verhalten zeigen? Dein Kind ist dein Spiegel. Schaue genau hin.\" \/>\n<meta name=\"robots\" content=\"index, follow, max-snippet:-1, max-image-preview:large, max-video-preview:-1\" \/>\n<link rel=\"canonical\" href=\"https:\/\/mama-kann-das.com\/index.php\/2021\/01\/05\/spiegel-wie-mir-mein-kind-meine-gefuhle-zeigt\/\" \/>\n<meta property=\"og:locale\" content=\"de_DE\" \/>\n<meta property=\"og:type\" content=\"article\" \/>\n<meta property=\"og:title\" content=\"Spiegel - wie mir mein Kind meine Gef\u00fchle zeigt - mama-kann-das\" \/>\n<meta property=\"og:description\" content=\"Dein Kind ist wild und frech? Was m\u00f6chte es dir mit diesem Verhalten zeigen? Dein Kind ist dein Spiegel. Schaue genau hin.\" \/>\n<meta property=\"og:url\" content=\"https:\/\/mama-kann-das.com\/index.php\/2021\/01\/05\/spiegel-wie-mir-mein-kind-meine-gefuhle-zeigt\/\" \/>\n<meta property=\"og:site_name\" content=\"mama-kann-das\" \/>\n<meta property=\"article:author\" content=\"facebook.com\/corinakanndas\" \/>\n<meta property=\"article:published_time\" content=\"2021-01-05T06:20:00+00:00\" \/>\n<meta property=\"og:image\" content=\"https:\/\/mama-kann-das.com\/wp-content\/uploads\/2020\/12\/pexels-sergey-zhumaev-948354-scaled.jpg\" \/>\n\t<meta property=\"og:image:width\" content=\"2560\" \/>\n\t<meta property=\"og:image:height\" content=\"1707\" \/>\n\t<meta property=\"og:image:type\" content=\"image\/jpeg\" \/>\n<meta name=\"author\" content=\"Corina\" \/>\n<meta name=\"twitter:card\" content=\"summary_large_image\" \/>\n<meta name=\"twitter:label1\" content=\"Verfasst von\" \/>\n\t<meta name=\"twitter:data1\" content=\"Corina\" \/>\n\t<meta name=\"twitter:label2\" content=\"Gesch\u00e4tzte Lesezeit\" \/>\n\t<meta name=\"twitter:data2\" content=\"4\u00a0Minuten\" \/>\n<script type=\"application\/ld+json\" class=\"yoast-schema-graph\">{\"@context\":\"https:\\\/\\\/schema.org\",\"@graph\":[{\"@type\":\"Article\",\"@id\":\"https:\\\/\\\/mama-kann-das.com\\\/index.php\\\/2021\\\/01\\\/05\\\/spiegel-wie-mir-mein-kind-meine-gefuhle-zeigt\\\/#article\",\"isPartOf\":{\"@id\":\"https:\\\/\\\/mama-kann-das.com\\\/index.php\\\/2021\\\/01\\\/05\\\/spiegel-wie-mir-mein-kind-meine-gefuhle-zeigt\\\/\"},\"author\":{\"name\":\"Corina\",\"@id\":\"https:\\\/\\\/mama-kann-das.com\\\/#\\\/schema\\\/person\\\/83df833a52d90404e3f21603b1cf9e58\"},\"headline\":\"Spiegel &#8211; wie mir mein Kind meine Gef\u00fchle zeigt\",\"datePublished\":\"2021-01-05T06:20:00+00:00\",\"mainEntityOfPage\":{\"@id\":\"https:\\\/\\\/mama-kann-das.com\\\/index.php\\\/2021\\\/01\\\/05\\\/spiegel-wie-mir-mein-kind-meine-gefuhle-zeigt\\\/\"},\"wordCount\":818,\"commentCount\":0,\"publisher\":{\"@id\":\"https:\\\/\\\/mama-kann-das.com\\\/#organization\"},\"image\":{\"@id\":\"https:\\\/\\\/mama-kann-das.com\\\/index.php\\\/2021\\\/01\\\/05\\\/spiegel-wie-mir-mein-kind-meine-gefuhle-zeigt\\\/#primaryimage\"},\"thumbnailUrl\":\"https:\\\/\\\/i0.wp.com\\\/mama-kann-das.com\\\/wp-content\\\/uploads\\\/2020\\\/12\\\/pexels-sergey-zhumaev-948354-scaled.jpg?fit=2560%2C1707&ssl=1\",\"keywords\":[\"Erziehung\",\"Gef\u00fchle\",\"Reflexion\",\"Spiegel\"],\"articleSection\":[\"Erziehung\",\"Lieben\",\"Mama &amp; Papa\"],\"inLanguage\":\"de\",\"potentialAction\":[{\"@type\":\"CommentAction\",\"name\":\"Comment\",\"target\":[\"https:\\\/\\\/mama-kann-das.com\\\/index.php\\\/2021\\\/01\\\/05\\\/spiegel-wie-mir-mein-kind-meine-gefuhle-zeigt\\\/#respond\"]}]},{\"@type\":\"WebPage\",\"@id\":\"https:\\\/\\\/mama-kann-das.com\\\/index.php\\\/2021\\\/01\\\/05\\\/spiegel-wie-mir-mein-kind-meine-gefuhle-zeigt\\\/\",\"url\":\"https:\\\/\\\/mama-kann-das.com\\\/index.php\\\/2021\\\/01\\\/05\\\/spiegel-wie-mir-mein-kind-meine-gefuhle-zeigt\\\/\",\"name\":\"Spiegel - wie mir mein Kind meine Gef\u00fchle zeigt - mama-kann-das\",\"isPartOf\":{\"@id\":\"https:\\\/\\\/mama-kann-das.com\\\/#website\"},\"primaryImageOfPage\":{\"@id\":\"https:\\\/\\\/mama-kann-das.com\\\/index.php\\\/2021\\\/01\\\/05\\\/spiegel-wie-mir-mein-kind-meine-gefuhle-zeigt\\\/#primaryimage\"},\"image\":{\"@id\":\"https:\\\/\\\/mama-kann-das.com\\\/index.php\\\/2021\\\/01\\\/05\\\/spiegel-wie-mir-mein-kind-meine-gefuhle-zeigt\\\/#primaryimage\"},\"thumbnailUrl\":\"https:\\\/\\\/i0.wp.com\\\/mama-kann-das.com\\\/wp-content\\\/uploads\\\/2020\\\/12\\\/pexels-sergey-zhumaev-948354-scaled.jpg?fit=2560%2C1707&ssl=1\",\"datePublished\":\"2021-01-05T06:20:00+00:00\",\"description\":\"Dein Kind ist wild und frech? Was m\u00f6chte es dir mit diesem Verhalten zeigen? Dein Kind ist dein Spiegel. Schaue genau hin.\",\"breadcrumb\":{\"@id\":\"https:\\\/\\\/mama-kann-das.com\\\/index.php\\\/2021\\\/01\\\/05\\\/spiegel-wie-mir-mein-kind-meine-gefuhle-zeigt\\\/#breadcrumb\"},\"inLanguage\":\"de\",\"potentialAction\":[{\"@type\":\"ReadAction\",\"target\":[\"https:\\\/\\\/mama-kann-das.com\\\/index.php\\\/2021\\\/01\\\/05\\\/spiegel-wie-mir-mein-kind-meine-gefuhle-zeigt\\\/\"]}]},{\"@type\":\"ImageObject\",\"inLanguage\":\"de\",\"@id\":\"https:\\\/\\\/mama-kann-das.com\\\/index.php\\\/2021\\\/01\\\/05\\\/spiegel-wie-mir-mein-kind-meine-gefuhle-zeigt\\\/#primaryimage\",\"url\":\"https:\\\/\\\/i0.wp.com\\\/mama-kann-das.com\\\/wp-content\\\/uploads\\\/2020\\\/12\\\/pexels-sergey-zhumaev-948354-scaled.jpg?fit=2560%2C1707&ssl=1\",\"contentUrl\":\"https:\\\/\\\/i0.wp.com\\\/mama-kann-das.com\\\/wp-content\\\/uploads\\\/2020\\\/12\\\/pexels-sergey-zhumaev-948354-scaled.jpg?fit=2560%2C1707&ssl=1\",\"width\":2560,\"height\":1707,\"caption\":\"Deine Gef\u00fchle spiegeln sich in den Handlungen deiner Mitmenschen\"},{\"@type\":\"BreadcrumbList\",\"@id\":\"https:\\\/\\\/mama-kann-das.com\\\/index.php\\\/2021\\\/01\\\/05\\\/spiegel-wie-mir-mein-kind-meine-gefuhle-zeigt\\\/#breadcrumb\",\"itemListElement\":[{\"@type\":\"ListItem\",\"position\":1,\"name\":\"Startseite\",\"item\":\"https:\\\/\\\/mama-kann-das.com\\\/\"},{\"@type\":\"ListItem\",\"position\":2,\"name\":\"Spiegel &#8211; wie mir mein Kind meine Gef\u00fchle zeigt\"}]},{\"@type\":\"WebSite\",\"@id\":\"https:\\\/\\\/mama-kann-das.com\\\/#website\",\"url\":\"https:\\\/\\\/mama-kann-das.com\\\/\",\"name\":\"mama-kann-das\",\"description\":\"gelassen durch den Familienalltag\",\"publisher\":{\"@id\":\"https:\\\/\\\/mama-kann-das.com\\\/#organization\"},\"potentialAction\":[{\"@type\":\"SearchAction\",\"target\":{\"@type\":\"EntryPoint\",\"urlTemplate\":\"https:\\\/\\\/mama-kann-das.com\\\/?s={search_term_string}\"},\"query-input\":{\"@type\":\"PropertyValueSpecification\",\"valueRequired\":true,\"valueName\":\"search_term_string\"}}],\"inLanguage\":\"de\"},{\"@type\":\"Organization\",\"@id\":\"https:\\\/\\\/mama-kann-das.com\\\/#organization\",\"name\":\"mama-kann-das\",\"url\":\"https:\\\/\\\/mama-kann-das.com\\\/\",\"logo\":{\"@type\":\"ImageObject\",\"inLanguage\":\"de\",\"@id\":\"https:\\\/\\\/mama-kann-das.com\\\/#\\\/schema\\\/logo\\\/image\\\/\",\"url\":\"https:\\\/\\\/i0.wp.com\\\/mama-kann-das.com\\\/wp-content\\\/uploads\\\/2026\\\/01\\\/cropped-Banner-neu-1.png?fit=1243%2C351&ssl=1\",\"contentUrl\":\"https:\\\/\\\/i0.wp.com\\\/mama-kann-das.com\\\/wp-content\\\/uploads\\\/2026\\\/01\\\/cropped-Banner-neu-1.png?fit=1243%2C351&ssl=1\",\"width\":1243,\"height\":351,\"caption\":\"mama-kann-das\"},\"image\":{\"@id\":\"https:\\\/\\\/mama-kann-das.com\\\/#\\\/schema\\\/logo\\\/image\\\/\"}},{\"@type\":\"Person\",\"@id\":\"https:\\\/\\\/mama-kann-das.com\\\/#\\\/schema\\\/person\\\/83df833a52d90404e3f21603b1cf9e58\",\"name\":\"Corina\",\"image\":{\"@type\":\"ImageObject\",\"inLanguage\":\"de\",\"@id\":\"https:\\\/\\\/secure.gravatar.com\\\/avatar\\\/791919cd4962f2a440718b8180fea719c288cc66c4bc5413544ada69564aa24f?s=96&d=mm&r=g\",\"url\":\"https:\\\/\\\/secure.gravatar.com\\\/avatar\\\/791919cd4962f2a440718b8180fea719c288cc66c4bc5413544ada69564aa24f?s=96&d=mm&r=g\",\"contentUrl\":\"https:\\\/\\\/secure.gravatar.com\\\/avatar\\\/791919cd4962f2a440718b8180fea719c288cc66c4bc5413544ada69564aa24f?s=96&d=mm&r=g\",\"caption\":\"Corina\"},\"sameAs\":[\"https:\\\/\\\/mama-kann-das.com\",\"facebook.com\\\/corinakanndas\",\"instagram.com\\\/mama.kann.das\"],\"url\":\"https:\\\/\\\/mama-kann-das.com\\\/index.php\\\/author\\\/c_zimmermann_l38n2d31\\\/\"}]}<\/script>\n<!-- \/ Yoast SEO plugin. -->","yoast_head_json":{"title":"Spiegel - wie mir mein Kind meine Gef\u00fchle zeigt - mama-kann-das","description":"Dein Kind ist wild und frech? Was m\u00f6chte es dir mit diesem Verhalten zeigen? Dein Kind ist dein Spiegel. Schaue genau hin.","robots":{"index":"index","follow":"follow","max-snippet":"max-snippet:-1","max-image-preview":"max-image-preview:large","max-video-preview":"max-video-preview:-1"},"canonical":"https:\/\/mama-kann-das.com\/index.php\/2021\/01\/05\/spiegel-wie-mir-mein-kind-meine-gefuhle-zeigt\/","og_locale":"de_DE","og_type":"article","og_title":"Spiegel - wie mir mein Kind meine Gef\u00fchle zeigt - mama-kann-das","og_description":"Dein Kind ist wild und frech? Was m\u00f6chte es dir mit diesem Verhalten zeigen? Dein Kind ist dein Spiegel. Schaue genau hin.","og_url":"https:\/\/mama-kann-das.com\/index.php\/2021\/01\/05\/spiegel-wie-mir-mein-kind-meine-gefuhle-zeigt\/","og_site_name":"mama-kann-das","article_author":"facebook.com\/corinakanndas","article_published_time":"2021-01-05T06:20:00+00:00","og_image":[{"width":2560,"height":1707,"url":"https:\/\/mama-kann-das.com\/wp-content\/uploads\/2020\/12\/pexels-sergey-zhumaev-948354-scaled.jpg","type":"image\/jpeg"}],"author":"Corina","twitter_card":"summary_large_image","twitter_misc":{"Verfasst von":"Corina","Gesch\u00e4tzte Lesezeit":"4\u00a0Minuten"},"schema":{"@context":"https:\/\/schema.org","@graph":[{"@type":"Article","@id":"https:\/\/mama-kann-das.com\/index.php\/2021\/01\/05\/spiegel-wie-mir-mein-kind-meine-gefuhle-zeigt\/#article","isPartOf":{"@id":"https:\/\/mama-kann-das.com\/index.php\/2021\/01\/05\/spiegel-wie-mir-mein-kind-meine-gefuhle-zeigt\/"},"author":{"name":"Corina","@id":"https:\/\/mama-kann-das.com\/#\/schema\/person\/83df833a52d90404e3f21603b1cf9e58"},"headline":"Spiegel &#8211; wie mir mein Kind meine Gef\u00fchle zeigt","datePublished":"2021-01-05T06:20:00+00:00","mainEntityOfPage":{"@id":"https:\/\/mama-kann-das.com\/index.php\/2021\/01\/05\/spiegel-wie-mir-mein-kind-meine-gefuhle-zeigt\/"},"wordCount":818,"commentCount":0,"publisher":{"@id":"https:\/\/mama-kann-das.com\/#organization"},"image":{"@id":"https:\/\/mama-kann-das.com\/index.php\/2021\/01\/05\/spiegel-wie-mir-mein-kind-meine-gefuhle-zeigt\/#primaryimage"},"thumbnailUrl":"https:\/\/i0.wp.com\/mama-kann-das.com\/wp-content\/uploads\/2020\/12\/pexels-sergey-zhumaev-948354-scaled.jpg?fit=2560%2C1707&ssl=1","keywords":["Erziehung","Gef\u00fchle","Reflexion","Spiegel"],"articleSection":["Erziehung","Lieben","Mama &amp; Papa"],"inLanguage":"de","potentialAction":[{"@type":"CommentAction","name":"Comment","target":["https:\/\/mama-kann-das.com\/index.php\/2021\/01\/05\/spiegel-wie-mir-mein-kind-meine-gefuhle-zeigt\/#respond"]}]},{"@type":"WebPage","@id":"https:\/\/mama-kann-das.com\/index.php\/2021\/01\/05\/spiegel-wie-mir-mein-kind-meine-gefuhle-zeigt\/","url":"https:\/\/mama-kann-das.com\/index.php\/2021\/01\/05\/spiegel-wie-mir-mein-kind-meine-gefuhle-zeigt\/","name":"Spiegel - wie mir mein Kind meine Gef\u00fchle zeigt - mama-kann-das","isPartOf":{"@id":"https:\/\/mama-kann-das.com\/#website"},"primaryImageOfPage":{"@id":"https:\/\/mama-kann-das.com\/index.php\/2021\/01\/05\/spiegel-wie-mir-mein-kind-meine-gefuhle-zeigt\/#primaryimage"},"image":{"@id":"https:\/\/mama-kann-das.com\/index.php\/2021\/01\/05\/spiegel-wie-mir-mein-kind-meine-gefuhle-zeigt\/#primaryimage"},"thumbnailUrl":"https:\/\/i0.wp.com\/mama-kann-das.com\/wp-content\/uploads\/2020\/12\/pexels-sergey-zhumaev-948354-scaled.jpg?fit=2560%2C1707&ssl=1","datePublished":"2021-01-05T06:20:00+00:00","description":"Dein Kind ist wild und frech? Was m\u00f6chte es dir mit diesem Verhalten zeigen? Dein Kind ist dein Spiegel. Schaue genau hin.","breadcrumb":{"@id":"https:\/\/mama-kann-das.com\/index.php\/2021\/01\/05\/spiegel-wie-mir-mein-kind-meine-gefuhle-zeigt\/#breadcrumb"},"inLanguage":"de","potentialAction":[{"@type":"ReadAction","target":["https:\/\/mama-kann-das.com\/index.php\/2021\/01\/05\/spiegel-wie-mir-mein-kind-meine-gefuhle-zeigt\/"]}]},{"@type":"ImageObject","inLanguage":"de","@id":"https:\/\/mama-kann-das.com\/index.php\/2021\/01\/05\/spiegel-wie-mir-mein-kind-meine-gefuhle-zeigt\/#primaryimage","url":"https:\/\/i0.wp.com\/mama-kann-das.com\/wp-content\/uploads\/2020\/12\/pexels-sergey-zhumaev-948354-scaled.jpg?fit=2560%2C1707&ssl=1","contentUrl":"https:\/\/i0.wp.com\/mama-kann-das.com\/wp-content\/uploads\/2020\/12\/pexels-sergey-zhumaev-948354-scaled.jpg?fit=2560%2C1707&ssl=1","width":2560,"height":1707,"caption":"Deine Gef\u00fchle spiegeln sich in den Handlungen deiner Mitmenschen"},{"@type":"BreadcrumbList","@id":"https:\/\/mama-kann-das.com\/index.php\/2021\/01\/05\/spiegel-wie-mir-mein-kind-meine-gefuhle-zeigt\/#breadcrumb","itemListElement":[{"@type":"ListItem","position":1,"name":"Startseite","item":"https:\/\/mama-kann-das.com\/"},{"@type":"ListItem","position":2,"name":"Spiegel &#8211; wie mir mein Kind meine Gef\u00fchle zeigt"}]},{"@type":"WebSite","@id":"https:\/\/mama-kann-das.com\/#website","url":"https:\/\/mama-kann-das.com\/","name":"mama-kann-das","description":"gelassen durch den Familienalltag","publisher":{"@id":"https:\/\/mama-kann-das.com\/#organization"},"potentialAction":[{"@type":"SearchAction","target":{"@type":"EntryPoint","urlTemplate":"https:\/\/mama-kann-das.com\/?s={search_term_string}"},"query-input":{"@type":"PropertyValueSpecification","valueRequired":true,"valueName":"search_term_string"}}],"inLanguage":"de"},{"@type":"Organization","@id":"https:\/\/mama-kann-das.com\/#organization","name":"mama-kann-das","url":"https:\/\/mama-kann-das.com\/","logo":{"@type":"ImageObject","inLanguage":"de","@id":"https:\/\/mama-kann-das.com\/#\/schema\/logo\/image\/","url":"https:\/\/i0.wp.com\/mama-kann-das.com\/wp-content\/uploads\/2026\/01\/cropped-Banner-neu-1.png?fit=1243%2C351&ssl=1","contentUrl":"https:\/\/i0.wp.com\/mama-kann-das.com\/wp-content\/uploads\/2026\/01\/cropped-Banner-neu-1.png?fit=1243%2C351&ssl=1","width":1243,"height":351,"caption":"mama-kann-das"},"image":{"@id":"https:\/\/mama-kann-das.com\/#\/schema\/logo\/image\/"}},{"@type":"Person","@id":"https:\/\/mama-kann-das.com\/#\/schema\/person\/83df833a52d90404e3f21603b1cf9e58","name":"Corina","image":{"@type":"ImageObject","inLanguage":"de","@id":"https:\/\/secure.gravatar.com\/avatar\/791919cd4962f2a440718b8180fea719c288cc66c4bc5413544ada69564aa24f?s=96&d=mm&r=g","url":"https:\/\/secure.gravatar.com\/avatar\/791919cd4962f2a440718b8180fea719c288cc66c4bc5413544ada69564aa24f?s=96&d=mm&r=g","contentUrl":"https:\/\/secure.gravatar.com\/avatar\/791919cd4962f2a440718b8180fea719c288cc66c4bc5413544ada69564aa24f?s=96&d=mm&r=g","caption":"Corina"},"sameAs":["https:\/\/mama-kann-das.com","facebook.com\/corinakanndas","instagram.com\/mama.kann.das"],"url":"https:\/\/mama-kann-das.com\/index.php\/author\/c_zimmermann_l38n2d31\/"}]}},"jetpack_featured_media_url":"https:\/\/i0.wp.com\/mama-kann-das.com\/wp-content\/uploads\/2020\/12\/pexels-sergey-zhumaev-948354-scaled.jpg?fit=2560%2C1707&ssl=1","jetpack_sharing_enabled":true,"_links":{"self":[{"href":"https:\/\/mama-kann-das.com\/index.php\/wp-json\/wp\/v2\/posts\/561","targetHints":{"allow":["GET"]}}],"collection":[{"href":"https:\/\/mama-kann-das.com\/index.php\/wp-json\/wp\/v2\/posts"}],"about":[{"href":"https:\/\/mama-kann-das.com\/index.php\/wp-json\/wp\/v2\/types\/post"}],"author":[{"embeddable":true,"href":"https:\/\/mama-kann-das.com\/index.php\/wp-json\/wp\/v2\/users\/1"}],"replies":[{"embeddable":true,"href":"https:\/\/mama-kann-das.com\/index.php\/wp-json\/wp\/v2\/comments?post=561"}],"version-history":[{"count":5,"href":"https:\/\/mama-kann-das.com\/index.php\/wp-json\/wp\/v2\/posts\/561\/revisions"}],"predecessor-version":[{"id":575,"href":"https:\/\/mama-kann-das.com\/index.php\/wp-json\/wp\/v2\/posts\/561\/revisions\/575"}],"wp:featuredmedia":[{"embeddable":true,"href":"https:\/\/mama-kann-das.com\/index.php\/wp-json\/wp\/v2\/media\/569"}],"wp:attachment":[{"href":"https:\/\/mama-kann-das.com\/index.php\/wp-json\/wp\/v2\/media?parent=561"}],"wp:term":[{"taxonomy":"category","embeddable":true,"href":"https:\/\/mama-kann-das.com\/index.php\/wp-json\/wp\/v2\/categories?post=561"},{"taxonomy":"post_tag","embeddable":true,"href":"https:\/\/mama-kann-das.com\/index.php\/wp-json\/wp\/v2\/tags?post=561"}],"curies":[{"name":"wp","href":"https:\/\/api.w.org\/{rel}","templated":true}]}}