{"id":420,"date":"2020-10-26T06:00:00","date_gmt":"2020-10-26T06:00:00","guid":{"rendered":"https:\/\/mama-kann-das.com\/?p=420"},"modified":"2020-10-29T19:53:36","modified_gmt":"2020-10-29T19:53:36","slug":"tag-der-toten","status":"publish","type":"post","link":"https:\/\/mama-kann-das.com\/index.php\/2020\/10\/26\/tag-der-toten\/","title":{"rendered":"Dia de muertos &#8211; der Tag der Toten"},"content":{"rendered":"\n<p class=\"has-small-font-size\"><em>Werbung &#8211; Gewinnspiel<\/em><\/p>\n\n\n\n<p class=\"has-drop-cap\">Sp\u00e4testens seit dem Film &#8222;Coco &#8211; lebendiger als das Leben&#8220; erfreut sich der Tag der Toten an immer gr\u00f6sserer Bekannt- und Beliebtheit. <\/p>\n\n\n\n<p>W\u00e4hrend viele unter euch die Spinnweben herausholen, K\u00fcrbisse aush\u00f6hlen und sich auf Halloween freuen, fangen bei uns zu Hause die Vorbereitungen f\u00fcr die R\u00fcckkehr der Verstorbenen an. In Mexiko, der Heimat meines Mannes, glaubt man, dass die Toten am ersten und zweiten November zur\u00fcck ins Reich der Lebenden kommen, um mit ihnen zu essen, tanzen und feiern.<\/p>\n\n\n\n<p>Es ist ein freudiges Ereignis. Die Familie kommt zusammen und man erz\u00e4hlt Geschichten aus vergangenen Zeiten.<\/p>\n\n\n\n<h2 class=\"wp-block-heading\">Die Toten willkommen heissen<\/h2>\n\n\n\n<p>Da Mexiko mit seinen Braucht\u00fcmern und Traditionen eine grosse Rolle in unserem (Familien-)Leben spielt, ist es nur nat\u00fcrlich, dass wir auch diese Tage im November feiern.<\/p>\n\n\n\n<div class=\"wp-block-image\"><figure class=\"alignright size-large is-resized\"><img data-recalc-dims=\"1\" decoding=\"async\" src=\"https:\/\/i0.wp.com\/mama-kann-das.com\/wp-content\/uploads\/2020\/10\/122724184_2900610653494394_7009932191157653996_n-1.jpg?resize=155%2C207&#038;ssl=1\" alt=\"Calaveras aus Salzteig zum Tag der Toten\" class=\"wp-image-434\" width=\"155\" height=\"207\" srcset=\"https:\/\/i0.wp.com\/mama-kann-das.com\/wp-content\/uploads\/2020\/10\/122724184_2900610653494394_7009932191157653996_n-1.jpg?resize=764%2C1024&amp;ssl=1 764w, https:\/\/i0.wp.com\/mama-kann-das.com\/wp-content\/uploads\/2020\/10\/122724184_2900610653494394_7009932191157653996_n-1.jpg?resize=600%2C804&amp;ssl=1 600w, https:\/\/i0.wp.com\/mama-kann-das.com\/wp-content\/uploads\/2020\/10\/122724184_2900610653494394_7009932191157653996_n-1.jpg?resize=224%2C300&amp;ssl=1 224w, https:\/\/i0.wp.com\/mama-kann-das.com\/wp-content\/uploads\/2020\/10\/122724184_2900610653494394_7009932191157653996_n-1.jpg?resize=768%2C1029&amp;ssl=1 768w, https:\/\/i0.wp.com\/mama-kann-das.com\/wp-content\/uploads\/2020\/10\/122724184_2900610653494394_7009932191157653996_n-1.jpg?resize=1146%2C1536&amp;ssl=1 1146w, https:\/\/i0.wp.com\/mama-kann-das.com\/wp-content\/uploads\/2020\/10\/122724184_2900610653494394_7009932191157653996_n-1.jpg?w=1504&amp;ssl=1 1504w, https:\/\/i0.wp.com\/mama-kann-das.com\/wp-content\/uploads\/2020\/10\/122724184_2900610653494394_7009932191157653996_n-1.jpg?w=1280&amp;ssl=1 1280w\" sizes=\"(max-width: 155px) 100vw, 155px\" \/><\/figure><\/div>\n\n\n\n<p>Auch wenn Rabauke noch nicht ganz versteht, worum es geht, versuche ich ihn m\u00f6glichst in die Vorbereitungen mit einzubeziehen. Wir basteln zusammen und dekorieren den Altar mit Fotos und Speisen.<\/p>\n\n\n\n<p>Am ersten November werden wir uns ins Wohnzimmer setzen und den Geschichten meines Mannes lauschen, w\u00e4hrend er von den Abenteuern seines verstorbenen Vaters erz\u00e4hlt.<\/p>\n\n\n\n<h2 class=\"wp-block-heading\">Freude schenken am Dia de muertos<\/h2>\n\n\n\n<p>Damit der Tag auch zu eurem Freudentag wird, habe ich mir ein kleines Gewinnspiel \u00fcberlegt. Und zwar m\u00f6chte ich, passend zum Tag der Toten, ein Paket von <a href=\"https:\/\/www.mecanicojeans.mx\/\">MECANICO JEANS<\/a>, bestehend aus Tasche und T-Shirt, verlosen. MECANICO JEANS ist ein mexikanisches Fashion-Label, dass qualitativ hochwertig und ausschliesslich in Mexiko produziert. Ich liebe ihre Designs, von schlicht bis auffallend und oft auch ein wenig provokativ.<\/p>\n\n\n\n<div class=\"wp-block-image\"><figure class=\"aligncenter size-large is-resized\"><img data-recalc-dims=\"1\" fetchpriority=\"high\" decoding=\"async\" src=\"https:\/\/i0.wp.com\/mama-kann-das.com\/wp-content\/uploads\/2020\/10\/122744283_348136383083105_6814038215757728497_n.jpg?resize=353%2C473&#038;ssl=1\" alt=\"Dieses tolle Set bestehend aus Tasche und Shirt gibt es zum Tag der Toten zu gewinnen.\" class=\"wp-image-433\" width=\"353\" height=\"473\" srcset=\"https:\/\/i0.wp.com\/mama-kann-das.com\/wp-content\/uploads\/2020\/10\/122744283_348136383083105_6814038215757728497_n.jpg?resize=764%2C1024&amp;ssl=1 764w, https:\/\/i0.wp.com\/mama-kann-das.com\/wp-content\/uploads\/2020\/10\/122744283_348136383083105_6814038215757728497_n.jpg?resize=600%2C804&amp;ssl=1 600w, https:\/\/i0.wp.com\/mama-kann-das.com\/wp-content\/uploads\/2020\/10\/122744283_348136383083105_6814038215757728497_n.jpg?resize=224%2C300&amp;ssl=1 224w, https:\/\/i0.wp.com\/mama-kann-das.com\/wp-content\/uploads\/2020\/10\/122744283_348136383083105_6814038215757728497_n.jpg?resize=768%2C1029&amp;ssl=1 768w, https:\/\/i0.wp.com\/mama-kann-das.com\/wp-content\/uploads\/2020\/10\/122744283_348136383083105_6814038215757728497_n.jpg?resize=1146%2C1536&amp;ssl=1 1146w, https:\/\/i0.wp.com\/mama-kann-das.com\/wp-content\/uploads\/2020\/10\/122744283_348136383083105_6814038215757728497_n.jpg?w=1504&amp;ssl=1 1504w, https:\/\/i0.wp.com\/mama-kann-das.com\/wp-content\/uploads\/2020\/10\/122744283_348136383083105_6814038215757728497_n.jpg?w=1280&amp;ssl=1 1280w\" sizes=\"(max-width: 353px) 100vw, 353px\" \/><figcaption>Gewinne diese tolle Tasche und das coole T-Shirt.<\/figcaption><\/figure><\/div>\n\n\n\n<p>Was du tun musst, fragst du dich?<\/p>\n\n\n\n<p>Ganz einfach:<\/p>\n\n\n\n<ol class=\"wp-block-list\"><li>Folge mir auf <a href=\"https:\/\/www.facebook.com\/corinakanndas\" target=\"_blank\" rel=\"noreferrer noopener\">Facebook<\/a>. <\/li><li>Kommentiere diesen Beitrag.<\/li><\/ol>\n\n\n\n<p>Und schon h\u00fcpfst du in den Lostopf. Der Gewinner wird am <strong>10.11.20<\/strong> unter allen Teilnehmern ausgelost und pers\u00f6nlich benachrichtigt. Die weiteren Teilnahmebedingungen findet ihr <a href=\"https:\/\/mama-kann-das.com\/index.php\/gewinnspiele\/\">hier<\/a>.<\/p>\n\n\n\n<p>Viel Gl\u00fcck.<\/p>\n\n\n\n<p>Eure<\/p>\n\n\n<p class=\"fonts-plugin-block \" style=\"font-family: Satisfy;font-size: 50px\">Corina<\/p>\n\n\n<p><\/p>\n","protected":false},"excerpt":{"rendered":"<p>Werbung &#8211; Gewinnspiel Sp\u00e4testens seit dem Film &#8222;Coco &#8211; lebendiger als das Leben&#8220; erfreut sich der Tag der Toten an immer gr\u00f6sserer Bekannt- und Beliebtheit. W\u00e4hrend viele unter euch die Spinnweben herausholen, K\u00fcrbisse aush\u00f6hlen und sich auf Halloween freuen, fangen&#8230;<\/p>\n","protected":false},"author":1,"featured_media":435,"comment_status":"open","ping_status":"open","sticky":false,"template":"","format":"standard","meta":{"jetpack_post_was_ever_published":false,"_jetpack_newsletter_access":"","_jetpack_dont_email_post_to_subs":false,"_jetpack_newsletter_tier_id":0,"_jetpack_memberships_contains_paywalled_content":false,"_jetpack_memberships_contains_paid_content":false,"footnotes":""},"categories":[28,25],"tags":[59,61,63,62,60],"class_list":["post-420","post","type-post","status-publish","format-standard","has-post-thumbnail","hentry","category-leben","category-reisen-ausfluege","tag-feier","tag-mexiko","tag-november","tag-tag-der-toten","tag-tradition"],"yoast_head":"<!-- This site is optimized with the Yoast SEO plugin v27.4 - https:\/\/yoast.com\/product\/yoast-seo-wordpress\/ -->\n<title>Dia de muertos - der Tag der Toten - mama-kann-das<\/title>\n<meta name=\"description\" content=\"Dia de muertos - der mexikanische Tag der Toten naht. Begleitet mich bei den Vorbereitungen weit weg von Mexiko und gewinnt mit etwas Gl\u00fcck tolle Preise!\" \/>\n<meta name=\"robots\" content=\"index, follow, max-snippet:-1, max-image-preview:large, max-video-preview:-1\" \/>\n<link rel=\"canonical\" href=\"https:\/\/mama-kann-das.com\/index.php\/2020\/10\/26\/tag-der-toten\/\" \/>\n<meta property=\"og:locale\" content=\"de_DE\" \/>\n<meta property=\"og:type\" content=\"article\" \/>\n<meta property=\"og:title\" content=\"Dia de muertos - der Tag der Toten - mama-kann-das\" \/>\n<meta property=\"og:description\" content=\"Dia de muertos - der mexikanische Tag der Toten naht. Begleitet mich bei den Vorbereitungen weit weg von Mexiko und gewinnt mit etwas Gl\u00fcck tolle Preise!\" \/>\n<meta property=\"og:url\" content=\"https:\/\/mama-kann-das.com\/index.php\/2020\/10\/26\/tag-der-toten\/\" \/>\n<meta property=\"og:site_name\" content=\"mama-kann-das\" \/>\n<meta property=\"article:author\" content=\"facebook.com\/corinakanndas\" \/>\n<meta property=\"article:published_time\" content=\"2020-10-26T06:00:00+00:00\" \/>\n<meta property=\"article:modified_time\" content=\"2020-10-29T19:53:36+00:00\" \/>\n<meta property=\"og:image\" content=\"https:\/\/mama-kann-das.com\/wp-content\/uploads\/2020\/10\/pexels-chait-goli-1918290-scaled.jpg\" \/>\n\t<meta property=\"og:image:width\" content=\"2048\" \/>\n\t<meta property=\"og:image:height\" content=\"2560\" \/>\n\t<meta property=\"og:image:type\" content=\"image\/jpeg\" \/>\n<meta name=\"author\" content=\"Corina\" \/>\n<meta name=\"twitter:card\" content=\"summary_large_image\" \/>\n<meta name=\"twitter:label1\" content=\"Verfasst von\" \/>\n\t<meta name=\"twitter:data1\" content=\"Corina\" \/>\n\t<meta name=\"twitter:label2\" content=\"Gesch\u00e4tzte Lesezeit\" \/>\n\t<meta name=\"twitter:data2\" content=\"2\u00a0Minuten\" \/>\n<script type=\"application\/ld+json\" class=\"yoast-schema-graph\">{\"@context\":\"https:\\\/\\\/schema.org\",\"@graph\":[{\"@type\":\"Article\",\"@id\":\"https:\\\/\\\/mama-kann-das.com\\\/index.php\\\/2020\\\/10\\\/26\\\/tag-der-toten\\\/#article\",\"isPartOf\":{\"@id\":\"https:\\\/\\\/mama-kann-das.com\\\/index.php\\\/2020\\\/10\\\/26\\\/tag-der-toten\\\/\"},\"author\":{\"name\":\"Corina\",\"@id\":\"https:\\\/\\\/mama-kann-das.com\\\/#\\\/schema\\\/person\\\/83df833a52d90404e3f21603b1cf9e58\"},\"headline\":\"Dia de muertos &#8211; der Tag der Toten\",\"datePublished\":\"2020-10-26T06:00:00+00:00\",\"dateModified\":\"2020-10-29T19:53:36+00:00\",\"mainEntityOfPage\":{\"@id\":\"https:\\\/\\\/mama-kann-das.com\\\/index.php\\\/2020\\\/10\\\/26\\\/tag-der-toten\\\/\"},\"wordCount\":329,\"commentCount\":8,\"publisher\":{\"@id\":\"https:\\\/\\\/mama-kann-das.com\\\/#organization\"},\"image\":{\"@id\":\"https:\\\/\\\/mama-kann-das.com\\\/index.php\\\/2020\\\/10\\\/26\\\/tag-der-toten\\\/#primaryimage\"},\"thumbnailUrl\":\"https:\\\/\\\/i0.wp.com\\\/mama-kann-das.com\\\/wp-content\\\/uploads\\\/2020\\\/10\\\/pexels-chait-goli-1918290-scaled.jpg?fit=2048%2C2560&ssl=1\",\"keywords\":[\"Feier\",\"Mexiko\",\"November\",\"Tag der Toten\",\"Tradition\"],\"articleSection\":[\"Leben\",\"Reisen &amp; Ausfl\u00fcge\"],\"inLanguage\":\"de\",\"potentialAction\":[{\"@type\":\"CommentAction\",\"name\":\"Comment\",\"target\":[\"https:\\\/\\\/mama-kann-das.com\\\/index.php\\\/2020\\\/10\\\/26\\\/tag-der-toten\\\/#respond\"]}]},{\"@type\":\"WebPage\",\"@id\":\"https:\\\/\\\/mama-kann-das.com\\\/index.php\\\/2020\\\/10\\\/26\\\/tag-der-toten\\\/\",\"url\":\"https:\\\/\\\/mama-kann-das.com\\\/index.php\\\/2020\\\/10\\\/26\\\/tag-der-toten\\\/\",\"name\":\"Dia de muertos - der Tag der Toten - mama-kann-das\",\"isPartOf\":{\"@id\":\"https:\\\/\\\/mama-kann-das.com\\\/#website\"},\"primaryImageOfPage\":{\"@id\":\"https:\\\/\\\/mama-kann-das.com\\\/index.php\\\/2020\\\/10\\\/26\\\/tag-der-toten\\\/#primaryimage\"},\"image\":{\"@id\":\"https:\\\/\\\/mama-kann-das.com\\\/index.php\\\/2020\\\/10\\\/26\\\/tag-der-toten\\\/#primaryimage\"},\"thumbnailUrl\":\"https:\\\/\\\/i0.wp.com\\\/mama-kann-das.com\\\/wp-content\\\/uploads\\\/2020\\\/10\\\/pexels-chait-goli-1918290-scaled.jpg?fit=2048%2C2560&ssl=1\",\"datePublished\":\"2020-10-26T06:00:00+00:00\",\"dateModified\":\"2020-10-29T19:53:36+00:00\",\"description\":\"Dia de muertos - der mexikanische Tag der Toten naht. Begleitet mich bei den Vorbereitungen weit weg von Mexiko und gewinnt mit etwas Gl\u00fcck tolle Preise!\",\"breadcrumb\":{\"@id\":\"https:\\\/\\\/mama-kann-das.com\\\/index.php\\\/2020\\\/10\\\/26\\\/tag-der-toten\\\/#breadcrumb\"},\"inLanguage\":\"de\",\"potentialAction\":[{\"@type\":\"ReadAction\",\"target\":[\"https:\\\/\\\/mama-kann-das.com\\\/index.php\\\/2020\\\/10\\\/26\\\/tag-der-toten\\\/\"]}]},{\"@type\":\"ImageObject\",\"inLanguage\":\"de\",\"@id\":\"https:\\\/\\\/mama-kann-das.com\\\/index.php\\\/2020\\\/10\\\/26\\\/tag-der-toten\\\/#primaryimage\",\"url\":\"https:\\\/\\\/i0.wp.com\\\/mama-kann-das.com\\\/wp-content\\\/uploads\\\/2020\\\/10\\\/pexels-chait-goli-1918290-scaled.jpg?fit=2048%2C2560&ssl=1\",\"contentUrl\":\"https:\\\/\\\/i0.wp.com\\\/mama-kann-das.com\\\/wp-content\\\/uploads\\\/2020\\\/10\\\/pexels-chait-goli-1918290-scaled.jpg?fit=2048%2C2560&ssl=1\",\"width\":2048,\"height\":2560},{\"@type\":\"BreadcrumbList\",\"@id\":\"https:\\\/\\\/mama-kann-das.com\\\/index.php\\\/2020\\\/10\\\/26\\\/tag-der-toten\\\/#breadcrumb\",\"itemListElement\":[{\"@type\":\"ListItem\",\"position\":1,\"name\":\"Startseite\",\"item\":\"https:\\\/\\\/mama-kann-das.com\\\/\"},{\"@type\":\"ListItem\",\"position\":2,\"name\":\"Dia de muertos &#8211; der Tag der Toten\"}]},{\"@type\":\"WebSite\",\"@id\":\"https:\\\/\\\/mama-kann-das.com\\\/#website\",\"url\":\"https:\\\/\\\/mama-kann-das.com\\\/\",\"name\":\"mama-kann-das\",\"description\":\"gelassen durch den Familienalltag\",\"publisher\":{\"@id\":\"https:\\\/\\\/mama-kann-das.com\\\/#organization\"},\"potentialAction\":[{\"@type\":\"SearchAction\",\"target\":{\"@type\":\"EntryPoint\",\"urlTemplate\":\"https:\\\/\\\/mama-kann-das.com\\\/?s={search_term_string}\"},\"query-input\":{\"@type\":\"PropertyValueSpecification\",\"valueRequired\":true,\"valueName\":\"search_term_string\"}}],\"inLanguage\":\"de\"},{\"@type\":\"Organization\",\"@id\":\"https:\\\/\\\/mama-kann-das.com\\\/#organization\",\"name\":\"mama-kann-das\",\"url\":\"https:\\\/\\\/mama-kann-das.com\\\/\",\"logo\":{\"@type\":\"ImageObject\",\"inLanguage\":\"de\",\"@id\":\"https:\\\/\\\/mama-kann-das.com\\\/#\\\/schema\\\/logo\\\/image\\\/\",\"url\":\"https:\\\/\\\/i0.wp.com\\\/mama-kann-das.com\\\/wp-content\\\/uploads\\\/2026\\\/01\\\/cropped-Banner-neu-1.png?fit=1243%2C351&ssl=1\",\"contentUrl\":\"https:\\\/\\\/i0.wp.com\\\/mama-kann-das.com\\\/wp-content\\\/uploads\\\/2026\\\/01\\\/cropped-Banner-neu-1.png?fit=1243%2C351&ssl=1\",\"width\":1243,\"height\":351,\"caption\":\"mama-kann-das\"},\"image\":{\"@id\":\"https:\\\/\\\/mama-kann-das.com\\\/#\\\/schema\\\/logo\\\/image\\\/\"}},{\"@type\":\"Person\",\"@id\":\"https:\\\/\\\/mama-kann-das.com\\\/#\\\/schema\\\/person\\\/83df833a52d90404e3f21603b1cf9e58\",\"name\":\"Corina\",\"image\":{\"@type\":\"ImageObject\",\"inLanguage\":\"de\",\"@id\":\"https:\\\/\\\/secure.gravatar.com\\\/avatar\\\/791919cd4962f2a440718b8180fea719c288cc66c4bc5413544ada69564aa24f?s=96&d=mm&r=g\",\"url\":\"https:\\\/\\\/secure.gravatar.com\\\/avatar\\\/791919cd4962f2a440718b8180fea719c288cc66c4bc5413544ada69564aa24f?s=96&d=mm&r=g\",\"contentUrl\":\"https:\\\/\\\/secure.gravatar.com\\\/avatar\\\/791919cd4962f2a440718b8180fea719c288cc66c4bc5413544ada69564aa24f?s=96&d=mm&r=g\",\"caption\":\"Corina\"},\"sameAs\":[\"https:\\\/\\\/mama-kann-das.com\",\"facebook.com\\\/corinakanndas\",\"instagram.com\\\/mama.kann.das\"],\"url\":\"https:\\\/\\\/mama-kann-das.com\\\/index.php\\\/author\\\/c_zimmermann_l38n2d31\\\/\"}]}<\/script>\n<!-- \/ Yoast SEO plugin. -->","yoast_head_json":{"title":"Dia de muertos - der Tag der Toten - mama-kann-das","description":"Dia de muertos - der mexikanische Tag der Toten naht. Begleitet mich bei den Vorbereitungen weit weg von Mexiko und gewinnt mit etwas Gl\u00fcck tolle Preise!","robots":{"index":"index","follow":"follow","max-snippet":"max-snippet:-1","max-image-preview":"max-image-preview:large","max-video-preview":"max-video-preview:-1"},"canonical":"https:\/\/mama-kann-das.com\/index.php\/2020\/10\/26\/tag-der-toten\/","og_locale":"de_DE","og_type":"article","og_title":"Dia de muertos - der Tag der Toten - mama-kann-das","og_description":"Dia de muertos - der mexikanische Tag der Toten naht. Begleitet mich bei den Vorbereitungen weit weg von Mexiko und gewinnt mit etwas Gl\u00fcck tolle Preise!","og_url":"https:\/\/mama-kann-das.com\/index.php\/2020\/10\/26\/tag-der-toten\/","og_site_name":"mama-kann-das","article_author":"facebook.com\/corinakanndas","article_published_time":"2020-10-26T06:00:00+00:00","article_modified_time":"2020-10-29T19:53:36+00:00","og_image":[{"width":2048,"height":2560,"url":"https:\/\/mama-kann-das.com\/wp-content\/uploads\/2020\/10\/pexels-chait-goli-1918290-scaled.jpg","type":"image\/jpeg"}],"author":"Corina","twitter_card":"summary_large_image","twitter_misc":{"Verfasst von":"Corina","Gesch\u00e4tzte Lesezeit":"2\u00a0Minuten"},"schema":{"@context":"https:\/\/schema.org","@graph":[{"@type":"Article","@id":"https:\/\/mama-kann-das.com\/index.php\/2020\/10\/26\/tag-der-toten\/#article","isPartOf":{"@id":"https:\/\/mama-kann-das.com\/index.php\/2020\/10\/26\/tag-der-toten\/"},"author":{"name":"Corina","@id":"https:\/\/mama-kann-das.com\/#\/schema\/person\/83df833a52d90404e3f21603b1cf9e58"},"headline":"Dia de muertos &#8211; der Tag der Toten","datePublished":"2020-10-26T06:00:00+00:00","dateModified":"2020-10-29T19:53:36+00:00","mainEntityOfPage":{"@id":"https:\/\/mama-kann-das.com\/index.php\/2020\/10\/26\/tag-der-toten\/"},"wordCount":329,"commentCount":8,"publisher":{"@id":"https:\/\/mama-kann-das.com\/#organization"},"image":{"@id":"https:\/\/mama-kann-das.com\/index.php\/2020\/10\/26\/tag-der-toten\/#primaryimage"},"thumbnailUrl":"https:\/\/i0.wp.com\/mama-kann-das.com\/wp-content\/uploads\/2020\/10\/pexels-chait-goli-1918290-scaled.jpg?fit=2048%2C2560&ssl=1","keywords":["Feier","Mexiko","November","Tag der Toten","Tradition"],"articleSection":["Leben","Reisen &amp; Ausfl\u00fcge"],"inLanguage":"de","potentialAction":[{"@type":"CommentAction","name":"Comment","target":["https:\/\/mama-kann-das.com\/index.php\/2020\/10\/26\/tag-der-toten\/#respond"]}]},{"@type":"WebPage","@id":"https:\/\/mama-kann-das.com\/index.php\/2020\/10\/26\/tag-der-toten\/","url":"https:\/\/mama-kann-das.com\/index.php\/2020\/10\/26\/tag-der-toten\/","name":"Dia de muertos - der Tag der Toten - mama-kann-das","isPartOf":{"@id":"https:\/\/mama-kann-das.com\/#website"},"primaryImageOfPage":{"@id":"https:\/\/mama-kann-das.com\/index.php\/2020\/10\/26\/tag-der-toten\/#primaryimage"},"image":{"@id":"https:\/\/mama-kann-das.com\/index.php\/2020\/10\/26\/tag-der-toten\/#primaryimage"},"thumbnailUrl":"https:\/\/i0.wp.com\/mama-kann-das.com\/wp-content\/uploads\/2020\/10\/pexels-chait-goli-1918290-scaled.jpg?fit=2048%2C2560&ssl=1","datePublished":"2020-10-26T06:00:00+00:00","dateModified":"2020-10-29T19:53:36+00:00","description":"Dia de muertos - der mexikanische Tag der Toten naht. Begleitet mich bei den Vorbereitungen weit weg von Mexiko und gewinnt mit etwas Gl\u00fcck tolle Preise!","breadcrumb":{"@id":"https:\/\/mama-kann-das.com\/index.php\/2020\/10\/26\/tag-der-toten\/#breadcrumb"},"inLanguage":"de","potentialAction":[{"@type":"ReadAction","target":["https:\/\/mama-kann-das.com\/index.php\/2020\/10\/26\/tag-der-toten\/"]}]},{"@type":"ImageObject","inLanguage":"de","@id":"https:\/\/mama-kann-das.com\/index.php\/2020\/10\/26\/tag-der-toten\/#primaryimage","url":"https:\/\/i0.wp.com\/mama-kann-das.com\/wp-content\/uploads\/2020\/10\/pexels-chait-goli-1918290-scaled.jpg?fit=2048%2C2560&ssl=1","contentUrl":"https:\/\/i0.wp.com\/mama-kann-das.com\/wp-content\/uploads\/2020\/10\/pexels-chait-goli-1918290-scaled.jpg?fit=2048%2C2560&ssl=1","width":2048,"height":2560},{"@type":"BreadcrumbList","@id":"https:\/\/mama-kann-das.com\/index.php\/2020\/10\/26\/tag-der-toten\/#breadcrumb","itemListElement":[{"@type":"ListItem","position":1,"name":"Startseite","item":"https:\/\/mama-kann-das.com\/"},{"@type":"ListItem","position":2,"name":"Dia de muertos &#8211; der Tag der Toten"}]},{"@type":"WebSite","@id":"https:\/\/mama-kann-das.com\/#website","url":"https:\/\/mama-kann-das.com\/","name":"mama-kann-das","description":"gelassen durch den Familienalltag","publisher":{"@id":"https:\/\/mama-kann-das.com\/#organization"},"potentialAction":[{"@type":"SearchAction","target":{"@type":"EntryPoint","urlTemplate":"https:\/\/mama-kann-das.com\/?s={search_term_string}"},"query-input":{"@type":"PropertyValueSpecification","valueRequired":true,"valueName":"search_term_string"}}],"inLanguage":"de"},{"@type":"Organization","@id":"https:\/\/mama-kann-das.com\/#organization","name":"mama-kann-das","url":"https:\/\/mama-kann-das.com\/","logo":{"@type":"ImageObject","inLanguage":"de","@id":"https:\/\/mama-kann-das.com\/#\/schema\/logo\/image\/","url":"https:\/\/i0.wp.com\/mama-kann-das.com\/wp-content\/uploads\/2026\/01\/cropped-Banner-neu-1.png?fit=1243%2C351&ssl=1","contentUrl":"https:\/\/i0.wp.com\/mama-kann-das.com\/wp-content\/uploads\/2026\/01\/cropped-Banner-neu-1.png?fit=1243%2C351&ssl=1","width":1243,"height":351,"caption":"mama-kann-das"},"image":{"@id":"https:\/\/mama-kann-das.com\/#\/schema\/logo\/image\/"}},{"@type":"Person","@id":"https:\/\/mama-kann-das.com\/#\/schema\/person\/83df833a52d90404e3f21603b1cf9e58","name":"Corina","image":{"@type":"ImageObject","inLanguage":"de","@id":"https:\/\/secure.gravatar.com\/avatar\/791919cd4962f2a440718b8180fea719c288cc66c4bc5413544ada69564aa24f?s=96&d=mm&r=g","url":"https:\/\/secure.gravatar.com\/avatar\/791919cd4962f2a440718b8180fea719c288cc66c4bc5413544ada69564aa24f?s=96&d=mm&r=g","contentUrl":"https:\/\/secure.gravatar.com\/avatar\/791919cd4962f2a440718b8180fea719c288cc66c4bc5413544ada69564aa24f?s=96&d=mm&r=g","caption":"Corina"},"sameAs":["https:\/\/mama-kann-das.com","facebook.com\/corinakanndas","instagram.com\/mama.kann.das"],"url":"https:\/\/mama-kann-das.com\/index.php\/author\/c_zimmermann_l38n2d31\/"}]}},"jetpack_featured_media_url":"https:\/\/i0.wp.com\/mama-kann-das.com\/wp-content\/uploads\/2020\/10\/pexels-chait-goli-1918290-scaled.jpg?fit=2048%2C2560&ssl=1","jetpack_sharing_enabled":true,"_links":{"self":[{"href":"https:\/\/mama-kann-das.com\/index.php\/wp-json\/wp\/v2\/posts\/420","targetHints":{"allow":["GET"]}}],"collection":[{"href":"https:\/\/mama-kann-das.com\/index.php\/wp-json\/wp\/v2\/posts"}],"about":[{"href":"https:\/\/mama-kann-das.com\/index.php\/wp-json\/wp\/v2\/types\/post"}],"author":[{"embeddable":true,"href":"https:\/\/mama-kann-das.com\/index.php\/wp-json\/wp\/v2\/users\/1"}],"replies":[{"embeddable":true,"href":"https:\/\/mama-kann-das.com\/index.php\/wp-json\/wp\/v2\/comments?post=420"}],"version-history":[{"count":9,"href":"https:\/\/mama-kann-das.com\/index.php\/wp-json\/wp\/v2\/posts\/420\/revisions"}],"predecessor-version":[{"id":440,"href":"https:\/\/mama-kann-das.com\/index.php\/wp-json\/wp\/v2\/posts\/420\/revisions\/440"}],"wp:featuredmedia":[{"embeddable":true,"href":"https:\/\/mama-kann-das.com\/index.php\/wp-json\/wp\/v2\/media\/435"}],"wp:attachment":[{"href":"https:\/\/mama-kann-das.com\/index.php\/wp-json\/wp\/v2\/media?parent=420"}],"wp:term":[{"taxonomy":"category","embeddable":true,"href":"https:\/\/mama-kann-das.com\/index.php\/wp-json\/wp\/v2\/categories?post=420"},{"taxonomy":"post_tag","embeddable":true,"href":"https:\/\/mama-kann-das.com\/index.php\/wp-json\/wp\/v2\/tags?post=420"}],"curies":[{"name":"wp","href":"https:\/\/api.w.org\/{rel}","templated":true}]}}