{"id":383,"date":"2020-10-12T18:46:46","date_gmt":"2020-10-12T18:46:46","guid":{"rendered":"https:\/\/mama-kann-das.com\/?p=383"},"modified":"2024-09-02T14:17:17","modified_gmt":"2024-09-02T12:17:17","slug":"postpartale-depression","status":"publish","type":"post","link":"https:\/\/mama-kann-das.com\/index.php\/2020\/10\/12\/postpartale-depression\/","title":{"rendered":"postpartale Depression &#8211; die Dunkelheit nach der Geburt"},"content":{"rendered":"\n<p><em>Ich sa\u00df lange \u00fcber diesen Zeilen, wusste nicht ob ich sie ver\u00f6ffentlichen soll. Aber vielleicht gibt es da draussen eine Mutter, die \u00e4hnlich f\u00fchlt. Postpartale Depression, ein Tabuthema mit dem wir endlich brechen sollten.<\/em><\/p>\n\n\n\n<p>Endlich bist du da. Die letzten Tage waren anstrengend. Doch nun sind wir zu Hause. In unseren vier W\u00e4nden. In unserem daheim. Ich liege mit dir auf dem Bett und schaue dich an. Ich sollte die gl\u00fccklichste Mama sein. Du bist so vollkommen. Ein gesunder, h\u00fcbscher Junge. Doch ich f\u00fchle nichts. Ich horche in mich hinein. Da ist nichts. Nichts gl\u00fcckliches. Nichts liebendes. Eine einzige Leere. Ich bin mir fast sicher, es ist nur ein Traum. Die Geburt war kr\u00e4ftezehrend. Ich bin m\u00fcde. Ich will schlafen. Wenn ich aufwache, ist mein altes Leben zur\u00fcck. Ohne Kind. Ohne Verantwortung.<\/p>\n\n\n\n<p>Doch das passiert nicht. Du bist immer noch da. Mein Leben wurde von einer Sekunde auf die andere auf den Kopf gestellt. Ich m\u00f6chte die Zeit zur\u00fcck drehen. Doch das kann ich nicht.<\/p>\n\n\n\n<h2 class=\"wp-block-heading\">Die Fassade aufrechterhalten<\/h2>\n\n\n\n<p>Die n\u00e4chsten Tage und Wochen funktioniere ich. Ich bade dich. Stille dich. Ich trage dich. Und ich frage mich immer wieder, warum ich nichts f\u00fchle. Wo ist die Mutterliebe? Was ist falsch mit mir?<\/p>\n\n\n\n<p>Andere M\u00fctter erz\u00e4hlen mir von ihren ersten Wochen. Vom Baby Blues. Von \u00dcberforderung. Und gleichzeitig von noch nie gesp\u00fcrter Liebe. Von Anfang an.<\/p>\n\n\n\n<p>Im Internet gibt es unz\u00e4hlige M\u00fctter, die von Gef\u00fchlschaos erz\u00e4hlen. Von Hormonumstellung. Von Liebe. Und von Gl\u00fcck.<\/p>\n\n\n\n<p>Ich f\u00fchle mich schlecht.<\/p>\n\n\n<div class=\"wp-block-image\">\n<figure class=\"alignright size-large is-resized\"><img data-recalc-dims=\"1\" fetchpriority=\"high\" decoding=\"async\" width=\"640\" height=\"427\" src=\"https:\/\/i0.wp.com\/mama-kann-das.com\/wp-content\/uploads\/2020\/10\/pexels-kat-jayne-568027.jpg?resize=640%2C427&#038;ssl=1\" alt=\"Ich sch\u00e4mte mich f\u00fcr meine Gedanken. Die postnatale Depression nahm mir jegliche Freude.\" class=\"wp-image-386\" style=\"width:333px;height:222px\" srcset=\"https:\/\/i0.wp.com\/mama-kann-das.com\/wp-content\/uploads\/2020\/10\/pexels-kat-jayne-568027-scaled.jpg?resize=1024%2C683&amp;ssl=1 1024w, https:\/\/i0.wp.com\/mama-kann-das.com\/wp-content\/uploads\/2020\/10\/pexels-kat-jayne-568027-scaled.jpg?resize=600%2C401&amp;ssl=1 600w, https:\/\/i0.wp.com\/mama-kann-das.com\/wp-content\/uploads\/2020\/10\/pexels-kat-jayne-568027-scaled.jpg?resize=300%2C200&amp;ssl=1 300w, https:\/\/i0.wp.com\/mama-kann-das.com\/wp-content\/uploads\/2020\/10\/pexels-kat-jayne-568027-scaled.jpg?resize=768%2C513&amp;ssl=1 768w, https:\/\/i0.wp.com\/mama-kann-das.com\/wp-content\/uploads\/2020\/10\/pexels-kat-jayne-568027-scaled.jpg?resize=1536%2C1025&amp;ssl=1 1536w, https:\/\/i0.wp.com\/mama-kann-das.com\/wp-content\/uploads\/2020\/10\/pexels-kat-jayne-568027-scaled.jpg?resize=2048%2C1367&amp;ssl=1 2048w, https:\/\/i0.wp.com\/mama-kann-das.com\/wp-content\/uploads\/2020\/10\/pexels-kat-jayne-568027-scaled.jpg?w=1280&amp;ssl=1 1280w, https:\/\/i0.wp.com\/mama-kann-das.com\/wp-content\/uploads\/2020\/10\/pexels-kat-jayne-568027-scaled.jpg?w=1920&amp;ssl=1 1920w\" sizes=\"(max-width: 640px) 100vw, 640px\" \/><\/figure>\n<\/div>\n\n\n<p>Ich sch\u00e4me mich. Mehr und mehr. Ich sch\u00e4me mich abgrundtief f\u00fcr die dunklen Gedanken. Gedanken, die ich niemals aussprechen m\u00f6chte, denn es bricht mir das Herz.&nbsp;Was bin&nbsp;ich f\u00fcr eine Mutter? Ich mache mir Vorw\u00fcrfe.. Die Dunkelheit scheint mich zu verschlingen. Innerlich.&nbsp;<\/p>\n\n\n\n<p>\u00c4u\u00dferlich funktioniere ich. Ich habe alles im Griff, bin mittlerweile fast schon Profi im Tragetuch binden und BLW-Anh\u00e4ngerin. Bin zur\u00fcck im Beruf. Ich h\u00f6re oft, wie locker mir doch alles f\u00e4llt. Arbeit und Familie. Es scheint alles perfekt.<\/p>\n\n\n\n<p>Abends im Bett liege ich neben dir. Schaue dich an. Frage mich immer und immer wieder was mit mir nicht stimmt. Ich rede mit niemandem dar\u00fcber. Wer soll mich bitte verstehen? Eine Mutter, die ihr Kind nicht liebt? Unvorstellbar. Die Scham ist zu gross. Ich spiele weiterhin allen etwas vor. <\/p>\n\n\n\n<h2 class=\"wp-block-heading\">Die Macht der Zeit<\/h2>\n\n\n\n<p>Es ist ein langsamer Prozess. Aber es tut sich etwas. Die Zeit vergeht und ich gew\u00f6hne mich an dich. Ich fange an, dich zu vermissen, wenn du nicht in meiner N\u00e4he bist, geniesse die Zeit, welche wir zusammen verbringen.<\/p>\n\n\n\n<p>Ich fange an dich&nbsp;zu lieben.<\/p>\n\n\n\n<p>W\u00e4hrend ich diese Zeilen schreibe, muss ich immer wieder unterbrechen. Ich werde von Tr\u00e4nen heimgesucht. Von Weinkr\u00e4mpfen durchgesch\u00fcttelt. Es tut mir so wahnsinnig leid, dass ich nicht von Anfang an die Mutter war, die du verdient hast. Dass ich nicht den Mut gehabt habe, mir Hilfe zu holen.<\/p>\n\n\n\n<p>Ich kann die Zeit nicht zur\u00fcck drehen. Aber ich kann dir ein Versprechen f\u00fcr die Zukunft geben.<\/p>\n\n\n\n<p>Mein Kind, ich liebe dich. F\u00fcr immer und ewig. Bis zur Unendlichkeit.<\/p>\n\n\n\n<p>Wie am Anfang erw\u00e4hnt, habe ich lange \u00fcberlegt, ob ich meine Gedanken ver\u00f6ffentlichen soll. Postpartale Depression. F\u00fcr mich ein Begriff, auf den ich nach der Geburt immer wieder gestossen bin, es jedoch nicht wahrhaben wollte. Mittlerweile versuche ich m\u00f6glichst offen dar\u00fcber zu reden und die ersten Monate nach der Geburt zu verarbeiten. Dieser Text ist ein Schritt auf meinem langen Weg. Bist du auf der Suche nach Hilfe? Schau doch einmal auf der Seite von <a href=\"https:\/\/www.projuventute.ch\/de\/eltern\/entwicklung\/depression#:~:text=Babyblues%20und%20postnatale%20Depression%20sind,eine%20Behandlung%20ist%20nicht%20n%C3%B6tig.\">pro juventute<\/a> vorbei. Hier habe ich das erste Mal Kontakt zu einer Fachperson aufgenommen.<\/p>\n\n\n\n<p>Ich freue mich nat\u00fcrlich \u00fcber Erfahrungen und R\u00fcckmeldungen von euch. Vielleicht hat jemand \u00e4hnliches durchgemacht?<\/p>\n\n\n\n<p>Eure <\/p>\n\n\n<p class=\"fonts-plugin-block \" style=\"font-family: Satisfy;font-size: 50px\">Corina<\/p>\n\n\n<p>Dir gef\u00e4llt dieser Artikel? Magst du mich mit einem Kaffee und neuer Energie f\u00fcr mehr solcher Blogposts unterst\u00fctzen? Ich w\u00fcrde mich riesig dar\u00fcber freuen. <a href=\"https:\/\/www.buymeacoffee.com\/corinakanndas\" target=\"_blank\" rel=\"noreferrer noopener\">www.buymeacoffee.com\/corinakanndas<\/a><\/p>\n","protected":false},"excerpt":{"rendered":"<p>Ich sa\u00df lange \u00fcber diesen Zeilen, wusste nicht ob ich sie ver\u00f6ffentlichen soll. Aber vielleicht gibt es da draussen eine Mutter, die \u00e4hnlich f\u00fchlt. Postpartale Depression, ein Tabuthema mit dem wir endlich brechen sollten. Endlich bist du da. Die letzten&#8230;<\/p>\n","protected":false},"author":1,"featured_media":0,"comment_status":"open","ping_status":"open","sticky":false,"template":"","format":"standard","meta":{"jetpack_post_was_ever_published":false,"_jetpack_newsletter_access":"","_jetpack_dont_email_post_to_subs":false,"_jetpack_newsletter_tier_id":0,"_jetpack_memberships_contains_paywalled_content":false,"_jetpack_memberships_contains_paid_content":false,"footnotes":""},"categories":[9,20,27,16,24],"tags":[10,53,15,55,54],"class_list":["post-383","post","type-post","status-publish","format-standard","hentry","category-baby-kleinkind","category-erziehung","category-lieben","category-mama-papa","category-schwangerschaft-geburt","tag-baby","tag-depression","tag-familie","tag-liebe","tag-traurigkeit"],"yoast_head":"<!-- This site is optimized with the Yoast SEO plugin v27.4 - https:\/\/yoast.com\/product\/yoast-seo-wordpress\/ -->\n<title>postpartale Depression - die Dunkelheit nach der Geburt - mama-kann-das<\/title>\n<meta name=\"description\" content=\"Die Zeit nach der Geburt sollten erf\u00fcllt sein mit Liebe und Gl\u00fcck. Doch das ist leider nicht immer so. Die postpartale Depression und meine Erfahrung.\" \/>\n<meta name=\"robots\" content=\"index, follow, max-snippet:-1, max-image-preview:large, max-video-preview:-1\" \/>\n<link rel=\"canonical\" href=\"https:\/\/mama-kann-das.com\/index.php\/2020\/10\/12\/postpartale-depression\/\" \/>\n<meta property=\"og:locale\" content=\"de_DE\" \/>\n<meta property=\"og:type\" content=\"article\" \/>\n<meta property=\"og:title\" content=\"postpartale Depression - die Dunkelheit nach der Geburt - mama-kann-das\" \/>\n<meta property=\"og:description\" content=\"Die Zeit nach der Geburt sollten erf\u00fcllt sein mit Liebe und Gl\u00fcck. Doch das ist leider nicht immer so. Die postpartale Depression und meine Erfahrung.\" \/>\n<meta property=\"og:url\" content=\"https:\/\/mama-kann-das.com\/index.php\/2020\/10\/12\/postpartale-depression\/\" \/>\n<meta property=\"og:site_name\" content=\"mama-kann-das\" \/>\n<meta property=\"article:author\" content=\"facebook.com\/corinakanndas\" \/>\n<meta property=\"article:published_time\" content=\"2020-10-12T18:46:46+00:00\" \/>\n<meta property=\"article:modified_time\" content=\"2024-09-02T12:17:17+00:00\" \/>\n<meta property=\"og:image\" content=\"https:\/\/mama-kann-das.com\/wp-content\/uploads\/2020\/10\/pexels-kat-jayne-568027-1024x683.jpg\" \/>\n<meta name=\"author\" content=\"Corina\" \/>\n<meta name=\"twitter:card\" content=\"summary_large_image\" \/>\n<meta name=\"twitter:label1\" content=\"Verfasst von\" \/>\n\t<meta name=\"twitter:data1\" content=\"Corina\" \/>\n\t<meta name=\"twitter:label2\" content=\"Gesch\u00e4tzte Lesezeit\" \/>\n\t<meta name=\"twitter:data2\" content=\"4\u00a0Minuten\" \/>\n<script type=\"application\/ld+json\" class=\"yoast-schema-graph\">{\"@context\":\"https:\\\/\\\/schema.org\",\"@graph\":[{\"@type\":\"Article\",\"@id\":\"https:\\\/\\\/mama-kann-das.com\\\/index.php\\\/2020\\\/10\\\/12\\\/postpartale-depression\\\/#article\",\"isPartOf\":{\"@id\":\"https:\\\/\\\/mama-kann-das.com\\\/index.php\\\/2020\\\/10\\\/12\\\/postpartale-depression\\\/\"},\"author\":{\"name\":\"Corina\",\"@id\":\"https:\\\/\\\/mama-kann-das.com\\\/#\\\/schema\\\/person\\\/83df833a52d90404e3f21603b1cf9e58\"},\"headline\":\"postpartale Depression &#8211; die Dunkelheit nach der Geburt\",\"datePublished\":\"2020-10-12T18:46:46+00:00\",\"dateModified\":\"2024-09-02T12:17:17+00:00\",\"mainEntityOfPage\":{\"@id\":\"https:\\\/\\\/mama-kann-das.com\\\/index.php\\\/2020\\\/10\\\/12\\\/postpartale-depression\\\/\"},\"wordCount\":704,\"commentCount\":3,\"publisher\":{\"@id\":\"https:\\\/\\\/mama-kann-das.com\\\/#organization\"},\"image\":{\"@id\":\"https:\\\/\\\/mama-kann-das.com\\\/index.php\\\/2020\\\/10\\\/12\\\/postpartale-depression\\\/#primaryimage\"},\"thumbnailUrl\":\"https:\\\/\\\/mama-kann-das.com\\\/wp-content\\\/uploads\\\/2020\\\/10\\\/pexels-kat-jayne-568027-1024x683.jpg\",\"keywords\":[\"Baby\",\"Depression\",\"Familie\",\"Liebe\",\"Traurigkeit\"],\"articleSection\":[\"Baby &amp; Kleinkind\",\"Erziehung\",\"Lieben\",\"Mama &amp; Papa\",\"Schwangerschaft &amp; Geburt\"],\"inLanguage\":\"de\",\"potentialAction\":[{\"@type\":\"CommentAction\",\"name\":\"Comment\",\"target\":[\"https:\\\/\\\/mama-kann-das.com\\\/index.php\\\/2020\\\/10\\\/12\\\/postpartale-depression\\\/#respond\"]}]},{\"@type\":\"WebPage\",\"@id\":\"https:\\\/\\\/mama-kann-das.com\\\/index.php\\\/2020\\\/10\\\/12\\\/postpartale-depression\\\/\",\"url\":\"https:\\\/\\\/mama-kann-das.com\\\/index.php\\\/2020\\\/10\\\/12\\\/postpartale-depression\\\/\",\"name\":\"postpartale Depression - die Dunkelheit nach der Geburt - mama-kann-das\",\"isPartOf\":{\"@id\":\"https:\\\/\\\/mama-kann-das.com\\\/#website\"},\"primaryImageOfPage\":{\"@id\":\"https:\\\/\\\/mama-kann-das.com\\\/index.php\\\/2020\\\/10\\\/12\\\/postpartale-depression\\\/#primaryimage\"},\"image\":{\"@id\":\"https:\\\/\\\/mama-kann-das.com\\\/index.php\\\/2020\\\/10\\\/12\\\/postpartale-depression\\\/#primaryimage\"},\"thumbnailUrl\":\"https:\\\/\\\/mama-kann-das.com\\\/wp-content\\\/uploads\\\/2020\\\/10\\\/pexels-kat-jayne-568027-1024x683.jpg\",\"datePublished\":\"2020-10-12T18:46:46+00:00\",\"dateModified\":\"2024-09-02T12:17:17+00:00\",\"description\":\"Die Zeit nach der Geburt sollten erf\u00fcllt sein mit Liebe und Gl\u00fcck. Doch das ist leider nicht immer so. Die postpartale Depression und meine Erfahrung.\",\"breadcrumb\":{\"@id\":\"https:\\\/\\\/mama-kann-das.com\\\/index.php\\\/2020\\\/10\\\/12\\\/postpartale-depression\\\/#breadcrumb\"},\"inLanguage\":\"de\",\"potentialAction\":[{\"@type\":\"ReadAction\",\"target\":[\"https:\\\/\\\/mama-kann-das.com\\\/index.php\\\/2020\\\/10\\\/12\\\/postpartale-depression\\\/\"]}]},{\"@type\":\"ImageObject\",\"inLanguage\":\"de\",\"@id\":\"https:\\\/\\\/mama-kann-das.com\\\/index.php\\\/2020\\\/10\\\/12\\\/postpartale-depression\\\/#primaryimage\",\"url\":\"https:\\\/\\\/i0.wp.com\\\/mama-kann-das.com\\\/wp-content\\\/uploads\\\/2020\\\/10\\\/pexels-kat-jayne-568027-scaled.jpg?fit=2560%2C1709&ssl=1\",\"contentUrl\":\"https:\\\/\\\/i0.wp.com\\\/mama-kann-das.com\\\/wp-content\\\/uploads\\\/2020\\\/10\\\/pexels-kat-jayne-568027-scaled.jpg?fit=2560%2C1709&ssl=1\",\"width\":2560,\"height\":1709},{\"@type\":\"BreadcrumbList\",\"@id\":\"https:\\\/\\\/mama-kann-das.com\\\/index.php\\\/2020\\\/10\\\/12\\\/postpartale-depression\\\/#breadcrumb\",\"itemListElement\":[{\"@type\":\"ListItem\",\"position\":1,\"name\":\"Startseite\",\"item\":\"https:\\\/\\\/mama-kann-das.com\\\/\"},{\"@type\":\"ListItem\",\"position\":2,\"name\":\"postpartale Depression &#8211; die Dunkelheit nach der Geburt\"}]},{\"@type\":\"WebSite\",\"@id\":\"https:\\\/\\\/mama-kann-das.com\\\/#website\",\"url\":\"https:\\\/\\\/mama-kann-das.com\\\/\",\"name\":\"mama-kann-das\",\"description\":\"gelassen durch den Familienalltag\",\"publisher\":{\"@id\":\"https:\\\/\\\/mama-kann-das.com\\\/#organization\"},\"potentialAction\":[{\"@type\":\"SearchAction\",\"target\":{\"@type\":\"EntryPoint\",\"urlTemplate\":\"https:\\\/\\\/mama-kann-das.com\\\/?s={search_term_string}\"},\"query-input\":{\"@type\":\"PropertyValueSpecification\",\"valueRequired\":true,\"valueName\":\"search_term_string\"}}],\"inLanguage\":\"de\"},{\"@type\":\"Organization\",\"@id\":\"https:\\\/\\\/mama-kann-das.com\\\/#organization\",\"name\":\"mama-kann-das\",\"url\":\"https:\\\/\\\/mama-kann-das.com\\\/\",\"logo\":{\"@type\":\"ImageObject\",\"inLanguage\":\"de\",\"@id\":\"https:\\\/\\\/mama-kann-das.com\\\/#\\\/schema\\\/logo\\\/image\\\/\",\"url\":\"https:\\\/\\\/i0.wp.com\\\/mama-kann-das.com\\\/wp-content\\\/uploads\\\/2026\\\/01\\\/cropped-Banner-neu-1.png?fit=1243%2C351&ssl=1\",\"contentUrl\":\"https:\\\/\\\/i0.wp.com\\\/mama-kann-das.com\\\/wp-content\\\/uploads\\\/2026\\\/01\\\/cropped-Banner-neu-1.png?fit=1243%2C351&ssl=1\",\"width\":1243,\"height\":351,\"caption\":\"mama-kann-das\"},\"image\":{\"@id\":\"https:\\\/\\\/mama-kann-das.com\\\/#\\\/schema\\\/logo\\\/image\\\/\"}},{\"@type\":\"Person\",\"@id\":\"https:\\\/\\\/mama-kann-das.com\\\/#\\\/schema\\\/person\\\/83df833a52d90404e3f21603b1cf9e58\",\"name\":\"Corina\",\"image\":{\"@type\":\"ImageObject\",\"inLanguage\":\"de\",\"@id\":\"https:\\\/\\\/secure.gravatar.com\\\/avatar\\\/791919cd4962f2a440718b8180fea719c288cc66c4bc5413544ada69564aa24f?s=96&d=mm&r=g\",\"url\":\"https:\\\/\\\/secure.gravatar.com\\\/avatar\\\/791919cd4962f2a440718b8180fea719c288cc66c4bc5413544ada69564aa24f?s=96&d=mm&r=g\",\"contentUrl\":\"https:\\\/\\\/secure.gravatar.com\\\/avatar\\\/791919cd4962f2a440718b8180fea719c288cc66c4bc5413544ada69564aa24f?s=96&d=mm&r=g\",\"caption\":\"Corina\"},\"sameAs\":[\"https:\\\/\\\/mama-kann-das.com\",\"facebook.com\\\/corinakanndas\",\"instagram.com\\\/mama.kann.das\"],\"url\":\"https:\\\/\\\/mama-kann-das.com\\\/index.php\\\/author\\\/c_zimmermann_l38n2d31\\\/\"}]}<\/script>\n<!-- \/ Yoast SEO plugin. -->","yoast_head_json":{"title":"postpartale Depression - die Dunkelheit nach der Geburt - mama-kann-das","description":"Die Zeit nach der Geburt sollten erf\u00fcllt sein mit Liebe und Gl\u00fcck. Doch das ist leider nicht immer so. Die postpartale Depression und meine Erfahrung.","robots":{"index":"index","follow":"follow","max-snippet":"max-snippet:-1","max-image-preview":"max-image-preview:large","max-video-preview":"max-video-preview:-1"},"canonical":"https:\/\/mama-kann-das.com\/index.php\/2020\/10\/12\/postpartale-depression\/","og_locale":"de_DE","og_type":"article","og_title":"postpartale Depression - die Dunkelheit nach der Geburt - mama-kann-das","og_description":"Die Zeit nach der Geburt sollten erf\u00fcllt sein mit Liebe und Gl\u00fcck. Doch das ist leider nicht immer so. Die postpartale Depression und meine Erfahrung.","og_url":"https:\/\/mama-kann-das.com\/index.php\/2020\/10\/12\/postpartale-depression\/","og_site_name":"mama-kann-das","article_author":"facebook.com\/corinakanndas","article_published_time":"2020-10-12T18:46:46+00:00","article_modified_time":"2024-09-02T12:17:17+00:00","og_image":[{"url":"https:\/\/mama-kann-das.com\/wp-content\/uploads\/2020\/10\/pexels-kat-jayne-568027-1024x683.jpg","type":"","width":"","height":""}],"author":"Corina","twitter_card":"summary_large_image","twitter_misc":{"Verfasst von":"Corina","Gesch\u00e4tzte Lesezeit":"4\u00a0Minuten"},"schema":{"@context":"https:\/\/schema.org","@graph":[{"@type":"Article","@id":"https:\/\/mama-kann-das.com\/index.php\/2020\/10\/12\/postpartale-depression\/#article","isPartOf":{"@id":"https:\/\/mama-kann-das.com\/index.php\/2020\/10\/12\/postpartale-depression\/"},"author":{"name":"Corina","@id":"https:\/\/mama-kann-das.com\/#\/schema\/person\/83df833a52d90404e3f21603b1cf9e58"},"headline":"postpartale Depression &#8211; die Dunkelheit nach der Geburt","datePublished":"2020-10-12T18:46:46+00:00","dateModified":"2024-09-02T12:17:17+00:00","mainEntityOfPage":{"@id":"https:\/\/mama-kann-das.com\/index.php\/2020\/10\/12\/postpartale-depression\/"},"wordCount":704,"commentCount":3,"publisher":{"@id":"https:\/\/mama-kann-das.com\/#organization"},"image":{"@id":"https:\/\/mama-kann-das.com\/index.php\/2020\/10\/12\/postpartale-depression\/#primaryimage"},"thumbnailUrl":"https:\/\/mama-kann-das.com\/wp-content\/uploads\/2020\/10\/pexels-kat-jayne-568027-1024x683.jpg","keywords":["Baby","Depression","Familie","Liebe","Traurigkeit"],"articleSection":["Baby &amp; Kleinkind","Erziehung","Lieben","Mama &amp; Papa","Schwangerschaft &amp; Geburt"],"inLanguage":"de","potentialAction":[{"@type":"CommentAction","name":"Comment","target":["https:\/\/mama-kann-das.com\/index.php\/2020\/10\/12\/postpartale-depression\/#respond"]}]},{"@type":"WebPage","@id":"https:\/\/mama-kann-das.com\/index.php\/2020\/10\/12\/postpartale-depression\/","url":"https:\/\/mama-kann-das.com\/index.php\/2020\/10\/12\/postpartale-depression\/","name":"postpartale Depression - die Dunkelheit nach der Geburt - mama-kann-das","isPartOf":{"@id":"https:\/\/mama-kann-das.com\/#website"},"primaryImageOfPage":{"@id":"https:\/\/mama-kann-das.com\/index.php\/2020\/10\/12\/postpartale-depression\/#primaryimage"},"image":{"@id":"https:\/\/mama-kann-das.com\/index.php\/2020\/10\/12\/postpartale-depression\/#primaryimage"},"thumbnailUrl":"https:\/\/mama-kann-das.com\/wp-content\/uploads\/2020\/10\/pexels-kat-jayne-568027-1024x683.jpg","datePublished":"2020-10-12T18:46:46+00:00","dateModified":"2024-09-02T12:17:17+00:00","description":"Die Zeit nach der Geburt sollten erf\u00fcllt sein mit Liebe und Gl\u00fcck. Doch das ist leider nicht immer so. Die postpartale Depression und meine Erfahrung.","breadcrumb":{"@id":"https:\/\/mama-kann-das.com\/index.php\/2020\/10\/12\/postpartale-depression\/#breadcrumb"},"inLanguage":"de","potentialAction":[{"@type":"ReadAction","target":["https:\/\/mama-kann-das.com\/index.php\/2020\/10\/12\/postpartale-depression\/"]}]},{"@type":"ImageObject","inLanguage":"de","@id":"https:\/\/mama-kann-das.com\/index.php\/2020\/10\/12\/postpartale-depression\/#primaryimage","url":"https:\/\/i0.wp.com\/mama-kann-das.com\/wp-content\/uploads\/2020\/10\/pexels-kat-jayne-568027-scaled.jpg?fit=2560%2C1709&ssl=1","contentUrl":"https:\/\/i0.wp.com\/mama-kann-das.com\/wp-content\/uploads\/2020\/10\/pexels-kat-jayne-568027-scaled.jpg?fit=2560%2C1709&ssl=1","width":2560,"height":1709},{"@type":"BreadcrumbList","@id":"https:\/\/mama-kann-das.com\/index.php\/2020\/10\/12\/postpartale-depression\/#breadcrumb","itemListElement":[{"@type":"ListItem","position":1,"name":"Startseite","item":"https:\/\/mama-kann-das.com\/"},{"@type":"ListItem","position":2,"name":"postpartale Depression &#8211; die Dunkelheit nach der Geburt"}]},{"@type":"WebSite","@id":"https:\/\/mama-kann-das.com\/#website","url":"https:\/\/mama-kann-das.com\/","name":"mama-kann-das","description":"gelassen durch den Familienalltag","publisher":{"@id":"https:\/\/mama-kann-das.com\/#organization"},"potentialAction":[{"@type":"SearchAction","target":{"@type":"EntryPoint","urlTemplate":"https:\/\/mama-kann-das.com\/?s={search_term_string}"},"query-input":{"@type":"PropertyValueSpecification","valueRequired":true,"valueName":"search_term_string"}}],"inLanguage":"de"},{"@type":"Organization","@id":"https:\/\/mama-kann-das.com\/#organization","name":"mama-kann-das","url":"https:\/\/mama-kann-das.com\/","logo":{"@type":"ImageObject","inLanguage":"de","@id":"https:\/\/mama-kann-das.com\/#\/schema\/logo\/image\/","url":"https:\/\/i0.wp.com\/mama-kann-das.com\/wp-content\/uploads\/2026\/01\/cropped-Banner-neu-1.png?fit=1243%2C351&ssl=1","contentUrl":"https:\/\/i0.wp.com\/mama-kann-das.com\/wp-content\/uploads\/2026\/01\/cropped-Banner-neu-1.png?fit=1243%2C351&ssl=1","width":1243,"height":351,"caption":"mama-kann-das"},"image":{"@id":"https:\/\/mama-kann-das.com\/#\/schema\/logo\/image\/"}},{"@type":"Person","@id":"https:\/\/mama-kann-das.com\/#\/schema\/person\/83df833a52d90404e3f21603b1cf9e58","name":"Corina","image":{"@type":"ImageObject","inLanguage":"de","@id":"https:\/\/secure.gravatar.com\/avatar\/791919cd4962f2a440718b8180fea719c288cc66c4bc5413544ada69564aa24f?s=96&d=mm&r=g","url":"https:\/\/secure.gravatar.com\/avatar\/791919cd4962f2a440718b8180fea719c288cc66c4bc5413544ada69564aa24f?s=96&d=mm&r=g","contentUrl":"https:\/\/secure.gravatar.com\/avatar\/791919cd4962f2a440718b8180fea719c288cc66c4bc5413544ada69564aa24f?s=96&d=mm&r=g","caption":"Corina"},"sameAs":["https:\/\/mama-kann-das.com","facebook.com\/corinakanndas","instagram.com\/mama.kann.das"],"url":"https:\/\/mama-kann-das.com\/index.php\/author\/c_zimmermann_l38n2d31\/"}]}},"jetpack_featured_media_url":"","jetpack_sharing_enabled":true,"_links":{"self":[{"href":"https:\/\/mama-kann-das.com\/index.php\/wp-json\/wp\/v2\/posts\/383","targetHints":{"allow":["GET"]}}],"collection":[{"href":"https:\/\/mama-kann-das.com\/index.php\/wp-json\/wp\/v2\/posts"}],"about":[{"href":"https:\/\/mama-kann-das.com\/index.php\/wp-json\/wp\/v2\/types\/post"}],"author":[{"embeddable":true,"href":"https:\/\/mama-kann-das.com\/index.php\/wp-json\/wp\/v2\/users\/1"}],"replies":[{"embeddable":true,"href":"https:\/\/mama-kann-das.com\/index.php\/wp-json\/wp\/v2\/comments?post=383"}],"version-history":[{"count":4,"href":"https:\/\/mama-kann-das.com\/index.php\/wp-json\/wp\/v2\/posts\/383\/revisions"}],"predecessor-version":[{"id":2238,"href":"https:\/\/mama-kann-das.com\/index.php\/wp-json\/wp\/v2\/posts\/383\/revisions\/2238"}],"wp:attachment":[{"href":"https:\/\/mama-kann-das.com\/index.php\/wp-json\/wp\/v2\/media?parent=383"}],"wp:term":[{"taxonomy":"category","embeddable":true,"href":"https:\/\/mama-kann-das.com\/index.php\/wp-json\/wp\/v2\/categories?post=383"},{"taxonomy":"post_tag","embeddable":true,"href":"https:\/\/mama-kann-das.com\/index.php\/wp-json\/wp\/v2\/tags?post=383"}],"curies":[{"name":"wp","href":"https:\/\/api.w.org\/{rel}","templated":true}]}}