{"id":3375,"date":"2025-04-21T07:57:59","date_gmt":"2025-04-21T05:57:59","guid":{"rendered":"https:\/\/mama-kann-das.com\/?p=3375"},"modified":"2025-04-21T08:00:14","modified_gmt":"2025-04-21T06:00:14","slug":"vorlesen-erstes-selber-lesen-fuer-kinder-ab-5-jahren","status":"publish","type":"post","link":"https:\/\/mama-kann-das.com\/index.php\/2025\/04\/21\/vorlesen-erstes-selber-lesen-fuer-kinder-ab-5-jahren\/","title":{"rendered":"Vorlesen &amp; erstes selber lesen f\u00fcr Kinder ab 5 Jahren"},"content":{"rendered":"\n<p>Heute m\u00f6chte ich dir gerne den <strong>zweiten Teil meiner liebsten B\u00fccher<\/strong> der Kinder- und Jugendbuchmesse in Z\u00fcrich vorstellen. Hierbei handelt es sich um eine Auswahl an <strong>Geschichten zum Vorlesen<\/strong> und B\u00fcchern, die die Kinder <strong>zum Selber lesen animieren<\/strong>. Alle vorgestellten B\u00fccher habe ich entweder zu Hause am eigenen Kind oder aber an meiner Kindergarten- und Sch\u00fclergruppe getestet. Die Rezensionen basieren also auf <strong>absolut ehrlichem Feedback<\/strong>. \ud83d\ude42<\/p>\n\n\n\n<p><em>(Dieser Artikel enth\u00e4lt<\/em>&nbsp;<em>Affiliate-Links. Falls du dar\u00fcber etwas bestellst, erhalte ich eine kleine Kommission. F\u00fcr dich gibt es aber keine Mehrkosten<\/em>.)<\/p>\n\n\n\n<h2 class=\"wp-block-heading\">Am Anfang waren die Buchstaben<\/h2>\n\n\n\n<p>Buchstaben geh\u00f6ren zu unserem Alltag dazu. Doch wie k\u00f6nnen wir unseren Kindern die <strong>Freude am Lesen n\u00e4herbringen<\/strong>? Nat\u00fcrlich, in dem wir ihnen Vorlesen. In meinem <a href=\"https:\/\/mama-kann-das.com\/index.php\/2022\/04\/04\/dialogisches-lesen\/\">Beitrag zum dialogischen Vorlesen<\/a> zeige ich auf, wie wir unsere Kinder in die <strong>Geschichten mit einbinden<\/strong> und gleichzeitig <strong>N\u00e4he und Vertrautheit schaffen<\/strong>. <\/p>\n\n\n\n<p>Irgendwann wollen die meisten Kinder aber nicht mehr nur vorgelesen bekommen, sondern auch <strong>selbst lesen<\/strong>. Daf\u00fcr hat Inge Bosse ein wunderbares <strong>Konzept entwickelt.<\/strong> Mit ihren Geschichten, bestehend aus <strong>2-, 3- oder 4-Buchstaben-W\u00f6rter,<\/strong> erleichtert sie den Kindern den <strong>Einstieg in die Welt der B\u00fccher<\/strong>. <\/p>\n\n\n\n<p>Ich muss ehrlich zugeben, ich war erst skeptisch, ob das so einfach funktioniert. Doch mein Kind, welches vorher erst <strong>zaghaftes Interesse am Lesen<\/strong> gezeigt hat, war <strong>sofort begeistert <\/strong>von den 2-Buchstaben-Geschichten. F\u00fcr den Rest des Nachmittags und die komplette Heimfahrt war er besch\u00e4ftigt mit <strong>Buchstaben erkennen und selber lesen.<\/strong> Das Konzept von Inge &#8222;verhebt&#8220; also und hilft Kindern, welche noch M\u00fche mit langen W\u00f6rtern haben. Das<strong> Erfolgserlebnis,<\/strong> das man hat, wenn man sein <strong>erstes Buch selbst gelesen <\/strong>hat, macht n\u00e4mlich Lust auf weitere Geschichten. Alle B\u00fccher von Inge findet ihr im <a href=\"https:\/\/www.lauterverlag.de\/products\/\">Lauter Verlag.<\/a><\/p>\n\n\n\n<figure class=\"wp-block-gallery has-nested-images columns-default is-cropped wp-block-gallery-1 is-layout-flex wp-block-gallery-is-layout-flex\">\n<figure class=\"wp-block-image size-large\"><img data-recalc-dims=\"1\" fetchpriority=\"high\" decoding=\"async\" width=\"640\" height=\"479\" data-id=\"3421\" src=\"https:\/\/i0.wp.com\/mama-kann-das.com\/wp-content\/uploads\/2025\/04\/inge1.jpg?resize=640%2C479&#038;ssl=1\" alt=\"\" class=\"wp-image-3421\" srcset=\"https:\/\/i0.wp.com\/mama-kann-das.com\/wp-content\/uploads\/2025\/04\/inge1-scaled.jpg?resize=1024%2C766&amp;ssl=1 1024w, https:\/\/i0.wp.com\/mama-kann-das.com\/wp-content\/uploads\/2025\/04\/inge1-scaled.jpg?resize=300%2C224&amp;ssl=1 300w, https:\/\/i0.wp.com\/mama-kann-das.com\/wp-content\/uploads\/2025\/04\/inge1-scaled.jpg?resize=768%2C574&amp;ssl=1 768w, https:\/\/i0.wp.com\/mama-kann-das.com\/wp-content\/uploads\/2025\/04\/inge1-scaled.jpg?resize=1536%2C1149&amp;ssl=1 1536w, https:\/\/i0.wp.com\/mama-kann-das.com\/wp-content\/uploads\/2025\/04\/inge1-scaled.jpg?resize=2048%2C1532&amp;ssl=1 2048w, https:\/\/i0.wp.com\/mama-kann-das.com\/wp-content\/uploads\/2025\/04\/inge1-scaled.jpg?resize=1320%2C987&amp;ssl=1 1320w, https:\/\/i0.wp.com\/mama-kann-das.com\/wp-content\/uploads\/2025\/04\/inge1-scaled.jpg?resize=600%2C449&amp;ssl=1 600w, https:\/\/i0.wp.com\/mama-kann-das.com\/wp-content\/uploads\/2025\/04\/inge1-scaled.jpg?w=1920&amp;ssl=1 1920w\" sizes=\"(max-width: 640px) 100vw, 640px\" \/><\/figure>\n\n\n\n<figure class=\"wp-block-image size-large\"><img data-recalc-dims=\"1\" decoding=\"async\" width=\"640\" height=\"479\" data-id=\"3420\" src=\"https:\/\/i0.wp.com\/mama-kann-das.com\/wp-content\/uploads\/2025\/04\/inge2.jpg?resize=640%2C479&#038;ssl=1\" alt=\"Das Lesekonzept von Inge Bosse ist perfekt f\u00fcr den Einstieg in die Welt der Buchstaben.\" class=\"wp-image-3420\" srcset=\"https:\/\/i0.wp.com\/mama-kann-das.com\/wp-content\/uploads\/2025\/04\/inge2-scaled.jpg?resize=1024%2C766&amp;ssl=1 1024w, https:\/\/i0.wp.com\/mama-kann-das.com\/wp-content\/uploads\/2025\/04\/inge2-scaled.jpg?resize=300%2C224&amp;ssl=1 300w, https:\/\/i0.wp.com\/mama-kann-das.com\/wp-content\/uploads\/2025\/04\/inge2-scaled.jpg?resize=768%2C574&amp;ssl=1 768w, https:\/\/i0.wp.com\/mama-kann-das.com\/wp-content\/uploads\/2025\/04\/inge2-scaled.jpg?resize=1536%2C1149&amp;ssl=1 1536w, https:\/\/i0.wp.com\/mama-kann-das.com\/wp-content\/uploads\/2025\/04\/inge2-scaled.jpg?resize=2048%2C1532&amp;ssl=1 2048w, https:\/\/i0.wp.com\/mama-kann-das.com\/wp-content\/uploads\/2025\/04\/inge2-scaled.jpg?resize=1320%2C987&amp;ssl=1 1320w, https:\/\/i0.wp.com\/mama-kann-das.com\/wp-content\/uploads\/2025\/04\/inge2-scaled.jpg?resize=600%2C449&amp;ssl=1 600w, https:\/\/i0.wp.com\/mama-kann-das.com\/wp-content\/uploads\/2025\/04\/inge2-scaled.jpg?w=1920&amp;ssl=1 1920w\" sizes=\"(max-width: 640px) 100vw, 640px\" \/><\/figure>\n<\/figure>\n\n\n\n<p>Und wenn das Tor zur Welt der B\u00fccher erst einmal ge\u00f6ffnet ist, gibt es <strong>kein Zur\u00fcck mehr. <\/strong>\ud83d\ude42 F\u00fcr alle Erstleser, die sich nicht nur an Buchstaben, sondern auch<strong> an Reimen erfreuen<\/strong>, denen lege ich Anne-Friederike Heinrichs &#8222;<strong>allererstes ABC aussergew\u00f6hnlicher Ausreden&#8220;<\/strong> sehr ans Herz. Die <strong>Buchstabenzwerge <\/strong>nehmen dich darin mit in eine <strong>Welt voll Schabernack<\/strong> und, wie es der Titel schon sagt, kreativen Ausreden. Meine Erstkl\u00e4ssler finden es sehr am\u00fcsant, vor allem, wenn wir den <strong>Namen des Zwergs durch den Namen des Kindes ersetzen.<\/strong> \ud83d\ude42 So hat jeder <strong>seine pers\u00f6nliche Ausrede<\/strong>. Das Buch, sowie alle anderen B\u00fccher von Anne-Friederike Heinrich findet ihr <a href=\"https:\/\/tidd.ly\/3YBk4gb\">hier<\/a> und eignet sich perfekt zum Selber wie auch zum Vorlesen.<\/p>\n\n\n\n<figure class=\"wp-block-gallery has-nested-images columns-default is-cropped wp-block-gallery-2 is-layout-flex wp-block-gallery-is-layout-flex\">\n<figure class=\"wp-block-image size-large\"><img data-recalc-dims=\"1\" decoding=\"async\" width=\"640\" height=\"479\" data-id=\"3422\" src=\"https:\/\/i0.wp.com\/mama-kann-das.com\/wp-content\/uploads\/2025\/04\/abc1.jpg?resize=640%2C479&#038;ssl=1\" alt=\"Das ABC aussergew\u00f6hnlicher Ausreden zum Vorlesen und selber lesen.\" class=\"wp-image-3422\" srcset=\"https:\/\/i0.wp.com\/mama-kann-das.com\/wp-content\/uploads\/2025\/04\/abc1-scaled.jpg?resize=1024%2C766&amp;ssl=1 1024w, https:\/\/i0.wp.com\/mama-kann-das.com\/wp-content\/uploads\/2025\/04\/abc1-scaled.jpg?resize=300%2C224&amp;ssl=1 300w, https:\/\/i0.wp.com\/mama-kann-das.com\/wp-content\/uploads\/2025\/04\/abc1-scaled.jpg?resize=768%2C574&amp;ssl=1 768w, https:\/\/i0.wp.com\/mama-kann-das.com\/wp-content\/uploads\/2025\/04\/abc1-scaled.jpg?resize=1536%2C1149&amp;ssl=1 1536w, https:\/\/i0.wp.com\/mama-kann-das.com\/wp-content\/uploads\/2025\/04\/abc1-scaled.jpg?resize=2048%2C1532&amp;ssl=1 2048w, https:\/\/i0.wp.com\/mama-kann-das.com\/wp-content\/uploads\/2025\/04\/abc1-scaled.jpg?resize=1320%2C987&amp;ssl=1 1320w, https:\/\/i0.wp.com\/mama-kann-das.com\/wp-content\/uploads\/2025\/04\/abc1-scaled.jpg?resize=600%2C449&amp;ssl=1 600w, https:\/\/i0.wp.com\/mama-kann-das.com\/wp-content\/uploads\/2025\/04\/abc1-scaled.jpg?w=1920&amp;ssl=1 1920w\" sizes=\"(max-width: 640px) 100vw, 640px\" \/><\/figure>\n\n\n\n<figure class=\"wp-block-image size-large\"><img data-recalc-dims=\"1\" loading=\"lazy\" decoding=\"async\" width=\"640\" height=\"479\" data-id=\"3423\" src=\"https:\/\/i0.wp.com\/mama-kann-das.com\/wp-content\/uploads\/2025\/04\/abc2.jpg?resize=640%2C479&#038;ssl=1\" alt=\"\" class=\"wp-image-3423\" srcset=\"https:\/\/i0.wp.com\/mama-kann-das.com\/wp-content\/uploads\/2025\/04\/abc2-scaled.jpg?resize=1024%2C766&amp;ssl=1 1024w, https:\/\/i0.wp.com\/mama-kann-das.com\/wp-content\/uploads\/2025\/04\/abc2-scaled.jpg?resize=300%2C224&amp;ssl=1 300w, https:\/\/i0.wp.com\/mama-kann-das.com\/wp-content\/uploads\/2025\/04\/abc2-scaled.jpg?resize=768%2C574&amp;ssl=1 768w, https:\/\/i0.wp.com\/mama-kann-das.com\/wp-content\/uploads\/2025\/04\/abc2-scaled.jpg?resize=1536%2C1149&amp;ssl=1 1536w, https:\/\/i0.wp.com\/mama-kann-das.com\/wp-content\/uploads\/2025\/04\/abc2-scaled.jpg?resize=2048%2C1532&amp;ssl=1 2048w, https:\/\/i0.wp.com\/mama-kann-das.com\/wp-content\/uploads\/2025\/04\/abc2-scaled.jpg?resize=1320%2C987&amp;ssl=1 1320w, https:\/\/i0.wp.com\/mama-kann-das.com\/wp-content\/uploads\/2025\/04\/abc2-scaled.jpg?resize=600%2C449&amp;ssl=1 600w, https:\/\/i0.wp.com\/mama-kann-das.com\/wp-content\/uploads\/2025\/04\/abc2-scaled.jpg?w=1920&amp;ssl=1 1920w\" sizes=\"(max-width: 640px) 100vw, 640px\" \/><\/figure>\n<\/figure>\n\n\n\n<h2 class=\"wp-block-heading\">Vorlesen mit neuester Roboter-Technik<\/h2>\n\n\n\n<p><strong>Roboter-Fans <\/strong>aufgepasst. Im n\u00e4chsten Buch stellt <strong>Tschomski<\/strong>, der kleine Roboter, <strong>Pauls Leben<\/strong> ganz sch\u00f6n auf den Kopf. Doch der technische Freund bringt nicht nur Chaos. Er zeigt Paul ebenfalls, wie er <strong>mit Ungerechtigkeit und Mobbing umgehen<\/strong> kann.<\/p>\n\n\n\n<p>Als wir Tschomski zu Ende gelesen haben, mussten wir gleich noch einmal von vorne beginnen. So begeistert war Kind von der Geschichte. Und auch ich mag es, wie der Roboter Paul <strong>mit Rat und Tat zur Seite steht,<\/strong> als dieser von seinem Mitsch\u00fcler ge\u00e4rgert wird. Mehr \u00fcber <strong>&#8222;Tschomski &#8211; ein kleiner Roboter mischt alles auf&#8220;<\/strong> von Andrea G\u00fcnther <a href=\"https:\/\/www.amazon.de\/Tschomski-kleiner-lustiges-Kinderbuch-Freundschaft\/dp\/B0DL5RK9S7\">erf\u00e4hrst du hier.<\/a><\/p>\n\n\n\n<figure class=\"wp-block-gallery has-nested-images columns-default is-cropped wp-block-gallery-3 is-layout-flex wp-block-gallery-is-layout-flex\">\n<figure class=\"wp-block-image size-large\"><img data-recalc-dims=\"1\" loading=\"lazy\" decoding=\"async\" width=\"640\" height=\"479\" data-id=\"3425\" src=\"https:\/\/i0.wp.com\/mama-kann-das.com\/wp-content\/uploads\/2025\/04\/tscho1.jpg?resize=640%2C479&#038;ssl=1\" alt=\"\" class=\"wp-image-3425\" srcset=\"https:\/\/i0.wp.com\/mama-kann-das.com\/wp-content\/uploads\/2025\/04\/tscho1-scaled.jpg?resize=1024%2C766&amp;ssl=1 1024w, https:\/\/i0.wp.com\/mama-kann-das.com\/wp-content\/uploads\/2025\/04\/tscho1-scaled.jpg?resize=300%2C224&amp;ssl=1 300w, https:\/\/i0.wp.com\/mama-kann-das.com\/wp-content\/uploads\/2025\/04\/tscho1-scaled.jpg?resize=768%2C574&amp;ssl=1 768w, https:\/\/i0.wp.com\/mama-kann-das.com\/wp-content\/uploads\/2025\/04\/tscho1-scaled.jpg?resize=1536%2C1149&amp;ssl=1 1536w, https:\/\/i0.wp.com\/mama-kann-das.com\/wp-content\/uploads\/2025\/04\/tscho1-scaled.jpg?resize=2048%2C1532&amp;ssl=1 2048w, https:\/\/i0.wp.com\/mama-kann-das.com\/wp-content\/uploads\/2025\/04\/tscho1-scaled.jpg?resize=1320%2C987&amp;ssl=1 1320w, https:\/\/i0.wp.com\/mama-kann-das.com\/wp-content\/uploads\/2025\/04\/tscho1-scaled.jpg?resize=600%2C449&amp;ssl=1 600w, https:\/\/i0.wp.com\/mama-kann-das.com\/wp-content\/uploads\/2025\/04\/tscho1-scaled.jpg?w=1920&amp;ssl=1 1920w\" sizes=\"(max-width: 640px) 100vw, 640px\" \/><\/figure>\n\n\n\n<figure class=\"wp-block-image size-large\"><img data-recalc-dims=\"1\" loading=\"lazy\" decoding=\"async\" width=\"640\" height=\"479\" data-id=\"3426\" src=\"https:\/\/i0.wp.com\/mama-kann-das.com\/wp-content\/uploads\/2025\/04\/tscho2-1.jpg?resize=640%2C479&#038;ssl=1\" alt=\"Ein kleiner Roboter mischt alles auf. So ist Tschomski von Andrea G\u00fcnther.\" class=\"wp-image-3426\" srcset=\"https:\/\/i0.wp.com\/mama-kann-das.com\/wp-content\/uploads\/2025\/04\/tscho2-1-scaled.jpg?resize=1024%2C766&amp;ssl=1 1024w, https:\/\/i0.wp.com\/mama-kann-das.com\/wp-content\/uploads\/2025\/04\/tscho2-1-scaled.jpg?resize=300%2C224&amp;ssl=1 300w, https:\/\/i0.wp.com\/mama-kann-das.com\/wp-content\/uploads\/2025\/04\/tscho2-1-scaled.jpg?resize=768%2C574&amp;ssl=1 768w, https:\/\/i0.wp.com\/mama-kann-das.com\/wp-content\/uploads\/2025\/04\/tscho2-1-scaled.jpg?resize=1536%2C1149&amp;ssl=1 1536w, https:\/\/i0.wp.com\/mama-kann-das.com\/wp-content\/uploads\/2025\/04\/tscho2-1-scaled.jpg?resize=2048%2C1532&amp;ssl=1 2048w, https:\/\/i0.wp.com\/mama-kann-das.com\/wp-content\/uploads\/2025\/04\/tscho2-1-scaled.jpg?resize=1320%2C987&amp;ssl=1 1320w, https:\/\/i0.wp.com\/mama-kann-das.com\/wp-content\/uploads\/2025\/04\/tscho2-1-scaled.jpg?resize=600%2C449&amp;ssl=1 600w, https:\/\/i0.wp.com\/mama-kann-das.com\/wp-content\/uploads\/2025\/04\/tscho2-1-scaled.jpg?w=1920&amp;ssl=1 1920w\" sizes=\"(max-width: 640px) 100vw, 640px\" \/><\/figure>\n<\/figure>\n\n\n\n<p>Hast du dich schon einmal intensiv <strong>mit Seegurken<\/strong> befasst? Nicht? Dann wird es Zeit. Sp\u00e4testens mit der Geschichte von<strong> &#8222;Niki und das Geheimnis der Lucky Mary&#8220;<\/strong> werdet auch ihr vom <strong>Seegurken-Fieber<\/strong> gepackt, auch wenn sie bloss eine Nebenrolle im <strong>Abenteuer der Dreibein-Detektei <\/strong>spielen. Denn eigentlich handelt die Geschichte von Niki, einem Kind, das sich entscheiden muss, ob es die Welt weiterhin von seinem Zimmer aus beobachten oder <strong>sich den eigenen \u00c4ngsten stellen<\/strong>, Freunde gewinnen und ein St\u00fcck <strong>Erde retten<\/strong> will.<\/p>\n\n\n\n<figure class=\"wp-block-gallery has-nested-images columns-default is-cropped wp-block-gallery-4 is-layout-flex wp-block-gallery-is-layout-flex\">\n<figure class=\"wp-block-image size-large\"><img data-recalc-dims=\"1\" loading=\"lazy\" decoding=\"async\" width=\"640\" height=\"479\" data-id=\"3415\" src=\"https:\/\/i0.wp.com\/mama-kann-das.com\/wp-content\/uploads\/2025\/04\/niki1.jpg?resize=640%2C479&#038;ssl=1\" alt=\"&quot;Niki und das Geheimnis der Lucky Mary&quot; ist das perfekte Buch zum Vorlesen und selber lesen f\u00fcr Kinder ab 6 Jahren.\" class=\"wp-image-3415\" srcset=\"https:\/\/i0.wp.com\/mama-kann-das.com\/wp-content\/uploads\/2025\/04\/niki1-scaled.jpg?resize=1024%2C766&amp;ssl=1 1024w, https:\/\/i0.wp.com\/mama-kann-das.com\/wp-content\/uploads\/2025\/04\/niki1-scaled.jpg?resize=300%2C224&amp;ssl=1 300w, https:\/\/i0.wp.com\/mama-kann-das.com\/wp-content\/uploads\/2025\/04\/niki1-scaled.jpg?resize=768%2C574&amp;ssl=1 768w, https:\/\/i0.wp.com\/mama-kann-das.com\/wp-content\/uploads\/2025\/04\/niki1-scaled.jpg?resize=1536%2C1149&amp;ssl=1 1536w, https:\/\/i0.wp.com\/mama-kann-das.com\/wp-content\/uploads\/2025\/04\/niki1-scaled.jpg?resize=2048%2C1532&amp;ssl=1 2048w, https:\/\/i0.wp.com\/mama-kann-das.com\/wp-content\/uploads\/2025\/04\/niki1-scaled.jpg?resize=1320%2C987&amp;ssl=1 1320w, https:\/\/i0.wp.com\/mama-kann-das.com\/wp-content\/uploads\/2025\/04\/niki1-scaled.jpg?resize=600%2C449&amp;ssl=1 600w, https:\/\/i0.wp.com\/mama-kann-das.com\/wp-content\/uploads\/2025\/04\/niki1-scaled.jpg?w=1920&amp;ssl=1 1920w\" sizes=\"(max-width: 640px) 100vw, 640px\" \/><\/figure>\n\n\n\n<figure class=\"wp-block-image size-large\"><img data-recalc-dims=\"1\" loading=\"lazy\" decoding=\"async\" width=\"640\" height=\"479\" data-id=\"3414\" src=\"https:\/\/i0.wp.com\/mama-kann-das.com\/wp-content\/uploads\/2025\/04\/niki2.jpg?resize=640%2C479&#038;ssl=1\" alt=\"\" class=\"wp-image-3414\" srcset=\"https:\/\/i0.wp.com\/mama-kann-das.com\/wp-content\/uploads\/2025\/04\/niki2-scaled.jpg?resize=1024%2C766&amp;ssl=1 1024w, https:\/\/i0.wp.com\/mama-kann-das.com\/wp-content\/uploads\/2025\/04\/niki2-scaled.jpg?resize=300%2C224&amp;ssl=1 300w, https:\/\/i0.wp.com\/mama-kann-das.com\/wp-content\/uploads\/2025\/04\/niki2-scaled.jpg?resize=768%2C574&amp;ssl=1 768w, https:\/\/i0.wp.com\/mama-kann-das.com\/wp-content\/uploads\/2025\/04\/niki2-scaled.jpg?resize=1536%2C1149&amp;ssl=1 1536w, https:\/\/i0.wp.com\/mama-kann-das.com\/wp-content\/uploads\/2025\/04\/niki2-scaled.jpg?resize=2048%2C1532&amp;ssl=1 2048w, https:\/\/i0.wp.com\/mama-kann-das.com\/wp-content\/uploads\/2025\/04\/niki2-scaled.jpg?resize=1320%2C987&amp;ssl=1 1320w, https:\/\/i0.wp.com\/mama-kann-das.com\/wp-content\/uploads\/2025\/04\/niki2-scaled.jpg?resize=600%2C449&amp;ssl=1 600w, https:\/\/i0.wp.com\/mama-kann-das.com\/wp-content\/uploads\/2025\/04\/niki2-scaled.jpg?w=1920&amp;ssl=1 1920w\" sizes=\"(max-width: 640px) 100vw, 640px\" \/><\/figure>\n<\/figure>\n\n\n\n<p>Mit ihrem Schreibstil l\u00e4sst <strong>Regy Alfare<\/strong> die Kinder bereits nach wenigen S\u00e4tzen <strong>ins st\u00fcrmische Meer eintauchen <\/strong>und mit fiebern. Niki zeigt, dass man anders sein und <strong>Angst haben darf <\/strong>und<strong> trotzdem Mut beweisen<\/strong> und Abenteuer bestehen kann. Meine Kinder und ich sind uns einig. Wir sind<strong> grosse Fans der Dreibein Detektei.<\/strong> Und Seegurken nat\u00fcrlich. Falls du auch Fan werden m\u00f6chtest und <strong>Band 1 lesen <\/strong>willst, bevor Band 2 rauskommt, dann bestell dir das Buch am besten gleich <a href=\"https:\/\/tidd.ly\/42B053z\">hier.<\/a><\/p>\n\n\n\n<h2 class=\"wp-block-heading\">B\u00fccher als Schl\u00fcssel zu anderen Welten<\/h2>\n\n\n\n<p>Feenfreund*innen kommen bei <strong>&#8222;Mathilda und der verwunschene Zauberwald&#8220;<\/strong> voll auf ihre Kosten. Im ersten Band der <strong>f\u00fcnfteiligen Serie<\/strong> starten die Abenteuer der beiden <strong>Feenm\u00e4dchen Mathilda und Klara<\/strong>. Anja Lehmann beschreibt das <strong>Feenland<\/strong>, in dem die Zwei leben, so <strong>ausf\u00fchrlich und wundervoll<\/strong>, dass man das Gef\u00fchl bekommt, man stehe mittendrin. Und auch die Freundschaft, die die beiden Feen miteinander verbindet, w\u00fcnscht man sich <strong>ins echte Leben<\/strong>. Nur die <strong>gruselig-gr\u00fcnen Kobolde<\/strong>, die d\u00fcrfen gerne im Buch bleiben. \ud83d\ude42 Also nichts wie los, <strong>rauf aufs Einhorn <\/strong>und rein in den verbotenen Zauberwald. Das Buch kannst du <a href=\"https:\/\/tidd.ly\/42vQB8D\">hier<\/a> bestellen.<\/p>\n\n\n\n<figure class=\"wp-block-gallery has-nested-images columns-default is-cropped wp-block-gallery-5 is-layout-flex wp-block-gallery-is-layout-flex\">\n<figure class=\"wp-block-image size-large\"><img data-recalc-dims=\"1\" loading=\"lazy\" decoding=\"async\" width=\"640\" height=\"480\" data-id=\"3418\" src=\"https:\/\/i0.wp.com\/mama-kann-das.com\/wp-content\/uploads\/2025\/04\/mathilda-min.jpg?resize=640%2C480&#038;ssl=1\" alt=\"Die Fee Mathilda macht sich auf in ein Abenteuer in den verwunschenen Zauberwald. Ein wundersch\u00f6nes Buch \u00fcber magische Wesen &amp; Freundschaft.\" class=\"wp-image-3418\" srcset=\"https:\/\/i0.wp.com\/mama-kann-das.com\/wp-content\/uploads\/2025\/04\/mathilda-min-scaled.jpg?resize=1024%2C768&amp;ssl=1 1024w, https:\/\/i0.wp.com\/mama-kann-das.com\/wp-content\/uploads\/2025\/04\/mathilda-min-scaled.jpg?resize=300%2C225&amp;ssl=1 300w, https:\/\/i0.wp.com\/mama-kann-das.com\/wp-content\/uploads\/2025\/04\/mathilda-min-scaled.jpg?resize=768%2C576&amp;ssl=1 768w, https:\/\/i0.wp.com\/mama-kann-das.com\/wp-content\/uploads\/2025\/04\/mathilda-min-scaled.jpg?resize=1536%2C1152&amp;ssl=1 1536w, https:\/\/i0.wp.com\/mama-kann-das.com\/wp-content\/uploads\/2025\/04\/mathilda-min-scaled.jpg?resize=2048%2C1536&amp;ssl=1 2048w, https:\/\/i0.wp.com\/mama-kann-das.com\/wp-content\/uploads\/2025\/04\/mathilda-min-scaled.jpg?resize=1320%2C990&amp;ssl=1 1320w, https:\/\/i0.wp.com\/mama-kann-das.com\/wp-content\/uploads\/2025\/04\/mathilda-min-scaled.jpg?resize=600%2C450&amp;ssl=1 600w, https:\/\/i0.wp.com\/mama-kann-das.com\/wp-content\/uploads\/2025\/04\/mathilda-min-scaled.jpg?w=1920&amp;ssl=1 1920w\" sizes=\"(max-width: 640px) 100vw, 640px\" \/><\/figure>\n\n\n\n<figure class=\"wp-block-image size-large\"><img data-recalc-dims=\"1\" loading=\"lazy\" decoding=\"async\" width=\"640\" height=\"480\" data-id=\"3419\" src=\"https:\/\/i0.wp.com\/mama-kann-das.com\/wp-content\/uploads\/2025\/04\/mathilda2.jpg?resize=640%2C480&#038;ssl=1\" alt=\"\" class=\"wp-image-3419\" srcset=\"https:\/\/i0.wp.com\/mama-kann-das.com\/wp-content\/uploads\/2025\/04\/mathilda2-scaled.jpg?resize=1024%2C768&amp;ssl=1 1024w, https:\/\/i0.wp.com\/mama-kann-das.com\/wp-content\/uploads\/2025\/04\/mathilda2-scaled.jpg?resize=300%2C225&amp;ssl=1 300w, https:\/\/i0.wp.com\/mama-kann-das.com\/wp-content\/uploads\/2025\/04\/mathilda2-scaled.jpg?resize=768%2C576&amp;ssl=1 768w, https:\/\/i0.wp.com\/mama-kann-das.com\/wp-content\/uploads\/2025\/04\/mathilda2-scaled.jpg?resize=1536%2C1152&amp;ssl=1 1536w, https:\/\/i0.wp.com\/mama-kann-das.com\/wp-content\/uploads\/2025\/04\/mathilda2-scaled.jpg?resize=2048%2C1536&amp;ssl=1 2048w, https:\/\/i0.wp.com\/mama-kann-das.com\/wp-content\/uploads\/2025\/04\/mathilda2-scaled.jpg?resize=1320%2C990&amp;ssl=1 1320w, https:\/\/i0.wp.com\/mama-kann-das.com\/wp-content\/uploads\/2025\/04\/mathilda2-scaled.jpg?resize=600%2C450&amp;ssl=1 600w, https:\/\/i0.wp.com\/mama-kann-das.com\/wp-content\/uploads\/2025\/04\/mathilda2-scaled.jpg?w=1920&amp;ssl=1 1920w\" sizes=\"(max-width: 640px) 100vw, 640px\" \/><\/figure>\n<\/figure>\n\n\n\n<p>Feen sind bei euch zu Hause bereits out und nur was f\u00fcr &#8222;die Kleinen&#8220;? Zum Gl\u00fcck habe ich auch noch<strong> was f\u00fcr die ganz Coolen<\/strong>. Mit <strong>&#8222;Eden Hall &#8211; die Aufnahmepr\u00fcfung&#8220;<\/strong> geht es zur\u00fcck zu den <strong>Anf\u00e4ngen des Maschinenzeitalters.<\/strong> Peter Turner spielt die Hauptrolle in dem <strong>ersten Band der Wellvern-Saga<\/strong> und f\u00e4llt fast aus allen Wolken, als er f\u00fcr die Aufnahmepr\u00fcfung an der Eliteschule Eden Hall ausgew\u00e4hlt wird. <strong>Sein gr\u00f6sster Traum<\/strong> geht in Erf\u00fcllung. Doch erst einmal muss der 12-j\u00e4hrige die Aufgaben bestehen. Seine <strong>Gabe<\/strong>, Maschinen zu verstehen, ist dabei <strong>Fluch und Segen<\/strong> gleichermassen.<\/p>\n\n\n\n<figure class=\"wp-block-gallery has-nested-images columns-default is-cropped wp-block-gallery-6 is-layout-flex wp-block-gallery-is-layout-flex\">\n<figure class=\"wp-block-image size-large\"><img data-recalc-dims=\"1\" loading=\"lazy\" decoding=\"async\" width=\"640\" height=\"479\" data-id=\"3417\" src=\"https:\/\/i0.wp.com\/mama-kann-das.com\/wp-content\/uploads\/2025\/04\/eden1.jpg?resize=640%2C479&#038;ssl=1\" alt=\"Eden Hall ist ein super spannendes Buch, das nicht nur Kinder und Jugendliche begeistert.\" class=\"wp-image-3417\" srcset=\"https:\/\/i0.wp.com\/mama-kann-das.com\/wp-content\/uploads\/2025\/04\/eden1-scaled.jpg?resize=1024%2C766&amp;ssl=1 1024w, https:\/\/i0.wp.com\/mama-kann-das.com\/wp-content\/uploads\/2025\/04\/eden1-scaled.jpg?resize=300%2C224&amp;ssl=1 300w, https:\/\/i0.wp.com\/mama-kann-das.com\/wp-content\/uploads\/2025\/04\/eden1-scaled.jpg?resize=768%2C574&amp;ssl=1 768w, https:\/\/i0.wp.com\/mama-kann-das.com\/wp-content\/uploads\/2025\/04\/eden1-scaled.jpg?resize=1536%2C1149&amp;ssl=1 1536w, https:\/\/i0.wp.com\/mama-kann-das.com\/wp-content\/uploads\/2025\/04\/eden1-scaled.jpg?resize=2048%2C1532&amp;ssl=1 2048w, https:\/\/i0.wp.com\/mama-kann-das.com\/wp-content\/uploads\/2025\/04\/eden1-scaled.jpg?resize=1320%2C987&amp;ssl=1 1320w, https:\/\/i0.wp.com\/mama-kann-das.com\/wp-content\/uploads\/2025\/04\/eden1-scaled.jpg?resize=600%2C449&amp;ssl=1 600w, https:\/\/i0.wp.com\/mama-kann-das.com\/wp-content\/uploads\/2025\/04\/eden1-scaled.jpg?w=1920&amp;ssl=1 1920w\" sizes=\"(max-width: 640px) 100vw, 640px\" \/><\/figure>\n\n\n\n<figure class=\"wp-block-image size-large\"><img data-recalc-dims=\"1\" loading=\"lazy\" decoding=\"async\" width=\"640\" height=\"479\" data-id=\"3416\" src=\"https:\/\/i0.wp.com\/mama-kann-das.com\/wp-content\/uploads\/2025\/04\/eden22.jpg?resize=640%2C479&#038;ssl=1\" alt=\"\" class=\"wp-image-3416\" srcset=\"https:\/\/i0.wp.com\/mama-kann-das.com\/wp-content\/uploads\/2025\/04\/eden22-scaled.jpg?resize=1024%2C766&amp;ssl=1 1024w, https:\/\/i0.wp.com\/mama-kann-das.com\/wp-content\/uploads\/2025\/04\/eden22-scaled.jpg?resize=300%2C224&amp;ssl=1 300w, https:\/\/i0.wp.com\/mama-kann-das.com\/wp-content\/uploads\/2025\/04\/eden22-scaled.jpg?resize=768%2C574&amp;ssl=1 768w, https:\/\/i0.wp.com\/mama-kann-das.com\/wp-content\/uploads\/2025\/04\/eden22-scaled.jpg?resize=1536%2C1149&amp;ssl=1 1536w, https:\/\/i0.wp.com\/mama-kann-das.com\/wp-content\/uploads\/2025\/04\/eden22-scaled.jpg?resize=2048%2C1532&amp;ssl=1 2048w, https:\/\/i0.wp.com\/mama-kann-das.com\/wp-content\/uploads\/2025\/04\/eden22-scaled.jpg?resize=1320%2C987&amp;ssl=1 1320w, https:\/\/i0.wp.com\/mama-kann-das.com\/wp-content\/uploads\/2025\/04\/eden22-scaled.jpg?resize=600%2C449&amp;ssl=1 600w, https:\/\/i0.wp.com\/mama-kann-das.com\/wp-content\/uploads\/2025\/04\/eden22-scaled.jpg?w=1920&amp;ssl=1 1920w\" sizes=\"(max-width: 640px) 100vw, 640px\" \/><\/figure>\n<\/figure>\n\n\n\n<p>Das Buch verbindet<strong> Freundschaft, Abenteuer<\/strong> und das<strong> Eintauchen in eine andere Welt<\/strong> gleichermassen. Ich war froh, dass es mich auf einer l\u00e4ngeren Zugfahrt begleiten durfte und kann es <strong>kaum erwarten, bis Band 2 erscheint.<\/strong> Momentan ist die Geschichte bei einer 6. Kl\u00e4sslerin zu Hause, die ebenfalls begeistert ist. Du kannst das Buch <a href=\"https:\/\/www.amazon.de\/Eden-Hall-Die-Aufnahmepr%C3%BCfung-Wellvern-Saga\/dp\/3982615003\">hier<\/a> bestellen oder <a href=\"https:\/\/tidd.ly\/3RjHdzO\">hier<\/a> als H\u00f6rbuch downloaden.<\/p>\n\n\n\n<p>Welches Buch w\u00fcrde bei euch zu Hause<strong> als erstes gelesen <\/strong>werden? Ich freue mich auf deinen Kommentar. Falls du noch auf der Suche nach <strong>sch\u00f6nen, spannenden und sinnvollen Bilderb\u00fcchern<\/strong> zum Vorlesen f\u00fcr Kinder von 0-6 Jahren bist, dann schau unbedingt in <a href=\"https:\/\/mama-kann-das.com\/index.php\/2025\/04\/05\/bilderbuecher-fuer-kinder-von-0-6-jahren\/\">diesen Artikel<\/a> rein.<\/p>\n\n\n\n<p>Deine<\/p>\n\n\n<p class=\"fonts-plugin-block \" style=\"font-family: Satisfy;font-size: 50px\">Corina<\/p>\n\n\n<p>Dir gef\u00e4llt dieser Artikel? Magst du mich mit einem&nbsp;<a href=\"https:\/\/paypal.me\/mamakanndas?country.x=CH&amp;locale.x=de_DE\" target=\"_blank\" rel=\"noreferrer noopener\">virtuellen Kaffee<\/a>&nbsp;unterst\u00fctzen, damit ich noch mehr solcher Blogposts schreiben kann? Oder meinen Beitrag auf Pinterest teilen? Ich w\u00fcrde mich sehr freuen.<\/p>\n\n\n<div class=\"wp-block-image\">\n<figure class=\"aligncenter size-medium\"><img data-recalc-dims=\"1\" loading=\"lazy\" decoding=\"async\" width=\"200\" height=\"300\" src=\"https:\/\/i0.wp.com\/mama-kann-das.com\/wp-content\/uploads\/2025\/04\/Pinterest.jpg?resize=200%2C300&#038;ssl=1\" alt=\"\" class=\"wp-image-3453\" srcset=\"https:\/\/i0.wp.com\/mama-kann-das.com\/wp-content\/uploads\/2025\/04\/Pinterest.jpg?resize=200%2C300&amp;ssl=1 200w, https:\/\/i0.wp.com\/mama-kann-das.com\/wp-content\/uploads\/2025\/04\/Pinterest.jpg?resize=683%2C1024&amp;ssl=1 683w, https:\/\/i0.wp.com\/mama-kann-das.com\/wp-content\/uploads\/2025\/04\/Pinterest.jpg?resize=768%2C1152&amp;ssl=1 768w, https:\/\/i0.wp.com\/mama-kann-das.com\/wp-content\/uploads\/2025\/04\/Pinterest.jpg?resize=600%2C900&amp;ssl=1 600w, https:\/\/i0.wp.com\/mama-kann-das.com\/wp-content\/uploads\/2025\/04\/Pinterest.jpg?w=1000&amp;ssl=1 1000w\" sizes=\"(max-width: 200px) 100vw, 200px\" \/><\/figure>\n<\/div>","protected":false},"excerpt":{"rendered":"<p>Heute m\u00f6chte ich dir gerne den zweiten Teil meiner liebsten B\u00fccher der Kinder- und Jugendbuchmesse in Z\u00fcrich vorstellen. Hierbei handelt es sich um eine Auswahl an Geschichten zum Vorlesen und B\u00fcchern, die die Kinder zum Selber lesen animieren. Alle vorgestellten&#8230;<\/p>\n","protected":false},"author":1,"featured_media":3452,"comment_status":"open","ping_status":"open","sticky":false,"template":"","format":"standard","meta":{"jetpack_post_was_ever_published":false,"_jetpack_newsletter_access":"","_jetpack_dont_email_post_to_subs":false,"_jetpack_newsletter_tier_id":0,"_jetpack_memberships_contains_paywalled_content":false,"_jetpack_memberships_contains_paid_content":false,"footnotes":""},"categories":[1],"tags":[],"class_list":["post-3375","post","type-post","status-publish","format-standard","has-post-thumbnail","hentry","category-uncategorized"],"yoast_head":"<!-- This site is optimized with the Yoast SEO plugin v27.4 - https:\/\/yoast.com\/product\/yoast-seo-wordpress\/ -->\n<title>Vorlesen &amp; erstes selber lesen f\u00fcr Kinder ab 5 Jahren - mama-kann-das<\/title>\n<meta name=\"robots\" content=\"index, follow, max-snippet:-1, max-image-preview:large, max-video-preview:-1\" \/>\n<link rel=\"canonical\" href=\"https:\/\/mama-kann-das.com\/index.php\/2025\/04\/21\/vorlesen-erstes-selber-lesen-fuer-kinder-ab-5-jahren\/\" \/>\n<meta property=\"og:locale\" content=\"de_DE\" \/>\n<meta property=\"og:type\" content=\"article\" \/>\n<meta property=\"og:title\" content=\"Vorlesen &amp; erstes selber lesen f\u00fcr Kinder ab 5 Jahren - mama-kann-das\" \/>\n<meta property=\"og:description\" content=\"Heute m\u00f6chte ich dir gerne den zweiten Teil meiner liebsten B\u00fccher der Kinder- und Jugendbuchmesse in Z\u00fcrich vorstellen. Hierbei handelt es sich um eine Auswahl an Geschichten zum Vorlesen und B\u00fcchern, die die Kinder zum Selber lesen animieren. Alle vorgestellten...\" \/>\n<meta property=\"og:url\" content=\"https:\/\/mama-kann-das.com\/index.php\/2025\/04\/21\/vorlesen-erstes-selber-lesen-fuer-kinder-ab-5-jahren\/\" \/>\n<meta property=\"og:site_name\" content=\"mama-kann-das\" \/>\n<meta property=\"article:author\" content=\"facebook.com\/corinakanndas\" \/>\n<meta property=\"article:published_time\" content=\"2025-04-21T05:57:59+00:00\" \/>\n<meta property=\"article:modified_time\" content=\"2025-04-21T06:00:14+00:00\" \/>\n<meta property=\"og:image\" content=\"https:\/\/mama-kann-das.com\/wp-content\/uploads\/2025\/04\/titel-1-scaled.jpg\" \/>\n\t<meta property=\"og:image:width\" content=\"2560\" \/>\n\t<meta property=\"og:image:height\" content=\"1920\" \/>\n\t<meta property=\"og:image:type\" content=\"image\/jpeg\" \/>\n<meta name=\"author\" content=\"Corina\" \/>\n<meta name=\"twitter:card\" content=\"summary_large_image\" \/>\n<meta name=\"twitter:label1\" content=\"Verfasst von\" \/>\n\t<meta name=\"twitter:data1\" content=\"Corina\" \/>\n\t<meta name=\"twitter:label2\" content=\"Gesch\u00e4tzte Lesezeit\" \/>\n\t<meta name=\"twitter:data2\" content=\"9\u00a0Minuten\" \/>\n<script type=\"application\/ld+json\" class=\"yoast-schema-graph\">{\"@context\":\"https:\\\/\\\/schema.org\",\"@graph\":[{\"@type\":\"Article\",\"@id\":\"https:\\\/\\\/mama-kann-das.com\\\/index.php\\\/2025\\\/04\\\/21\\\/vorlesen-erstes-selber-lesen-fuer-kinder-ab-5-jahren\\\/#article\",\"isPartOf\":{\"@id\":\"https:\\\/\\\/mama-kann-das.com\\\/index.php\\\/2025\\\/04\\\/21\\\/vorlesen-erstes-selber-lesen-fuer-kinder-ab-5-jahren\\\/\"},\"author\":{\"name\":\"Corina\",\"@id\":\"https:\\\/\\\/mama-kann-das.com\\\/#\\\/schema\\\/person\\\/83df833a52d90404e3f21603b1cf9e58\"},\"headline\":\"Vorlesen &amp; erstes selber lesen f\u00fcr Kinder ab 5 Jahren\",\"datePublished\":\"2025-04-21T05:57:59+00:00\",\"dateModified\":\"2025-04-21T06:00:14+00:00\",\"mainEntityOfPage\":{\"@id\":\"https:\\\/\\\/mama-kann-das.com\\\/index.php\\\/2025\\\/04\\\/21\\\/vorlesen-erstes-selber-lesen-fuer-kinder-ab-5-jahren\\\/\"},\"wordCount\":1061,\"commentCount\":0,\"publisher\":{\"@id\":\"https:\\\/\\\/mama-kann-das.com\\\/#organization\"},\"image\":{\"@id\":\"https:\\\/\\\/mama-kann-das.com\\\/index.php\\\/2025\\\/04\\\/21\\\/vorlesen-erstes-selber-lesen-fuer-kinder-ab-5-jahren\\\/#primaryimage\"},\"thumbnailUrl\":\"https:\\\/\\\/i0.wp.com\\\/mama-kann-das.com\\\/wp-content\\\/uploads\\\/2025\\\/04\\\/titel-1-scaled.jpg?fit=2560%2C1920&ssl=1\",\"articleSection\":[\"Uncategorized\"],\"inLanguage\":\"de\",\"potentialAction\":[{\"@type\":\"CommentAction\",\"name\":\"Comment\",\"target\":[\"https:\\\/\\\/mama-kann-das.com\\\/index.php\\\/2025\\\/04\\\/21\\\/vorlesen-erstes-selber-lesen-fuer-kinder-ab-5-jahren\\\/#respond\"]}]},{\"@type\":\"WebPage\",\"@id\":\"https:\\\/\\\/mama-kann-das.com\\\/index.php\\\/2025\\\/04\\\/21\\\/vorlesen-erstes-selber-lesen-fuer-kinder-ab-5-jahren\\\/\",\"url\":\"https:\\\/\\\/mama-kann-das.com\\\/index.php\\\/2025\\\/04\\\/21\\\/vorlesen-erstes-selber-lesen-fuer-kinder-ab-5-jahren\\\/\",\"name\":\"Vorlesen &amp; erstes selber lesen f\u00fcr Kinder ab 5 Jahren - mama-kann-das\",\"isPartOf\":{\"@id\":\"https:\\\/\\\/mama-kann-das.com\\\/#website\"},\"primaryImageOfPage\":{\"@id\":\"https:\\\/\\\/mama-kann-das.com\\\/index.php\\\/2025\\\/04\\\/21\\\/vorlesen-erstes-selber-lesen-fuer-kinder-ab-5-jahren\\\/#primaryimage\"},\"image\":{\"@id\":\"https:\\\/\\\/mama-kann-das.com\\\/index.php\\\/2025\\\/04\\\/21\\\/vorlesen-erstes-selber-lesen-fuer-kinder-ab-5-jahren\\\/#primaryimage\"},\"thumbnailUrl\":\"https:\\\/\\\/i0.wp.com\\\/mama-kann-das.com\\\/wp-content\\\/uploads\\\/2025\\\/04\\\/titel-1-scaled.jpg?fit=2560%2C1920&ssl=1\",\"datePublished\":\"2025-04-21T05:57:59+00:00\",\"dateModified\":\"2025-04-21T06:00:14+00:00\",\"breadcrumb\":{\"@id\":\"https:\\\/\\\/mama-kann-das.com\\\/index.php\\\/2025\\\/04\\\/21\\\/vorlesen-erstes-selber-lesen-fuer-kinder-ab-5-jahren\\\/#breadcrumb\"},\"inLanguage\":\"de\",\"potentialAction\":[{\"@type\":\"ReadAction\",\"target\":[\"https:\\\/\\\/mama-kann-das.com\\\/index.php\\\/2025\\\/04\\\/21\\\/vorlesen-erstes-selber-lesen-fuer-kinder-ab-5-jahren\\\/\"]}]},{\"@type\":\"ImageObject\",\"inLanguage\":\"de\",\"@id\":\"https:\\\/\\\/mama-kann-das.com\\\/index.php\\\/2025\\\/04\\\/21\\\/vorlesen-erstes-selber-lesen-fuer-kinder-ab-5-jahren\\\/#primaryimage\",\"url\":\"https:\\\/\\\/i0.wp.com\\\/mama-kann-das.com\\\/wp-content\\\/uploads\\\/2025\\\/04\\\/titel-1-scaled.jpg?fit=2560%2C1920&ssl=1\",\"contentUrl\":\"https:\\\/\\\/i0.wp.com\\\/mama-kann-das.com\\\/wp-content\\\/uploads\\\/2025\\\/04\\\/titel-1-scaled.jpg?fit=2560%2C1920&ssl=1\",\"width\":2560,\"height\":1920},{\"@type\":\"BreadcrumbList\",\"@id\":\"https:\\\/\\\/mama-kann-das.com\\\/index.php\\\/2025\\\/04\\\/21\\\/vorlesen-erstes-selber-lesen-fuer-kinder-ab-5-jahren\\\/#breadcrumb\",\"itemListElement\":[{\"@type\":\"ListItem\",\"position\":1,\"name\":\"Startseite\",\"item\":\"https:\\\/\\\/mama-kann-das.com\\\/\"},{\"@type\":\"ListItem\",\"position\":2,\"name\":\"Vorlesen &amp; erstes selber lesen f\u00fcr Kinder ab 5 Jahren\"}]},{\"@type\":\"WebSite\",\"@id\":\"https:\\\/\\\/mama-kann-das.com\\\/#website\",\"url\":\"https:\\\/\\\/mama-kann-das.com\\\/\",\"name\":\"mama-kann-das\",\"description\":\"gelassen durch den Familienalltag\",\"publisher\":{\"@id\":\"https:\\\/\\\/mama-kann-das.com\\\/#organization\"},\"potentialAction\":[{\"@type\":\"SearchAction\",\"target\":{\"@type\":\"EntryPoint\",\"urlTemplate\":\"https:\\\/\\\/mama-kann-das.com\\\/?s={search_term_string}\"},\"query-input\":{\"@type\":\"PropertyValueSpecification\",\"valueRequired\":true,\"valueName\":\"search_term_string\"}}],\"inLanguage\":\"de\"},{\"@type\":\"Organization\",\"@id\":\"https:\\\/\\\/mama-kann-das.com\\\/#organization\",\"name\":\"mama-kann-das\",\"url\":\"https:\\\/\\\/mama-kann-das.com\\\/\",\"logo\":{\"@type\":\"ImageObject\",\"inLanguage\":\"de\",\"@id\":\"https:\\\/\\\/mama-kann-das.com\\\/#\\\/schema\\\/logo\\\/image\\\/\",\"url\":\"https:\\\/\\\/i0.wp.com\\\/mama-kann-das.com\\\/wp-content\\\/uploads\\\/2026\\\/01\\\/cropped-Banner-neu-1.png?fit=1243%2C351&ssl=1\",\"contentUrl\":\"https:\\\/\\\/i0.wp.com\\\/mama-kann-das.com\\\/wp-content\\\/uploads\\\/2026\\\/01\\\/cropped-Banner-neu-1.png?fit=1243%2C351&ssl=1\",\"width\":1243,\"height\":351,\"caption\":\"mama-kann-das\"},\"image\":{\"@id\":\"https:\\\/\\\/mama-kann-das.com\\\/#\\\/schema\\\/logo\\\/image\\\/\"}},{\"@type\":\"Person\",\"@id\":\"https:\\\/\\\/mama-kann-das.com\\\/#\\\/schema\\\/person\\\/83df833a52d90404e3f21603b1cf9e58\",\"name\":\"Corina\",\"image\":{\"@type\":\"ImageObject\",\"inLanguage\":\"de\",\"@id\":\"https:\\\/\\\/secure.gravatar.com\\\/avatar\\\/791919cd4962f2a440718b8180fea719c288cc66c4bc5413544ada69564aa24f?s=96&d=mm&r=g\",\"url\":\"https:\\\/\\\/secure.gravatar.com\\\/avatar\\\/791919cd4962f2a440718b8180fea719c288cc66c4bc5413544ada69564aa24f?s=96&d=mm&r=g\",\"contentUrl\":\"https:\\\/\\\/secure.gravatar.com\\\/avatar\\\/791919cd4962f2a440718b8180fea719c288cc66c4bc5413544ada69564aa24f?s=96&d=mm&r=g\",\"caption\":\"Corina\"},\"sameAs\":[\"https:\\\/\\\/mama-kann-das.com\",\"facebook.com\\\/corinakanndas\",\"instagram.com\\\/mama.kann.das\"],\"url\":\"https:\\\/\\\/mama-kann-das.com\\\/index.php\\\/author\\\/c_zimmermann_l38n2d31\\\/\"}]}<\/script>\n<!-- \/ Yoast SEO plugin. -->","yoast_head_json":{"title":"Vorlesen &amp; erstes selber lesen f\u00fcr Kinder ab 5 Jahren - mama-kann-das","robots":{"index":"index","follow":"follow","max-snippet":"max-snippet:-1","max-image-preview":"max-image-preview:large","max-video-preview":"max-video-preview:-1"},"canonical":"https:\/\/mama-kann-das.com\/index.php\/2025\/04\/21\/vorlesen-erstes-selber-lesen-fuer-kinder-ab-5-jahren\/","og_locale":"de_DE","og_type":"article","og_title":"Vorlesen &amp; erstes selber lesen f\u00fcr Kinder ab 5 Jahren - mama-kann-das","og_description":"Heute m\u00f6chte ich dir gerne den zweiten Teil meiner liebsten B\u00fccher der Kinder- und Jugendbuchmesse in Z\u00fcrich vorstellen. Hierbei handelt es sich um eine Auswahl an Geschichten zum Vorlesen und B\u00fcchern, die die Kinder zum Selber lesen animieren. Alle vorgestellten...","og_url":"https:\/\/mama-kann-das.com\/index.php\/2025\/04\/21\/vorlesen-erstes-selber-lesen-fuer-kinder-ab-5-jahren\/","og_site_name":"mama-kann-das","article_author":"facebook.com\/corinakanndas","article_published_time":"2025-04-21T05:57:59+00:00","article_modified_time":"2025-04-21T06:00:14+00:00","og_image":[{"width":2560,"height":1920,"url":"https:\/\/mama-kann-das.com\/wp-content\/uploads\/2025\/04\/titel-1-scaled.jpg","type":"image\/jpeg"}],"author":"Corina","twitter_card":"summary_large_image","twitter_misc":{"Verfasst von":"Corina","Gesch\u00e4tzte Lesezeit":"9\u00a0Minuten"},"schema":{"@context":"https:\/\/schema.org","@graph":[{"@type":"Article","@id":"https:\/\/mama-kann-das.com\/index.php\/2025\/04\/21\/vorlesen-erstes-selber-lesen-fuer-kinder-ab-5-jahren\/#article","isPartOf":{"@id":"https:\/\/mama-kann-das.com\/index.php\/2025\/04\/21\/vorlesen-erstes-selber-lesen-fuer-kinder-ab-5-jahren\/"},"author":{"name":"Corina","@id":"https:\/\/mama-kann-das.com\/#\/schema\/person\/83df833a52d90404e3f21603b1cf9e58"},"headline":"Vorlesen &amp; erstes selber lesen f\u00fcr Kinder ab 5 Jahren","datePublished":"2025-04-21T05:57:59+00:00","dateModified":"2025-04-21T06:00:14+00:00","mainEntityOfPage":{"@id":"https:\/\/mama-kann-das.com\/index.php\/2025\/04\/21\/vorlesen-erstes-selber-lesen-fuer-kinder-ab-5-jahren\/"},"wordCount":1061,"commentCount":0,"publisher":{"@id":"https:\/\/mama-kann-das.com\/#organization"},"image":{"@id":"https:\/\/mama-kann-das.com\/index.php\/2025\/04\/21\/vorlesen-erstes-selber-lesen-fuer-kinder-ab-5-jahren\/#primaryimage"},"thumbnailUrl":"https:\/\/i0.wp.com\/mama-kann-das.com\/wp-content\/uploads\/2025\/04\/titel-1-scaled.jpg?fit=2560%2C1920&ssl=1","articleSection":["Uncategorized"],"inLanguage":"de","potentialAction":[{"@type":"CommentAction","name":"Comment","target":["https:\/\/mama-kann-das.com\/index.php\/2025\/04\/21\/vorlesen-erstes-selber-lesen-fuer-kinder-ab-5-jahren\/#respond"]}]},{"@type":"WebPage","@id":"https:\/\/mama-kann-das.com\/index.php\/2025\/04\/21\/vorlesen-erstes-selber-lesen-fuer-kinder-ab-5-jahren\/","url":"https:\/\/mama-kann-das.com\/index.php\/2025\/04\/21\/vorlesen-erstes-selber-lesen-fuer-kinder-ab-5-jahren\/","name":"Vorlesen &amp; erstes selber lesen f\u00fcr Kinder ab 5 Jahren - mama-kann-das","isPartOf":{"@id":"https:\/\/mama-kann-das.com\/#website"},"primaryImageOfPage":{"@id":"https:\/\/mama-kann-das.com\/index.php\/2025\/04\/21\/vorlesen-erstes-selber-lesen-fuer-kinder-ab-5-jahren\/#primaryimage"},"image":{"@id":"https:\/\/mama-kann-das.com\/index.php\/2025\/04\/21\/vorlesen-erstes-selber-lesen-fuer-kinder-ab-5-jahren\/#primaryimage"},"thumbnailUrl":"https:\/\/i0.wp.com\/mama-kann-das.com\/wp-content\/uploads\/2025\/04\/titel-1-scaled.jpg?fit=2560%2C1920&ssl=1","datePublished":"2025-04-21T05:57:59+00:00","dateModified":"2025-04-21T06:00:14+00:00","breadcrumb":{"@id":"https:\/\/mama-kann-das.com\/index.php\/2025\/04\/21\/vorlesen-erstes-selber-lesen-fuer-kinder-ab-5-jahren\/#breadcrumb"},"inLanguage":"de","potentialAction":[{"@type":"ReadAction","target":["https:\/\/mama-kann-das.com\/index.php\/2025\/04\/21\/vorlesen-erstes-selber-lesen-fuer-kinder-ab-5-jahren\/"]}]},{"@type":"ImageObject","inLanguage":"de","@id":"https:\/\/mama-kann-das.com\/index.php\/2025\/04\/21\/vorlesen-erstes-selber-lesen-fuer-kinder-ab-5-jahren\/#primaryimage","url":"https:\/\/i0.wp.com\/mama-kann-das.com\/wp-content\/uploads\/2025\/04\/titel-1-scaled.jpg?fit=2560%2C1920&ssl=1","contentUrl":"https:\/\/i0.wp.com\/mama-kann-das.com\/wp-content\/uploads\/2025\/04\/titel-1-scaled.jpg?fit=2560%2C1920&ssl=1","width":2560,"height":1920},{"@type":"BreadcrumbList","@id":"https:\/\/mama-kann-das.com\/index.php\/2025\/04\/21\/vorlesen-erstes-selber-lesen-fuer-kinder-ab-5-jahren\/#breadcrumb","itemListElement":[{"@type":"ListItem","position":1,"name":"Startseite","item":"https:\/\/mama-kann-das.com\/"},{"@type":"ListItem","position":2,"name":"Vorlesen &amp; erstes selber lesen f\u00fcr Kinder ab 5 Jahren"}]},{"@type":"WebSite","@id":"https:\/\/mama-kann-das.com\/#website","url":"https:\/\/mama-kann-das.com\/","name":"mama-kann-das","description":"gelassen durch den Familienalltag","publisher":{"@id":"https:\/\/mama-kann-das.com\/#organization"},"potentialAction":[{"@type":"SearchAction","target":{"@type":"EntryPoint","urlTemplate":"https:\/\/mama-kann-das.com\/?s={search_term_string}"},"query-input":{"@type":"PropertyValueSpecification","valueRequired":true,"valueName":"search_term_string"}}],"inLanguage":"de"},{"@type":"Organization","@id":"https:\/\/mama-kann-das.com\/#organization","name":"mama-kann-das","url":"https:\/\/mama-kann-das.com\/","logo":{"@type":"ImageObject","inLanguage":"de","@id":"https:\/\/mama-kann-das.com\/#\/schema\/logo\/image\/","url":"https:\/\/i0.wp.com\/mama-kann-das.com\/wp-content\/uploads\/2026\/01\/cropped-Banner-neu-1.png?fit=1243%2C351&ssl=1","contentUrl":"https:\/\/i0.wp.com\/mama-kann-das.com\/wp-content\/uploads\/2026\/01\/cropped-Banner-neu-1.png?fit=1243%2C351&ssl=1","width":1243,"height":351,"caption":"mama-kann-das"},"image":{"@id":"https:\/\/mama-kann-das.com\/#\/schema\/logo\/image\/"}},{"@type":"Person","@id":"https:\/\/mama-kann-das.com\/#\/schema\/person\/83df833a52d90404e3f21603b1cf9e58","name":"Corina","image":{"@type":"ImageObject","inLanguage":"de","@id":"https:\/\/secure.gravatar.com\/avatar\/791919cd4962f2a440718b8180fea719c288cc66c4bc5413544ada69564aa24f?s=96&d=mm&r=g","url":"https:\/\/secure.gravatar.com\/avatar\/791919cd4962f2a440718b8180fea719c288cc66c4bc5413544ada69564aa24f?s=96&d=mm&r=g","contentUrl":"https:\/\/secure.gravatar.com\/avatar\/791919cd4962f2a440718b8180fea719c288cc66c4bc5413544ada69564aa24f?s=96&d=mm&r=g","caption":"Corina"},"sameAs":["https:\/\/mama-kann-das.com","facebook.com\/corinakanndas","instagram.com\/mama.kann.das"],"url":"https:\/\/mama-kann-das.com\/index.php\/author\/c_zimmermann_l38n2d31\/"}]}},"jetpack_featured_media_url":"https:\/\/i0.wp.com\/mama-kann-das.com\/wp-content\/uploads\/2025\/04\/titel-1-scaled.jpg?fit=2560%2C1920&ssl=1","jetpack_sharing_enabled":true,"_links":{"self":[{"href":"https:\/\/mama-kann-das.com\/index.php\/wp-json\/wp\/v2\/posts\/3375","targetHints":{"allow":["GET"]}}],"collection":[{"href":"https:\/\/mama-kann-das.com\/index.php\/wp-json\/wp\/v2\/posts"}],"about":[{"href":"https:\/\/mama-kann-das.com\/index.php\/wp-json\/wp\/v2\/types\/post"}],"author":[{"embeddable":true,"href":"https:\/\/mama-kann-das.com\/index.php\/wp-json\/wp\/v2\/users\/1"}],"replies":[{"embeddable":true,"href":"https:\/\/mama-kann-das.com\/index.php\/wp-json\/wp\/v2\/comments?post=3375"}],"version-history":[{"count":6,"href":"https:\/\/mama-kann-das.com\/index.php\/wp-json\/wp\/v2\/posts\/3375\/revisions"}],"predecessor-version":[{"id":3455,"href":"https:\/\/mama-kann-das.com\/index.php\/wp-json\/wp\/v2\/posts\/3375\/revisions\/3455"}],"wp:featuredmedia":[{"embeddable":true,"href":"https:\/\/mama-kann-das.com\/index.php\/wp-json\/wp\/v2\/media\/3452"}],"wp:attachment":[{"href":"https:\/\/mama-kann-das.com\/index.php\/wp-json\/wp\/v2\/media?parent=3375"}],"wp:term":[{"taxonomy":"category","embeddable":true,"href":"https:\/\/mama-kann-das.com\/index.php\/wp-json\/wp\/v2\/categories?post=3375"},{"taxonomy":"post_tag","embeddable":true,"href":"https:\/\/mama-kann-das.com\/index.php\/wp-json\/wp\/v2\/tags?post=3375"}],"curies":[{"name":"wp","href":"https:\/\/api.w.org\/{rel}","templated":true}]}}