{"id":310,"date":"2020-08-25T20:59:31","date_gmt":"2020-08-25T20:59:31","guid":{"rendered":"https:\/\/mama-kann-das.com\/?p=310"},"modified":"2021-07-12T19:44:22","modified_gmt":"2021-07-12T19:44:22","slug":"eingewoehnung-leicht-gemacht","status":"publish","type":"post","link":"https:\/\/mama-kann-das.com\/index.php\/2020\/08\/25\/eingewoehnung-leicht-gemacht\/","title":{"rendered":"Eingew\u00f6hnung &#8211; Kita-Start leicht gemacht"},"content":{"rendered":"\n<p>Ihr habt dank meiner Checkliste <a href=\"https:\/\/mama-kann-das.com\/index.php\/2020\/09\/08\/beste-kita\/\" target=\"_blank\" rel=\"noreferrer noopener\">die perfekte Kita<\/a> gefunden und wollt wissen, wie es nun weitergeht? Das Wort &#8222;Eingew\u00f6hnung&#8220; fiel schon einmal, doch was bedeutet das eigentlich? Hier gebe ich euch einen kleinen Einblick, damit der Start in die Kita ein Erfolg f\u00fcr die ganze Familie wird.<\/p>\n\n\n\n<h2 class=\"wp-block-heading\">Eingew\u00f6hnung nach Plan gibt es nicht<\/h2>\n\n\n\n<p>In jeder &#8222;guten&#8220; Kita gibt es eine sogenannte Eingew\u00f6hnung. Das Kind wird mit dem Ablauf und dem Alltag der Struktur vertraut gemacht und langsam an den Abschied von den Eltern herangef\u00fchrt. Hier wird individuell auf jedes Kind eingegangen. Gewisse brauchen zwei Wochen bis sie sich in der neuen Umgebung wohl f\u00fchlen, andere brauchen etwas l\u00e4nger daf\u00fcr. So verschieden wie sich jedes Kind entwickelt, so unterschiedlich kann eine Eingew\u00f6hnung sein.  Einen einheitlichen Plan gibt es nicht. Trotzdem m\u00f6chte ich euch einige Merkpunkte aufzeigen, die zu einer gelungenen Eingew\u00f6hnung beitragen.<\/p>\n\n\n\n<div class=\"wp-block-image\"><figure class=\"aligncenter size-large is-resized\"><img data-recalc-dims=\"1\" fetchpriority=\"high\" decoding=\"async\" src=\"https:\/\/i0.wp.com\/mama-kann-das.com\/wp-content\/uploads\/2020\/08\/Kita-Start.png?resize=336%2C504&#038;ssl=1\" alt=\"Eine erfolgreiche Eingew\u00f6hnung ist ausschlaggebend f\u00fcr einen erfolgreichen Start in die Kita.\" class=\"wp-image-313\" width=\"336\" height=\"504\" srcset=\"https:\/\/i0.wp.com\/mama-kann-das.com\/wp-content\/uploads\/2020\/08\/Kita-Start.png?resize=683%2C1024&amp;ssl=1 683w, https:\/\/i0.wp.com\/mama-kann-das.com\/wp-content\/uploads\/2020\/08\/Kita-Start.png?resize=600%2C900&amp;ssl=1 600w, https:\/\/i0.wp.com\/mama-kann-das.com\/wp-content\/uploads\/2020\/08\/Kita-Start.png?resize=200%2C300&amp;ssl=1 200w, https:\/\/i0.wp.com\/mama-kann-das.com\/wp-content\/uploads\/2020\/08\/Kita-Start.png?w=735&amp;ssl=1 735w\" sizes=\"(max-width: 336px) 100vw, 336px\" \/><\/figure><\/div>\n\n\n\n<h2 class=\"wp-block-heading\">Wichtige Merkpunkte zur Eingew\u00f6hnung<\/h2>\n\n\n\n<ul class=\"wp-block-list\"><li><strong>Plant gen\u00fcgend Zeit ein.<\/strong> Euer Kind befindet sich gerade in einer &#8222;Fremdel&#8220;-Phase? Es hat gerade M\u00fche, sich von seinen Eltern zu verabschieden? Ihr seid ab einem gewissen Datum auf den Kita-Platz angewiesen, weil ihr z.B. arbeiten m\u00fcsst? Gebt euch genug Zeit f\u00fcr die Eingew\u00f6hnung und sprecht den\/die Betreuer\/in darauf an. Fangt lieber 2 oder 3 Wochen vorher an, wenn ihr euch damit sicherer f\u00fchlt. Ihr kennt euer Kind am besten.<\/li><li><strong>Bleibt in der N\u00e4he.<\/strong> Nach den ersten Trennungen solltet ihr, wenn m\u00f6glich, in der Kita bzw. in der N\u00e4he bleiben, damit ihr schnell reagieren k\u00f6nnt, falls sich euer Kind nicht beruhigen l\u00e4sst. Dies gibt dem Kind Vertrauen und erleichtert das Fortfahren der Eingew\u00f6hnung.<\/li><li><strong>Verabschiedet euch immer.<\/strong>  Bitte schleicht euch nicht einfach davon, wenn das Kind am Spielen ist. Sagt tsch\u00fcss, nehmt es nochmals in den Arm und teilt ihm mit, dass ihr bald wieder zur\u00fcck seid. Das gibt eurem Kind Sicherheit und die Gewissheit, dass ihr immer wieder kommt.<\/li><li><strong>Bringt euer Kind regelm\u00e4ssig.<\/strong> Plant Unterbrechungen wie z.B. Ferien nicht w\u00e4hrend oder direkt nach der Eingew\u00f6hnungszeit. Es gibt fast nichts anstrengenderes, weder f\u00fcr Eltern, Kinder noch Betreuer, wenn das Kind eingew\u00f6hnt wird und danach gleich drei Wochen in den Urlaub geht. Wartet damit bis die Kita ein fester Bestandteil eures Familienalltags geworden ist oder geniesst die Zeit davor.<\/li><li><strong>Bringt Geduld mit.<\/strong> Dr\u00e4ngt euer Kind nicht. Vielleicht braucht es etwas mehr Zeit als andere, aber es wird sich an den Ablauf und die Betreuer gew\u00f6hnen und irgendwann mit Freude die Kita besuchen.<\/li><\/ul>\n\n\n\n<p>Solltet ihr Zweifel oder Sorgen haben an der Entscheidung, euer Kind in der Kita betreuen zu lassen, sprecht die Fachpersonen darauf an. Ein offenes und vertrauensvolles Verh\u00e4ltnis von Anfang an erleichtert den Start f\u00fcr die ganze Familie. Ausserdem sind die Betreuer froh, wenn sie wissen, wie sich die Eltern f\u00fchlen. Nat\u00fcrlich ist es wichtig, dass es den Kindern gut geht. Doch die Gef\u00fchle der Eltern spielen ebenfalls eine grosse Rolle. Eure Kinder sp\u00fcren eure Emotionen und dr\u00fccken sie notfalls auch f\u00fcr euch aus.<\/p>\n\n\n\n<h2 class=\"wp-block-heading\">Das &#8222;Berliner Modell&#8220;<\/h2>\n\n\n\n<div class=\"wp-block-image\"><figure class=\"alignright size-large is-resized\"><img data-recalc-dims=\"1\" decoding=\"async\" src=\"https:\/\/i0.wp.com\/mama-kann-das.com\/wp-content\/uploads\/2020\/08\/woman-carrying-baby-at-beach-during-sunset-51953.jpg?resize=184%2C181&#038;ssl=1\" alt=\"\" class=\"wp-image-317\" width=\"184\" height=\"181\"\/><\/figure><\/div>\n\n\n\n<p>Viele Kitas arbeiten nach dem &#8222;Berliner Modell&#8220;. Dieses sieht vor, dass eine Trennung nicht vor dem 4. Eingew\u00f6hnungstag statt findet. Das heisst aber nicht, dass der erste Abschied genau am vierten Tag stattfinden MUSS. Wenn ihr euch noch nicht bereit dazu f\u00fchlt und \/ oder merkt, dass euer Kind noch Zeit braucht, dann sprecht das unbedingt an. Ein Abschied muss nicht von Tr\u00e4nen begleitet werden. Und jede\/r, der euch hier etwas anderes sagt, liegt leider falsch!<\/p>\n\n\n\n<p>Gebt euch und eurem Kind Zeit. Eine sanfte und langsame Eingew\u00f6hnung ist auf lange Sicht der bessere Weg, als etwas erzwingen zu wollen, wof\u00fcr das Kind noch nicht bereit ist. Kinder, die gut eingew\u00f6hnt werden, haben viel weniger Schwierigkeiten nach einem l\u00e4ngeren Urlaub oder einer krankheitsbedingten Abwesenheit wieder in den Kita-Alltag zu finden.<\/p>\n\n\n\n<p>Habt ihr bereits eine Eingew\u00f6hnung hinter euch? Wie habt ihr die Zeit empfunden? Was war f\u00fcr euch besonders positiv \/ negativ? Oder steht ihr noch ganz am Anfang und habt alles vor euch? Ich freue mich auf eure Erfahrungen.<\/p>\n\n\n\n<p>Eure <\/p>\n\n\n<p class=\"fonts-plugin-block \" style=\"font-family: Satisfy;font-size: 50px\">Corina<\/p>\n\n\n<p>Dir gef\u00e4llt dieser Artikel? Magst du mich mit einem Kaffee und neuer Energie f\u00fcr mehr solcher Blogposts unterst\u00fctzen? Ich w\u00fcrde mich riesig dar\u00fcber freuen. <a href=\"https:\/\/www.buymeacoffee.com\/corinakanndas\" target=\"_blank\" rel=\"noreferrer noopener\">www.buymeacoffee.com\/corinakanndas<\/a><\/p>\n","protected":false},"excerpt":{"rendered":"<p>Ihr habt dank meiner Checkliste die perfekte Kita gefunden und wollt wissen, wie es nun weitergeht? Das Wort &#8222;Eingew\u00f6hnung&#8220; fiel schon einmal, doch was bedeutet das eigentlich? Hier gebe ich euch einen kleinen Einblick, damit der Start in die Kita&#8230;<\/p>\n","protected":false},"author":1,"featured_media":314,"comment_status":"open","ping_status":"open","sticky":false,"template":"","format":"standard","meta":{"jetpack_post_was_ever_published":false,"_jetpack_newsletter_access":"","_jetpack_dont_email_post_to_subs":false,"_jetpack_newsletter_tier_id":0,"_jetpack_memberships_contains_paywalled_content":false,"_jetpack_memberships_contains_paid_content":false,"footnotes":""},"categories":[9,20,5,27,16],"tags":[43,7,39,44,12],"class_list":["post-310","post","type-post","status-publish","format-standard","has-post-thumbnail","hentry","category-baby-kleinkind","category-erziehung","category-kita","category-lieben","category-mama-papa","tag-erziehung","tag-kita","tag-kleinkind","tag-start","tag-vorbereitung"],"yoast_head":"<!-- This site is optimized with the Yoast SEO plugin v27.4 - https:\/\/yoast.com\/product\/yoast-seo-wordpress\/ -->\n<title>Eingew\u00f6hnung - Kita-Start leicht gemacht - mama-kann-das<\/title>\n<meta name=\"description\" content=\"Die Eingew\u00f6hnung als Start in die Kita. Wie wichtig diese ist, damit es f\u00fcr die Eltern wie auch die Kinder ein Erfolg wird, lest ihr hier.\" \/>\n<meta name=\"robots\" content=\"index, follow, max-snippet:-1, max-image-preview:large, max-video-preview:-1\" \/>\n<link rel=\"canonical\" href=\"https:\/\/mama-kann-das.com\/index.php\/2020\/08\/25\/eingewoehnung-leicht-gemacht\/\" \/>\n<meta property=\"og:locale\" content=\"de_DE\" \/>\n<meta property=\"og:type\" content=\"article\" \/>\n<meta property=\"og:title\" content=\"Eingew\u00f6hnung - Kita-Start leicht gemacht - mama-kann-das\" \/>\n<meta property=\"og:description\" content=\"Die Eingew\u00f6hnung als Start in die Kita. Wie wichtig diese ist, damit es f\u00fcr die Eltern wie auch die Kinder ein Erfolg wird, lest ihr hier.\" \/>\n<meta property=\"og:url\" content=\"https:\/\/mama-kann-das.com\/index.php\/2020\/08\/25\/eingewoehnung-leicht-gemacht\/\" \/>\n<meta property=\"og:site_name\" content=\"mama-kann-das\" \/>\n<meta property=\"article:author\" content=\"facebook.com\/corinakanndas\" \/>\n<meta property=\"article:published_time\" content=\"2020-08-25T20:59:31+00:00\" \/>\n<meta property=\"article:modified_time\" content=\"2021-07-12T19:44:22+00:00\" \/>\n<meta property=\"og:image\" content=\"https:\/\/mama-kann-das.com\/wp-content\/uploads\/2020\/08\/kita-als-bereicherung-scaled.jpg\" \/>\n\t<meta property=\"og:image:width\" content=\"2560\" \/>\n\t<meta property=\"og:image:height\" content=\"1707\" \/>\n\t<meta property=\"og:image:type\" content=\"image\/jpeg\" \/>\n<meta name=\"author\" content=\"Corina\" \/>\n<meta name=\"twitter:card\" content=\"summary_large_image\" \/>\n<meta name=\"twitter:label1\" content=\"Verfasst von\" \/>\n\t<meta name=\"twitter:data1\" content=\"Corina\" \/>\n\t<meta name=\"twitter:label2\" content=\"Gesch\u00e4tzte Lesezeit\" \/>\n\t<meta name=\"twitter:data2\" content=\"4\u00a0Minuten\" \/>\n<script type=\"application\/ld+json\" class=\"yoast-schema-graph\">{\"@context\":\"https:\\\/\\\/schema.org\",\"@graph\":[{\"@type\":\"Article\",\"@id\":\"https:\\\/\\\/mama-kann-das.com\\\/index.php\\\/2020\\\/08\\\/25\\\/eingewoehnung-leicht-gemacht\\\/#article\",\"isPartOf\":{\"@id\":\"https:\\\/\\\/mama-kann-das.com\\\/index.php\\\/2020\\\/08\\\/25\\\/eingewoehnung-leicht-gemacht\\\/\"},\"author\":{\"name\":\"Corina\",\"@id\":\"https:\\\/\\\/mama-kann-das.com\\\/#\\\/schema\\\/person\\\/83df833a52d90404e3f21603b1cf9e58\"},\"headline\":\"Eingew\u00f6hnung &#8211; Kita-Start leicht gemacht\",\"datePublished\":\"2020-08-25T20:59:31+00:00\",\"dateModified\":\"2021-07-12T19:44:22+00:00\",\"mainEntityOfPage\":{\"@id\":\"https:\\\/\\\/mama-kann-das.com\\\/index.php\\\/2020\\\/08\\\/25\\\/eingewoehnung-leicht-gemacht\\\/\"},\"wordCount\":740,\"commentCount\":1,\"publisher\":{\"@id\":\"https:\\\/\\\/mama-kann-das.com\\\/#organization\"},\"image\":{\"@id\":\"https:\\\/\\\/mama-kann-das.com\\\/index.php\\\/2020\\\/08\\\/25\\\/eingewoehnung-leicht-gemacht\\\/#primaryimage\"},\"thumbnailUrl\":\"https:\\\/\\\/i0.wp.com\\\/mama-kann-das.com\\\/wp-content\\\/uploads\\\/2020\\\/08\\\/kita-als-bereicherung-scaled.jpg?fit=2560%2C1707&ssl=1\",\"keywords\":[\"Erziehung\",\"Kita\",\"Kleinkind\",\"Start\",\"Vorbereitung\"],\"articleSection\":[\"Baby &amp; Kleinkind\",\"Erziehung\",\"Kita\",\"Lieben\",\"Mama &amp; Papa\"],\"inLanguage\":\"de\",\"potentialAction\":[{\"@type\":\"CommentAction\",\"name\":\"Comment\",\"target\":[\"https:\\\/\\\/mama-kann-das.com\\\/index.php\\\/2020\\\/08\\\/25\\\/eingewoehnung-leicht-gemacht\\\/#respond\"]}]},{\"@type\":\"WebPage\",\"@id\":\"https:\\\/\\\/mama-kann-das.com\\\/index.php\\\/2020\\\/08\\\/25\\\/eingewoehnung-leicht-gemacht\\\/\",\"url\":\"https:\\\/\\\/mama-kann-das.com\\\/index.php\\\/2020\\\/08\\\/25\\\/eingewoehnung-leicht-gemacht\\\/\",\"name\":\"Eingew\u00f6hnung - Kita-Start leicht gemacht - mama-kann-das\",\"isPartOf\":{\"@id\":\"https:\\\/\\\/mama-kann-das.com\\\/#website\"},\"primaryImageOfPage\":{\"@id\":\"https:\\\/\\\/mama-kann-das.com\\\/index.php\\\/2020\\\/08\\\/25\\\/eingewoehnung-leicht-gemacht\\\/#primaryimage\"},\"image\":{\"@id\":\"https:\\\/\\\/mama-kann-das.com\\\/index.php\\\/2020\\\/08\\\/25\\\/eingewoehnung-leicht-gemacht\\\/#primaryimage\"},\"thumbnailUrl\":\"https:\\\/\\\/i0.wp.com\\\/mama-kann-das.com\\\/wp-content\\\/uploads\\\/2020\\\/08\\\/kita-als-bereicherung-scaled.jpg?fit=2560%2C1707&ssl=1\",\"datePublished\":\"2020-08-25T20:59:31+00:00\",\"dateModified\":\"2021-07-12T19:44:22+00:00\",\"description\":\"Die Eingew\u00f6hnung als Start in die Kita. Wie wichtig diese ist, damit es f\u00fcr die Eltern wie auch die Kinder ein Erfolg wird, lest ihr hier.\",\"breadcrumb\":{\"@id\":\"https:\\\/\\\/mama-kann-das.com\\\/index.php\\\/2020\\\/08\\\/25\\\/eingewoehnung-leicht-gemacht\\\/#breadcrumb\"},\"inLanguage\":\"de\",\"potentialAction\":[{\"@type\":\"ReadAction\",\"target\":[\"https:\\\/\\\/mama-kann-das.com\\\/index.php\\\/2020\\\/08\\\/25\\\/eingewoehnung-leicht-gemacht\\\/\"]}]},{\"@type\":\"ImageObject\",\"inLanguage\":\"de\",\"@id\":\"https:\\\/\\\/mama-kann-das.com\\\/index.php\\\/2020\\\/08\\\/25\\\/eingewoehnung-leicht-gemacht\\\/#primaryimage\",\"url\":\"https:\\\/\\\/i0.wp.com\\\/mama-kann-das.com\\\/wp-content\\\/uploads\\\/2020\\\/08\\\/kita-als-bereicherung-scaled.jpg?fit=2560%2C1707&ssl=1\",\"contentUrl\":\"https:\\\/\\\/i0.wp.com\\\/mama-kann-das.com\\\/wp-content\\\/uploads\\\/2020\\\/08\\\/kita-als-bereicherung-scaled.jpg?fit=2560%2C1707&ssl=1\",\"width\":2560,\"height\":1707,\"caption\":\"Kita ist eine Bereicherung f\u00fcr die ganze Familie\"},{\"@type\":\"BreadcrumbList\",\"@id\":\"https:\\\/\\\/mama-kann-das.com\\\/index.php\\\/2020\\\/08\\\/25\\\/eingewoehnung-leicht-gemacht\\\/#breadcrumb\",\"itemListElement\":[{\"@type\":\"ListItem\",\"position\":1,\"name\":\"Startseite\",\"item\":\"https:\\\/\\\/mama-kann-das.com\\\/\"},{\"@type\":\"ListItem\",\"position\":2,\"name\":\"Eingew\u00f6hnung &#8211; Kita-Start leicht gemacht\"}]},{\"@type\":\"WebSite\",\"@id\":\"https:\\\/\\\/mama-kann-das.com\\\/#website\",\"url\":\"https:\\\/\\\/mama-kann-das.com\\\/\",\"name\":\"mama-kann-das\",\"description\":\"gelassen durch den Familienalltag\",\"publisher\":{\"@id\":\"https:\\\/\\\/mama-kann-das.com\\\/#organization\"},\"potentialAction\":[{\"@type\":\"SearchAction\",\"target\":{\"@type\":\"EntryPoint\",\"urlTemplate\":\"https:\\\/\\\/mama-kann-das.com\\\/?s={search_term_string}\"},\"query-input\":{\"@type\":\"PropertyValueSpecification\",\"valueRequired\":true,\"valueName\":\"search_term_string\"}}],\"inLanguage\":\"de\"},{\"@type\":\"Organization\",\"@id\":\"https:\\\/\\\/mama-kann-das.com\\\/#organization\",\"name\":\"mama-kann-das\",\"url\":\"https:\\\/\\\/mama-kann-das.com\\\/\",\"logo\":{\"@type\":\"ImageObject\",\"inLanguage\":\"de\",\"@id\":\"https:\\\/\\\/mama-kann-das.com\\\/#\\\/schema\\\/logo\\\/image\\\/\",\"url\":\"https:\\\/\\\/i0.wp.com\\\/mama-kann-das.com\\\/wp-content\\\/uploads\\\/2026\\\/01\\\/cropped-Banner-neu-1.png?fit=1243%2C351&ssl=1\",\"contentUrl\":\"https:\\\/\\\/i0.wp.com\\\/mama-kann-das.com\\\/wp-content\\\/uploads\\\/2026\\\/01\\\/cropped-Banner-neu-1.png?fit=1243%2C351&ssl=1\",\"width\":1243,\"height\":351,\"caption\":\"mama-kann-das\"},\"image\":{\"@id\":\"https:\\\/\\\/mama-kann-das.com\\\/#\\\/schema\\\/logo\\\/image\\\/\"}},{\"@type\":\"Person\",\"@id\":\"https:\\\/\\\/mama-kann-das.com\\\/#\\\/schema\\\/person\\\/83df833a52d90404e3f21603b1cf9e58\",\"name\":\"Corina\",\"image\":{\"@type\":\"ImageObject\",\"inLanguage\":\"de\",\"@id\":\"https:\\\/\\\/secure.gravatar.com\\\/avatar\\\/791919cd4962f2a440718b8180fea719c288cc66c4bc5413544ada69564aa24f?s=96&d=mm&r=g\",\"url\":\"https:\\\/\\\/secure.gravatar.com\\\/avatar\\\/791919cd4962f2a440718b8180fea719c288cc66c4bc5413544ada69564aa24f?s=96&d=mm&r=g\",\"contentUrl\":\"https:\\\/\\\/secure.gravatar.com\\\/avatar\\\/791919cd4962f2a440718b8180fea719c288cc66c4bc5413544ada69564aa24f?s=96&d=mm&r=g\",\"caption\":\"Corina\"},\"sameAs\":[\"https:\\\/\\\/mama-kann-das.com\",\"facebook.com\\\/corinakanndas\",\"instagram.com\\\/mama.kann.das\"],\"url\":\"https:\\\/\\\/mama-kann-das.com\\\/index.php\\\/author\\\/c_zimmermann_l38n2d31\\\/\"}]}<\/script>\n<!-- \/ Yoast SEO plugin. -->","yoast_head_json":{"title":"Eingew\u00f6hnung - Kita-Start leicht gemacht - mama-kann-das","description":"Die Eingew\u00f6hnung als Start in die Kita. Wie wichtig diese ist, damit es f\u00fcr die Eltern wie auch die Kinder ein Erfolg wird, lest ihr hier.","robots":{"index":"index","follow":"follow","max-snippet":"max-snippet:-1","max-image-preview":"max-image-preview:large","max-video-preview":"max-video-preview:-1"},"canonical":"https:\/\/mama-kann-das.com\/index.php\/2020\/08\/25\/eingewoehnung-leicht-gemacht\/","og_locale":"de_DE","og_type":"article","og_title":"Eingew\u00f6hnung - Kita-Start leicht gemacht - mama-kann-das","og_description":"Die Eingew\u00f6hnung als Start in die Kita. Wie wichtig diese ist, damit es f\u00fcr die Eltern wie auch die Kinder ein Erfolg wird, lest ihr hier.","og_url":"https:\/\/mama-kann-das.com\/index.php\/2020\/08\/25\/eingewoehnung-leicht-gemacht\/","og_site_name":"mama-kann-das","article_author":"facebook.com\/corinakanndas","article_published_time":"2020-08-25T20:59:31+00:00","article_modified_time":"2021-07-12T19:44:22+00:00","og_image":[{"width":2560,"height":1707,"url":"https:\/\/mama-kann-das.com\/wp-content\/uploads\/2020\/08\/kita-als-bereicherung-scaled.jpg","type":"image\/jpeg"}],"author":"Corina","twitter_card":"summary_large_image","twitter_misc":{"Verfasst von":"Corina","Gesch\u00e4tzte Lesezeit":"4\u00a0Minuten"},"schema":{"@context":"https:\/\/schema.org","@graph":[{"@type":"Article","@id":"https:\/\/mama-kann-das.com\/index.php\/2020\/08\/25\/eingewoehnung-leicht-gemacht\/#article","isPartOf":{"@id":"https:\/\/mama-kann-das.com\/index.php\/2020\/08\/25\/eingewoehnung-leicht-gemacht\/"},"author":{"name":"Corina","@id":"https:\/\/mama-kann-das.com\/#\/schema\/person\/83df833a52d90404e3f21603b1cf9e58"},"headline":"Eingew\u00f6hnung &#8211; Kita-Start leicht gemacht","datePublished":"2020-08-25T20:59:31+00:00","dateModified":"2021-07-12T19:44:22+00:00","mainEntityOfPage":{"@id":"https:\/\/mama-kann-das.com\/index.php\/2020\/08\/25\/eingewoehnung-leicht-gemacht\/"},"wordCount":740,"commentCount":1,"publisher":{"@id":"https:\/\/mama-kann-das.com\/#organization"},"image":{"@id":"https:\/\/mama-kann-das.com\/index.php\/2020\/08\/25\/eingewoehnung-leicht-gemacht\/#primaryimage"},"thumbnailUrl":"https:\/\/i0.wp.com\/mama-kann-das.com\/wp-content\/uploads\/2020\/08\/kita-als-bereicherung-scaled.jpg?fit=2560%2C1707&ssl=1","keywords":["Erziehung","Kita","Kleinkind","Start","Vorbereitung"],"articleSection":["Baby &amp; Kleinkind","Erziehung","Kita","Lieben","Mama &amp; Papa"],"inLanguage":"de","potentialAction":[{"@type":"CommentAction","name":"Comment","target":["https:\/\/mama-kann-das.com\/index.php\/2020\/08\/25\/eingewoehnung-leicht-gemacht\/#respond"]}]},{"@type":"WebPage","@id":"https:\/\/mama-kann-das.com\/index.php\/2020\/08\/25\/eingewoehnung-leicht-gemacht\/","url":"https:\/\/mama-kann-das.com\/index.php\/2020\/08\/25\/eingewoehnung-leicht-gemacht\/","name":"Eingew\u00f6hnung - Kita-Start leicht gemacht - mama-kann-das","isPartOf":{"@id":"https:\/\/mama-kann-das.com\/#website"},"primaryImageOfPage":{"@id":"https:\/\/mama-kann-das.com\/index.php\/2020\/08\/25\/eingewoehnung-leicht-gemacht\/#primaryimage"},"image":{"@id":"https:\/\/mama-kann-das.com\/index.php\/2020\/08\/25\/eingewoehnung-leicht-gemacht\/#primaryimage"},"thumbnailUrl":"https:\/\/i0.wp.com\/mama-kann-das.com\/wp-content\/uploads\/2020\/08\/kita-als-bereicherung-scaled.jpg?fit=2560%2C1707&ssl=1","datePublished":"2020-08-25T20:59:31+00:00","dateModified":"2021-07-12T19:44:22+00:00","description":"Die Eingew\u00f6hnung als Start in die Kita. Wie wichtig diese ist, damit es f\u00fcr die Eltern wie auch die Kinder ein Erfolg wird, lest ihr hier.","breadcrumb":{"@id":"https:\/\/mama-kann-das.com\/index.php\/2020\/08\/25\/eingewoehnung-leicht-gemacht\/#breadcrumb"},"inLanguage":"de","potentialAction":[{"@type":"ReadAction","target":["https:\/\/mama-kann-das.com\/index.php\/2020\/08\/25\/eingewoehnung-leicht-gemacht\/"]}]},{"@type":"ImageObject","inLanguage":"de","@id":"https:\/\/mama-kann-das.com\/index.php\/2020\/08\/25\/eingewoehnung-leicht-gemacht\/#primaryimage","url":"https:\/\/i0.wp.com\/mama-kann-das.com\/wp-content\/uploads\/2020\/08\/kita-als-bereicherung-scaled.jpg?fit=2560%2C1707&ssl=1","contentUrl":"https:\/\/i0.wp.com\/mama-kann-das.com\/wp-content\/uploads\/2020\/08\/kita-als-bereicherung-scaled.jpg?fit=2560%2C1707&ssl=1","width":2560,"height":1707,"caption":"Kita ist eine Bereicherung f\u00fcr die ganze Familie"},{"@type":"BreadcrumbList","@id":"https:\/\/mama-kann-das.com\/index.php\/2020\/08\/25\/eingewoehnung-leicht-gemacht\/#breadcrumb","itemListElement":[{"@type":"ListItem","position":1,"name":"Startseite","item":"https:\/\/mama-kann-das.com\/"},{"@type":"ListItem","position":2,"name":"Eingew\u00f6hnung &#8211; Kita-Start leicht gemacht"}]},{"@type":"WebSite","@id":"https:\/\/mama-kann-das.com\/#website","url":"https:\/\/mama-kann-das.com\/","name":"mama-kann-das","description":"gelassen durch den Familienalltag","publisher":{"@id":"https:\/\/mama-kann-das.com\/#organization"},"potentialAction":[{"@type":"SearchAction","target":{"@type":"EntryPoint","urlTemplate":"https:\/\/mama-kann-das.com\/?s={search_term_string}"},"query-input":{"@type":"PropertyValueSpecification","valueRequired":true,"valueName":"search_term_string"}}],"inLanguage":"de"},{"@type":"Organization","@id":"https:\/\/mama-kann-das.com\/#organization","name":"mama-kann-das","url":"https:\/\/mama-kann-das.com\/","logo":{"@type":"ImageObject","inLanguage":"de","@id":"https:\/\/mama-kann-das.com\/#\/schema\/logo\/image\/","url":"https:\/\/i0.wp.com\/mama-kann-das.com\/wp-content\/uploads\/2026\/01\/cropped-Banner-neu-1.png?fit=1243%2C351&ssl=1","contentUrl":"https:\/\/i0.wp.com\/mama-kann-das.com\/wp-content\/uploads\/2026\/01\/cropped-Banner-neu-1.png?fit=1243%2C351&ssl=1","width":1243,"height":351,"caption":"mama-kann-das"},"image":{"@id":"https:\/\/mama-kann-das.com\/#\/schema\/logo\/image\/"}},{"@type":"Person","@id":"https:\/\/mama-kann-das.com\/#\/schema\/person\/83df833a52d90404e3f21603b1cf9e58","name":"Corina","image":{"@type":"ImageObject","inLanguage":"de","@id":"https:\/\/secure.gravatar.com\/avatar\/791919cd4962f2a440718b8180fea719c288cc66c4bc5413544ada69564aa24f?s=96&d=mm&r=g","url":"https:\/\/secure.gravatar.com\/avatar\/791919cd4962f2a440718b8180fea719c288cc66c4bc5413544ada69564aa24f?s=96&d=mm&r=g","contentUrl":"https:\/\/secure.gravatar.com\/avatar\/791919cd4962f2a440718b8180fea719c288cc66c4bc5413544ada69564aa24f?s=96&d=mm&r=g","caption":"Corina"},"sameAs":["https:\/\/mama-kann-das.com","facebook.com\/corinakanndas","instagram.com\/mama.kann.das"],"url":"https:\/\/mama-kann-das.com\/index.php\/author\/c_zimmermann_l38n2d31\/"}]}},"jetpack_featured_media_url":"https:\/\/i0.wp.com\/mama-kann-das.com\/wp-content\/uploads\/2020\/08\/kita-als-bereicherung-scaled.jpg?fit=2560%2C1707&ssl=1","jetpack_sharing_enabled":true,"_links":{"self":[{"href":"https:\/\/mama-kann-das.com\/index.php\/wp-json\/wp\/v2\/posts\/310","targetHints":{"allow":["GET"]}}],"collection":[{"href":"https:\/\/mama-kann-das.com\/index.php\/wp-json\/wp\/v2\/posts"}],"about":[{"href":"https:\/\/mama-kann-das.com\/index.php\/wp-json\/wp\/v2\/types\/post"}],"author":[{"embeddable":true,"href":"https:\/\/mama-kann-das.com\/index.php\/wp-json\/wp\/v2\/users\/1"}],"replies":[{"embeddable":true,"href":"https:\/\/mama-kann-das.com\/index.php\/wp-json\/wp\/v2\/comments?post=310"}],"version-history":[{"count":12,"href":"https:\/\/mama-kann-das.com\/index.php\/wp-json\/wp\/v2\/posts\/310\/revisions"}],"predecessor-version":[{"id":784,"href":"https:\/\/mama-kann-das.com\/index.php\/wp-json\/wp\/v2\/posts\/310\/revisions\/784"}],"wp:featuredmedia":[{"embeddable":true,"href":"https:\/\/mama-kann-das.com\/index.php\/wp-json\/wp\/v2\/media\/314"}],"wp:attachment":[{"href":"https:\/\/mama-kann-das.com\/index.php\/wp-json\/wp\/v2\/media?parent=310"}],"wp:term":[{"taxonomy":"category","embeddable":true,"href":"https:\/\/mama-kann-das.com\/index.php\/wp-json\/wp\/v2\/categories?post=310"},{"taxonomy":"post_tag","embeddable":true,"href":"https:\/\/mama-kann-das.com\/index.php\/wp-json\/wp\/v2\/tags?post=310"}],"curies":[{"name":"wp","href":"https:\/\/api.w.org\/{rel}","templated":true}]}}