{"id":236,"date":"2020-05-16T12:03:51","date_gmt":"2020-05-16T12:03:51","guid":{"rendered":"https:\/\/mama-kann-das.com\/?p=236"},"modified":"2020-11-26T21:04:03","modified_gmt":"2020-11-26T21:04:03","slug":"schreien-lassen-endlich-ruhe","status":"publish","type":"post","link":"https:\/\/mama-kann-das.com\/index.php\/2020\/05\/16\/schreien-lassen-endlich-ruhe\/","title":{"rendered":"Schreien lassen &#8211; f\u00fcr die elterliche Ruhe?"},"content":{"rendered":"\n<p>&#8222;Jedes Kind kann schlafen lernen&#8220;, wer kennt es? Das Buch mit dem vielversprechenden Titel und der Hoffnung geplagter Eltern, endlich den wohlverdienten Schlaf zu bekommen. Doch was steckt dahinter? Ist es wirklich sinnvoll sein Kind schreien zu lassen?<\/p>\n\n\n\n<h2 class=\"wp-block-heading\">Schreien, damit die Eltern schlafen d\u00fcrfen<\/h2>\n\n\n\n<p>Ein Schlafprogramm, dass das Kind Schritt f\u00fcr Schritt ans alleinige ein-&amp; durchschlafen gew\u00f6hnen soll. Auch 2020 gibt es immer noch Eltern, die darauf schw\u00f6ren &amp; auch Kinder\u00e4rzte empfehlen es nach wie vor.&nbsp;So hat mir vor 2 Wochen&nbsp;eine Freundin erz\u00e4hlt, wie ihre Tochter dank dem Schlafprogramm endlich zum Alleinschl\u00e4fer wurde. Ihr Kinderarzt h\u00e4tte ihr dazu geraten, und damit steht sie nicht alleine da. <\/p>\n\n\n\n<p>Ich freu mich f\u00fcr meine Freundin, dass sie endlich schlafen darf. Nur zu gut erinnere ich mich daran wie es ist, mit einem Gehirn aus Kartoffelbrei durch die Welt zu gehen. Aus reinem Schlafmangel.<\/p>\n\n\n\n<h2 class=\"wp-block-heading\">Bed\u00fcrfnisse wahrnehmen &#8211; N\u00e4he geben<\/h2>\n\n\n\n<div class=\"wp-block-image\"><figure class=\"alignright size-large is-resized\"><img data-recalc-dims=\"1\" fetchpriority=\"high\" decoding=\"async\" src=\"https:\/\/i0.wp.com\/mama-kann-das.com\/wp-content\/uploads\/2020\/05\/Baby-nicht-schreien-lassen.jpg?resize=284%2C213&#038;ssl=1\" alt=\"H\u00f6r auf dein Bauchgef\u00fchl und lass dein Kind nicht schreien\" class=\"wp-image-237\" width=\"284\" height=\"213\" srcset=\"https:\/\/i0.wp.com\/mama-kann-das.com\/wp-content\/uploads\/2020\/05\/Baby-nicht-schreien-lassen-scaled.jpg?resize=1024%2C768&amp;ssl=1 1024w, https:\/\/i0.wp.com\/mama-kann-das.com\/wp-content\/uploads\/2020\/05\/Baby-nicht-schreien-lassen-scaled.jpg?resize=600%2C450&amp;ssl=1 600w, https:\/\/i0.wp.com\/mama-kann-das.com\/wp-content\/uploads\/2020\/05\/Baby-nicht-schreien-lassen-scaled.jpg?resize=300%2C225&amp;ssl=1 300w, https:\/\/i0.wp.com\/mama-kann-das.com\/wp-content\/uploads\/2020\/05\/Baby-nicht-schreien-lassen-scaled.jpg?resize=768%2C576&amp;ssl=1 768w, https:\/\/i0.wp.com\/mama-kann-das.com\/wp-content\/uploads\/2020\/05\/Baby-nicht-schreien-lassen-scaled.jpg?resize=1536%2C1152&amp;ssl=1 1536w, https:\/\/i0.wp.com\/mama-kann-das.com\/wp-content\/uploads\/2020\/05\/Baby-nicht-schreien-lassen-scaled.jpg?resize=2048%2C1536&amp;ssl=1 2048w, https:\/\/i0.wp.com\/mama-kann-das.com\/wp-content\/uploads\/2020\/05\/Baby-nicht-schreien-lassen-scaled.jpg?w=1280&amp;ssl=1 1280w, https:\/\/i0.wp.com\/mama-kann-das.com\/wp-content\/uploads\/2020\/05\/Baby-nicht-schreien-lassen-scaled.jpg?w=1920&amp;ssl=1 1920w\" sizes=\"(max-width: 284px) 100vw, 284px\" \/><\/figure><\/div>\n\n\n\n<p>Doch trotz allen anstrengenden N\u00e4chten, Rabauke schl\u00e4ft auch mit 2 Jahren noch nicht durch, sehe ich dieses Buch und die darin beschriebene Ferber-Methode sehr kritisch. Das Baby oder Kleinkind schreien zu lassen bis es aufgibt und resigniert. Das Babyphone ausschalten. Das Kind und seine Bed\u00fcrfnisse ignorieren. Mein Mama-Herz w\u00fcrde in St\u00fccke brechen.<br><br>Kennst du dieses Gef\u00fchl, nachts aufzuwachen, dich an deinen Partner zu kuscheln um kurze Zeit sp\u00e4ter wieder weiterzuschlafen? Diese wohlige W\u00e4rme und Sicherheit? Glaubst du nicht, dass es unseren Kleinen genau so geht?<br>Euer Kind will euch nichts B\u00f6ses. Es ist nicht seine Absicht, euch in schlaflose Zombies zu verwandeln. Es m\u00f6chte blo\u00df wahrgenommen werden, seine Bed\u00fcrfnisse stillen. Geht darauf ein, die Entwicklung eures Kindes dankt es euch.<\/p>\n\n\n\n<h2 class=\"wp-block-heading\">Schreien lassen &#8211; Auswirkung auf die Hirnentwicklung<\/h2>\n\n\n\n<p>Schreien lassen kann die Entwicklung des Gehirns beeintr\u00e4chtigen, Angstst\u00f6rungen und stressbedingte Erkrankungen hervorrufen und sogar Depressionen beg\u00fcnstigen. Das Urvertrauen wird gest\u00f6rt. Das Baby lernt, dass seine Bed\u00fcrfnisse nicht wichtig sind.<br>Au\u00dferdem kann sich der Stress negativ aufs Immunsystem des Kindes auswirken. Es wird allf\u00e4lliger f\u00fcr Krankheiten.&nbsp;Und mit einem kranken Kind werden die N\u00e4chte bekanntlich noch anstrengender. Ihr seht wohin das f\u00fchrt?<\/p>\n\n\n\n<div class=\"wp-block-image\"><figure class=\"aligncenter size-large is-resized\"><img data-recalc-dims=\"1\" decoding=\"async\" src=\"https:\/\/i0.wp.com\/mama-kann-das.com\/wp-content\/uploads\/2020\/05\/schreien-lassen.png?resize=367%2C550&#038;ssl=1\" alt=\"Mama lass mich nicht schreien\" class=\"wp-image-238\" width=\"367\" height=\"550\" srcset=\"https:\/\/i0.wp.com\/mama-kann-das.com\/wp-content\/uploads\/2020\/05\/schreien-lassen.png?resize=683%2C1024&amp;ssl=1 683w, https:\/\/i0.wp.com\/mama-kann-das.com\/wp-content\/uploads\/2020\/05\/schreien-lassen.png?resize=600%2C900&amp;ssl=1 600w, https:\/\/i0.wp.com\/mama-kann-das.com\/wp-content\/uploads\/2020\/05\/schreien-lassen.png?resize=200%2C300&amp;ssl=1 200w, https:\/\/i0.wp.com\/mama-kann-das.com\/wp-content\/uploads\/2020\/05\/schreien-lassen.png?w=735&amp;ssl=1 735w\" sizes=\"(max-width: 367px) 100vw, 367px\" \/><\/figure><\/div>\n\n\n\n<h2 class=\"wp-block-heading\">H\u00f6rt auf euer Bauchgef\u00fchl!<\/h2>\n\n\n\n<p>Bitte, liebe Eltern, macht einen grossen Bogen um all diese Schlafprogramme. Ich kann nicht genug betonen, wie wichtig dies f\u00fcr die Beziehung und die Entwicklung des Kindes ist. Aus eigener Erfahrung weiss ich nur zu gut, wie unglaublich anstrengend das sein kann. Aber h\u00f6rt auf euer Bauchgef\u00fchl. Wie geht es euch, wenn ihr euer Kind schreien h\u00f6rt? Wie f\u00fchlt ihr euch dabei? F\u00fchlt es sich richtig an, das kleine Wesen allein in seinem Bett zu lassen, weinend und traurig? Oder m\u00f6chtet ihr es herausnehmen und tr\u00f6sten? Tut es! Habt keine Angst. Euer Kind wird euch dadurch nicht auf der Nase herum tanzen. Euer Kind wird sich geliebt f\u00fchlen. Verstanden und akzeptiert. Ihr helft ihm, sich zu einer selbst\u00e4ndigen und selbstbewussten Person zu entwickeln.<\/p>\n\n\n\n<p>Wie sind eure Erfahrungen? Ich freue mich auf eure Anregungen. Gerne beantworte ich auch weitere Fragen zu dem Thema.<\/p>\n\n\n\n<p>Eure<\/p>\n\n\n<p class=\"fonts-plugin-block \" style=\"font-family: Satisfy;font-size: 50px\">Corina<\/p>\n\n\n<p>Dir gef\u00e4llt dieser Artikel? Magst du mich mit einem Kaffee und neuer Energie f\u00fcr mehr solcher Blogposts unterst\u00fctzen? Ich w\u00fcrde mich riesig dar\u00fcber freuen. <a href=\"https:\/\/www.buymeacoffee.com\/corinakanndas\" target=\"_blank\" rel=\"noreferrer noopener\">www.buymeacoffee.com\/corinakanndas<\/a><\/p>\n","protected":false},"excerpt":{"rendered":"<p>&#8222;Jedes Kind kann schlafen lernen&#8220;, wer kennt es? Das Buch mit dem vielversprechenden Titel und der Hoffnung geplagter Eltern, endlich den wohlverdienten Schlaf zu bekommen. Doch was steckt dahinter? Ist es wirklich sinnvoll sein Kind schreien zu lassen? Schreien, damit&#8230;<\/p>\n","protected":false},"author":1,"featured_media":185,"comment_status":"open","ping_status":"open","sticky":false,"template":"","format":"standard","meta":{"jetpack_post_was_ever_published":false,"_jetpack_newsletter_access":"","_jetpack_dont_email_post_to_subs":false,"_jetpack_newsletter_tier_id":0,"_jetpack_memberships_contains_paywalled_content":false,"_jetpack_memberships_contains_paid_content":false,"footnotes":""},"categories":[9,27,16],"tags":[10,15,39,40],"class_list":["post-236","post","type-post","status-publish","format-standard","has-post-thumbnail","hentry","category-baby-kleinkind","category-lieben","category-mama-papa","tag-baby","tag-familie","tag-kleinkind","tag-schlaf"],"yoast_head":"<!-- This site is optimized with the Yoast SEO plugin v27.4 - https:\/\/yoast.com\/product\/yoast-seo-wordpress\/ -->\n<title>Schreien lassen - f\u00fcr die elterliche Ruhe? - mama-kann-das<\/title>\n<meta name=\"robots\" content=\"index, follow, max-snippet:-1, max-image-preview:large, max-video-preview:-1\" \/>\n<link rel=\"canonical\" href=\"https:\/\/mama-kann-das.com\/index.php\/2020\/05\/16\/schreien-lassen-endlich-ruhe\/\" \/>\n<meta property=\"og:locale\" content=\"de_DE\" \/>\n<meta property=\"og:type\" content=\"article\" \/>\n<meta property=\"og:title\" content=\"Schreien lassen - f\u00fcr die elterliche Ruhe? - mama-kann-das\" \/>\n<meta property=\"og:description\" content=\"&#8222;Jedes Kind kann schlafen lernen&#8220;, wer kennt es? Das Buch mit dem vielversprechenden Titel und der Hoffnung geplagter Eltern, endlich den wohlverdienten Schlaf zu bekommen. Doch was steckt dahinter? Ist es wirklich sinnvoll sein Kind schreien zu lassen? Schreien, damit...\" \/>\n<meta property=\"og:url\" content=\"https:\/\/mama-kann-das.com\/index.php\/2020\/05\/16\/schreien-lassen-endlich-ruhe\/\" \/>\n<meta property=\"og:site_name\" content=\"mama-kann-das\" \/>\n<meta property=\"article:author\" content=\"facebook.com\/corinakanndas\" \/>\n<meta property=\"article:published_time\" content=\"2020-05-16T12:03:51+00:00\" \/>\n<meta property=\"article:modified_time\" content=\"2020-11-26T21:04:03+00:00\" \/>\n<meta property=\"og:image\" content=\"https:\/\/mama-kann-das.com\/wp-content\/uploads\/2020\/05\/Erstausstattung-baby-scaled.jpg\" \/>\n\t<meta property=\"og:image:width\" content=\"2560\" \/>\n\t<meta property=\"og:image:height\" content=\"1706\" \/>\n\t<meta property=\"og:image:type\" content=\"image\/jpeg\" \/>\n<meta name=\"author\" content=\"Corina\" \/>\n<meta name=\"twitter:card\" content=\"summary_large_image\" \/>\n<meta name=\"twitter:label1\" content=\"Verfasst von\" \/>\n\t<meta name=\"twitter:data1\" content=\"Corina\" \/>\n\t<meta name=\"twitter:label2\" content=\"Gesch\u00e4tzte Lesezeit\" \/>\n\t<meta name=\"twitter:data2\" content=\"3\u00a0Minuten\" \/>\n<script type=\"application\/ld+json\" class=\"yoast-schema-graph\">{\"@context\":\"https:\\\/\\\/schema.org\",\"@graph\":[{\"@type\":\"Article\",\"@id\":\"https:\\\/\\\/mama-kann-das.com\\\/index.php\\\/2020\\\/05\\\/16\\\/schreien-lassen-endlich-ruhe\\\/#article\",\"isPartOf\":{\"@id\":\"https:\\\/\\\/mama-kann-das.com\\\/index.php\\\/2020\\\/05\\\/16\\\/schreien-lassen-endlich-ruhe\\\/\"},\"author\":{\"name\":\"Corina\",\"@id\":\"https:\\\/\\\/mama-kann-das.com\\\/#\\\/schema\\\/person\\\/83df833a52d90404e3f21603b1cf9e58\"},\"headline\":\"Schreien lassen &#8211; f\u00fcr die elterliche Ruhe?\",\"datePublished\":\"2020-05-16T12:03:51+00:00\",\"dateModified\":\"2020-11-26T21:04:03+00:00\",\"mainEntityOfPage\":{\"@id\":\"https:\\\/\\\/mama-kann-das.com\\\/index.php\\\/2020\\\/05\\\/16\\\/schreien-lassen-endlich-ruhe\\\/\"},\"wordCount\":569,\"commentCount\":5,\"publisher\":{\"@id\":\"https:\\\/\\\/mama-kann-das.com\\\/#organization\"},\"image\":{\"@id\":\"https:\\\/\\\/mama-kann-das.com\\\/index.php\\\/2020\\\/05\\\/16\\\/schreien-lassen-endlich-ruhe\\\/#primaryimage\"},\"thumbnailUrl\":\"https:\\\/\\\/i0.wp.com\\\/mama-kann-das.com\\\/wp-content\\\/uploads\\\/2020\\\/05\\\/Erstausstattung-baby-scaled.jpg?fit=2560%2C1706&ssl=1\",\"keywords\":[\"Baby\",\"Familie\",\"Kleinkind\",\"Schlaf\"],\"articleSection\":[\"Baby &amp; Kleinkind\",\"Lieben\",\"Mama &amp; Papa\"],\"inLanguage\":\"de\",\"potentialAction\":[{\"@type\":\"CommentAction\",\"name\":\"Comment\",\"target\":[\"https:\\\/\\\/mama-kann-das.com\\\/index.php\\\/2020\\\/05\\\/16\\\/schreien-lassen-endlich-ruhe\\\/#respond\"]}]},{\"@type\":\"WebPage\",\"@id\":\"https:\\\/\\\/mama-kann-das.com\\\/index.php\\\/2020\\\/05\\\/16\\\/schreien-lassen-endlich-ruhe\\\/\",\"url\":\"https:\\\/\\\/mama-kann-das.com\\\/index.php\\\/2020\\\/05\\\/16\\\/schreien-lassen-endlich-ruhe\\\/\",\"name\":\"Schreien lassen - f\u00fcr die elterliche Ruhe? - mama-kann-das\",\"isPartOf\":{\"@id\":\"https:\\\/\\\/mama-kann-das.com\\\/#website\"},\"primaryImageOfPage\":{\"@id\":\"https:\\\/\\\/mama-kann-das.com\\\/index.php\\\/2020\\\/05\\\/16\\\/schreien-lassen-endlich-ruhe\\\/#primaryimage\"},\"image\":{\"@id\":\"https:\\\/\\\/mama-kann-das.com\\\/index.php\\\/2020\\\/05\\\/16\\\/schreien-lassen-endlich-ruhe\\\/#primaryimage\"},\"thumbnailUrl\":\"https:\\\/\\\/i0.wp.com\\\/mama-kann-das.com\\\/wp-content\\\/uploads\\\/2020\\\/05\\\/Erstausstattung-baby-scaled.jpg?fit=2560%2C1706&ssl=1\",\"datePublished\":\"2020-05-16T12:03:51+00:00\",\"dateModified\":\"2020-11-26T21:04:03+00:00\",\"breadcrumb\":{\"@id\":\"https:\\\/\\\/mama-kann-das.com\\\/index.php\\\/2020\\\/05\\\/16\\\/schreien-lassen-endlich-ruhe\\\/#breadcrumb\"},\"inLanguage\":\"de\",\"potentialAction\":[{\"@type\":\"ReadAction\",\"target\":[\"https:\\\/\\\/mama-kann-das.com\\\/index.php\\\/2020\\\/05\\\/16\\\/schreien-lassen-endlich-ruhe\\\/\"]}]},{\"@type\":\"ImageObject\",\"inLanguage\":\"de\",\"@id\":\"https:\\\/\\\/mama-kann-das.com\\\/index.php\\\/2020\\\/05\\\/16\\\/schreien-lassen-endlich-ruhe\\\/#primaryimage\",\"url\":\"https:\\\/\\\/i0.wp.com\\\/mama-kann-das.com\\\/wp-content\\\/uploads\\\/2020\\\/05\\\/Erstausstattung-baby-scaled.jpg?fit=2560%2C1706&ssl=1\",\"contentUrl\":\"https:\\\/\\\/i0.wp.com\\\/mama-kann-das.com\\\/wp-content\\\/uploads\\\/2020\\\/05\\\/Erstausstattung-baby-scaled.jpg?fit=2560%2C1706&ssl=1\",\"width\":2560,\"height\":1706,\"caption\":\"Babys schreien lassen beeintr\u00e4chtigt ihre Entwicklung\"},{\"@type\":\"BreadcrumbList\",\"@id\":\"https:\\\/\\\/mama-kann-das.com\\\/index.php\\\/2020\\\/05\\\/16\\\/schreien-lassen-endlich-ruhe\\\/#breadcrumb\",\"itemListElement\":[{\"@type\":\"ListItem\",\"position\":1,\"name\":\"Startseite\",\"item\":\"https:\\\/\\\/mama-kann-das.com\\\/\"},{\"@type\":\"ListItem\",\"position\":2,\"name\":\"Schreien lassen &#8211; f\u00fcr die elterliche Ruhe?\"}]},{\"@type\":\"WebSite\",\"@id\":\"https:\\\/\\\/mama-kann-das.com\\\/#website\",\"url\":\"https:\\\/\\\/mama-kann-das.com\\\/\",\"name\":\"mama-kann-das\",\"description\":\"gelassen durch den Familienalltag\",\"publisher\":{\"@id\":\"https:\\\/\\\/mama-kann-das.com\\\/#organization\"},\"potentialAction\":[{\"@type\":\"SearchAction\",\"target\":{\"@type\":\"EntryPoint\",\"urlTemplate\":\"https:\\\/\\\/mama-kann-das.com\\\/?s={search_term_string}\"},\"query-input\":{\"@type\":\"PropertyValueSpecification\",\"valueRequired\":true,\"valueName\":\"search_term_string\"}}],\"inLanguage\":\"de\"},{\"@type\":\"Organization\",\"@id\":\"https:\\\/\\\/mama-kann-das.com\\\/#organization\",\"name\":\"mama-kann-das\",\"url\":\"https:\\\/\\\/mama-kann-das.com\\\/\",\"logo\":{\"@type\":\"ImageObject\",\"inLanguage\":\"de\",\"@id\":\"https:\\\/\\\/mama-kann-das.com\\\/#\\\/schema\\\/logo\\\/image\\\/\",\"url\":\"https:\\\/\\\/i0.wp.com\\\/mama-kann-das.com\\\/wp-content\\\/uploads\\\/2026\\\/01\\\/cropped-Banner-neu-1.png?fit=1243%2C351&ssl=1\",\"contentUrl\":\"https:\\\/\\\/i0.wp.com\\\/mama-kann-das.com\\\/wp-content\\\/uploads\\\/2026\\\/01\\\/cropped-Banner-neu-1.png?fit=1243%2C351&ssl=1\",\"width\":1243,\"height\":351,\"caption\":\"mama-kann-das\"},\"image\":{\"@id\":\"https:\\\/\\\/mama-kann-das.com\\\/#\\\/schema\\\/logo\\\/image\\\/\"}},{\"@type\":\"Person\",\"@id\":\"https:\\\/\\\/mama-kann-das.com\\\/#\\\/schema\\\/person\\\/83df833a52d90404e3f21603b1cf9e58\",\"name\":\"Corina\",\"image\":{\"@type\":\"ImageObject\",\"inLanguage\":\"de\",\"@id\":\"https:\\\/\\\/secure.gravatar.com\\\/avatar\\\/791919cd4962f2a440718b8180fea719c288cc66c4bc5413544ada69564aa24f?s=96&d=mm&r=g\",\"url\":\"https:\\\/\\\/secure.gravatar.com\\\/avatar\\\/791919cd4962f2a440718b8180fea719c288cc66c4bc5413544ada69564aa24f?s=96&d=mm&r=g\",\"contentUrl\":\"https:\\\/\\\/secure.gravatar.com\\\/avatar\\\/791919cd4962f2a440718b8180fea719c288cc66c4bc5413544ada69564aa24f?s=96&d=mm&r=g\",\"caption\":\"Corina\"},\"sameAs\":[\"https:\\\/\\\/mama-kann-das.com\",\"facebook.com\\\/corinakanndas\",\"instagram.com\\\/mama.kann.das\"],\"url\":\"https:\\\/\\\/mama-kann-das.com\\\/index.php\\\/author\\\/c_zimmermann_l38n2d31\\\/\"}]}<\/script>\n<!-- \/ Yoast SEO plugin. -->","yoast_head_json":{"title":"Schreien lassen - f\u00fcr die elterliche Ruhe? - mama-kann-das","robots":{"index":"index","follow":"follow","max-snippet":"max-snippet:-1","max-image-preview":"max-image-preview:large","max-video-preview":"max-video-preview:-1"},"canonical":"https:\/\/mama-kann-das.com\/index.php\/2020\/05\/16\/schreien-lassen-endlich-ruhe\/","og_locale":"de_DE","og_type":"article","og_title":"Schreien lassen - f\u00fcr die elterliche Ruhe? - mama-kann-das","og_description":"&#8222;Jedes Kind kann schlafen lernen&#8220;, wer kennt es? Das Buch mit dem vielversprechenden Titel und der Hoffnung geplagter Eltern, endlich den wohlverdienten Schlaf zu bekommen. Doch was steckt dahinter? Ist es wirklich sinnvoll sein Kind schreien zu lassen? Schreien, damit...","og_url":"https:\/\/mama-kann-das.com\/index.php\/2020\/05\/16\/schreien-lassen-endlich-ruhe\/","og_site_name":"mama-kann-das","article_author":"facebook.com\/corinakanndas","article_published_time":"2020-05-16T12:03:51+00:00","article_modified_time":"2020-11-26T21:04:03+00:00","og_image":[{"width":2560,"height":1706,"url":"https:\/\/mama-kann-das.com\/wp-content\/uploads\/2020\/05\/Erstausstattung-baby-scaled.jpg","type":"image\/jpeg"}],"author":"Corina","twitter_card":"summary_large_image","twitter_misc":{"Verfasst von":"Corina","Gesch\u00e4tzte Lesezeit":"3\u00a0Minuten"},"schema":{"@context":"https:\/\/schema.org","@graph":[{"@type":"Article","@id":"https:\/\/mama-kann-das.com\/index.php\/2020\/05\/16\/schreien-lassen-endlich-ruhe\/#article","isPartOf":{"@id":"https:\/\/mama-kann-das.com\/index.php\/2020\/05\/16\/schreien-lassen-endlich-ruhe\/"},"author":{"name":"Corina","@id":"https:\/\/mama-kann-das.com\/#\/schema\/person\/83df833a52d90404e3f21603b1cf9e58"},"headline":"Schreien lassen &#8211; f\u00fcr die elterliche Ruhe?","datePublished":"2020-05-16T12:03:51+00:00","dateModified":"2020-11-26T21:04:03+00:00","mainEntityOfPage":{"@id":"https:\/\/mama-kann-das.com\/index.php\/2020\/05\/16\/schreien-lassen-endlich-ruhe\/"},"wordCount":569,"commentCount":5,"publisher":{"@id":"https:\/\/mama-kann-das.com\/#organization"},"image":{"@id":"https:\/\/mama-kann-das.com\/index.php\/2020\/05\/16\/schreien-lassen-endlich-ruhe\/#primaryimage"},"thumbnailUrl":"https:\/\/i0.wp.com\/mama-kann-das.com\/wp-content\/uploads\/2020\/05\/Erstausstattung-baby-scaled.jpg?fit=2560%2C1706&ssl=1","keywords":["Baby","Familie","Kleinkind","Schlaf"],"articleSection":["Baby &amp; Kleinkind","Lieben","Mama &amp; Papa"],"inLanguage":"de","potentialAction":[{"@type":"CommentAction","name":"Comment","target":["https:\/\/mama-kann-das.com\/index.php\/2020\/05\/16\/schreien-lassen-endlich-ruhe\/#respond"]}]},{"@type":"WebPage","@id":"https:\/\/mama-kann-das.com\/index.php\/2020\/05\/16\/schreien-lassen-endlich-ruhe\/","url":"https:\/\/mama-kann-das.com\/index.php\/2020\/05\/16\/schreien-lassen-endlich-ruhe\/","name":"Schreien lassen - f\u00fcr die elterliche Ruhe? - mama-kann-das","isPartOf":{"@id":"https:\/\/mama-kann-das.com\/#website"},"primaryImageOfPage":{"@id":"https:\/\/mama-kann-das.com\/index.php\/2020\/05\/16\/schreien-lassen-endlich-ruhe\/#primaryimage"},"image":{"@id":"https:\/\/mama-kann-das.com\/index.php\/2020\/05\/16\/schreien-lassen-endlich-ruhe\/#primaryimage"},"thumbnailUrl":"https:\/\/i0.wp.com\/mama-kann-das.com\/wp-content\/uploads\/2020\/05\/Erstausstattung-baby-scaled.jpg?fit=2560%2C1706&ssl=1","datePublished":"2020-05-16T12:03:51+00:00","dateModified":"2020-11-26T21:04:03+00:00","breadcrumb":{"@id":"https:\/\/mama-kann-das.com\/index.php\/2020\/05\/16\/schreien-lassen-endlich-ruhe\/#breadcrumb"},"inLanguage":"de","potentialAction":[{"@type":"ReadAction","target":["https:\/\/mama-kann-das.com\/index.php\/2020\/05\/16\/schreien-lassen-endlich-ruhe\/"]}]},{"@type":"ImageObject","inLanguage":"de","@id":"https:\/\/mama-kann-das.com\/index.php\/2020\/05\/16\/schreien-lassen-endlich-ruhe\/#primaryimage","url":"https:\/\/i0.wp.com\/mama-kann-das.com\/wp-content\/uploads\/2020\/05\/Erstausstattung-baby-scaled.jpg?fit=2560%2C1706&ssl=1","contentUrl":"https:\/\/i0.wp.com\/mama-kann-das.com\/wp-content\/uploads\/2020\/05\/Erstausstattung-baby-scaled.jpg?fit=2560%2C1706&ssl=1","width":2560,"height":1706,"caption":"Babys schreien lassen beeintr\u00e4chtigt ihre Entwicklung"},{"@type":"BreadcrumbList","@id":"https:\/\/mama-kann-das.com\/index.php\/2020\/05\/16\/schreien-lassen-endlich-ruhe\/#breadcrumb","itemListElement":[{"@type":"ListItem","position":1,"name":"Startseite","item":"https:\/\/mama-kann-das.com\/"},{"@type":"ListItem","position":2,"name":"Schreien lassen &#8211; f\u00fcr die elterliche Ruhe?"}]},{"@type":"WebSite","@id":"https:\/\/mama-kann-das.com\/#website","url":"https:\/\/mama-kann-das.com\/","name":"mama-kann-das","description":"gelassen durch den Familienalltag","publisher":{"@id":"https:\/\/mama-kann-das.com\/#organization"},"potentialAction":[{"@type":"SearchAction","target":{"@type":"EntryPoint","urlTemplate":"https:\/\/mama-kann-das.com\/?s={search_term_string}"},"query-input":{"@type":"PropertyValueSpecification","valueRequired":true,"valueName":"search_term_string"}}],"inLanguage":"de"},{"@type":"Organization","@id":"https:\/\/mama-kann-das.com\/#organization","name":"mama-kann-das","url":"https:\/\/mama-kann-das.com\/","logo":{"@type":"ImageObject","inLanguage":"de","@id":"https:\/\/mama-kann-das.com\/#\/schema\/logo\/image\/","url":"https:\/\/i0.wp.com\/mama-kann-das.com\/wp-content\/uploads\/2026\/01\/cropped-Banner-neu-1.png?fit=1243%2C351&ssl=1","contentUrl":"https:\/\/i0.wp.com\/mama-kann-das.com\/wp-content\/uploads\/2026\/01\/cropped-Banner-neu-1.png?fit=1243%2C351&ssl=1","width":1243,"height":351,"caption":"mama-kann-das"},"image":{"@id":"https:\/\/mama-kann-das.com\/#\/schema\/logo\/image\/"}},{"@type":"Person","@id":"https:\/\/mama-kann-das.com\/#\/schema\/person\/83df833a52d90404e3f21603b1cf9e58","name":"Corina","image":{"@type":"ImageObject","inLanguage":"de","@id":"https:\/\/secure.gravatar.com\/avatar\/791919cd4962f2a440718b8180fea719c288cc66c4bc5413544ada69564aa24f?s=96&d=mm&r=g","url":"https:\/\/secure.gravatar.com\/avatar\/791919cd4962f2a440718b8180fea719c288cc66c4bc5413544ada69564aa24f?s=96&d=mm&r=g","contentUrl":"https:\/\/secure.gravatar.com\/avatar\/791919cd4962f2a440718b8180fea719c288cc66c4bc5413544ada69564aa24f?s=96&d=mm&r=g","caption":"Corina"},"sameAs":["https:\/\/mama-kann-das.com","facebook.com\/corinakanndas","instagram.com\/mama.kann.das"],"url":"https:\/\/mama-kann-das.com\/index.php\/author\/c_zimmermann_l38n2d31\/"}]}},"jetpack_featured_media_url":"https:\/\/i0.wp.com\/mama-kann-das.com\/wp-content\/uploads\/2020\/05\/Erstausstattung-baby-scaled.jpg?fit=2560%2C1706&ssl=1","jetpack_sharing_enabled":true,"_links":{"self":[{"href":"https:\/\/mama-kann-das.com\/index.php\/wp-json\/wp\/v2\/posts\/236","targetHints":{"allow":["GET"]}}],"collection":[{"href":"https:\/\/mama-kann-das.com\/index.php\/wp-json\/wp\/v2\/posts"}],"about":[{"href":"https:\/\/mama-kann-das.com\/index.php\/wp-json\/wp\/v2\/types\/post"}],"author":[{"embeddable":true,"href":"https:\/\/mama-kann-das.com\/index.php\/wp-json\/wp\/v2\/users\/1"}],"replies":[{"embeddable":true,"href":"https:\/\/mama-kann-das.com\/index.php\/wp-json\/wp\/v2\/comments?post=236"}],"version-history":[{"count":5,"href":"https:\/\/mama-kann-das.com\/index.php\/wp-json\/wp\/v2\/posts\/236\/revisions"}],"predecessor-version":[{"id":500,"href":"https:\/\/mama-kann-das.com\/index.php\/wp-json\/wp\/v2\/posts\/236\/revisions\/500"}],"wp:featuredmedia":[{"embeddable":true,"href":"https:\/\/mama-kann-das.com\/index.php\/wp-json\/wp\/v2\/media\/185"}],"wp:attachment":[{"href":"https:\/\/mama-kann-das.com\/index.php\/wp-json\/wp\/v2\/media?parent=236"}],"wp:term":[{"taxonomy":"category","embeddable":true,"href":"https:\/\/mama-kann-das.com\/index.php\/wp-json\/wp\/v2\/categories?post=236"},{"taxonomy":"post_tag","embeddable":true,"href":"https:\/\/mama-kann-das.com\/index.php\/wp-json\/wp\/v2\/tags?post=236"}],"curies":[{"name":"wp","href":"https:\/\/api.w.org\/{rel}","templated":true}]}}