{"id":164,"date":"2020-05-07T19:06:35","date_gmt":"2020-05-07T19:06:35","guid":{"rendered":"https:\/\/mama-kann-das.com\/?p=164"},"modified":"2021-02-10T20:03:08","modified_gmt":"2021-02-10T20:03:08","slug":"babys-erstausstattung-das-brauchst-du-wirklich","status":"publish","type":"post","link":"https:\/\/mama-kann-das.com\/index.php\/2020\/05\/07\/babys-erstausstattung-das-brauchst-du-wirklich\/","title":{"rendered":"Babys Erstausstattung &#8211; das brauchst du wirklich"},"content":{"rendered":"\n<p>Neu, gebraucht oder geliehen?<\/p>\n\n\n\n<p>Die Wahl der Erstausstattung kann f\u00fcr werdende Eltern schnell in einem Kaufrausch und damit verbundenen Fehlk\u00e4ufen enden.&nbsp; Es sieht alles einfach zu niedlich und h\u00fcbsch aus und schliesslich m\u00f6chte man f\u00fcr sein Kleines nur das Beste. Doch was braucht es bei der Erstausstattung wirklich? Und was lohnt sich gebraucht zu kaufen bzw. sogar zu leihen?<\/p>\n\n\n\n<p>In der Schwangerschaft hatten wir ein sehr begrenztes Budget, was die Baby-Erstausstattung betrifft. Somit haben wir uns intensiv damit auseinandergesetzt, was wir wirklich brauchen.<\/p>\n\n\n\n<p>Es war nicht immer einfach, auf viel propagierte \u00abMust-Haves\u00bb zu verzichten. Aber wenn wir uns nicht 100% sicher waren, dass es n\u00f6tig w\u00e4re, haben wir mit dem Kauf gewartet.<\/p>\n\n\n\n<div class=\"wp-block-image\"><figure class=\"alignright size-large is-resized\"><img data-recalc-dims=\"1\" decoding=\"async\" src=\"https:\/\/i0.wp.com\/mama-kann-das.com\/wp-content\/uploads\/2020\/05\/Erstausstattung.jpg?resize=250%2C199&#038;ssl=1\" alt=\"Die Wahl der Erstausstattung f\u00fcr das neue Baby ist nicht immer leicht.\" class=\"wp-image-167\" width=\"250\" height=\"199\" srcset=\"https:\/\/i0.wp.com\/mama-kann-das.com\/wp-content\/uploads\/2020\/05\/Erstausstattung-scaled.jpg?resize=1024%2C819&amp;ssl=1 1024w, https:\/\/i0.wp.com\/mama-kann-das.com\/wp-content\/uploads\/2020\/05\/Erstausstattung-scaled.jpg?resize=600%2C480&amp;ssl=1 600w, https:\/\/i0.wp.com\/mama-kann-das.com\/wp-content\/uploads\/2020\/05\/Erstausstattung-scaled.jpg?resize=300%2C240&amp;ssl=1 300w, https:\/\/i0.wp.com\/mama-kann-das.com\/wp-content\/uploads\/2020\/05\/Erstausstattung-scaled.jpg?resize=768%2C614&amp;ssl=1 768w, https:\/\/i0.wp.com\/mama-kann-das.com\/wp-content\/uploads\/2020\/05\/Erstausstattung-scaled.jpg?resize=1536%2C1229&amp;ssl=1 1536w, https:\/\/i0.wp.com\/mama-kann-das.com\/wp-content\/uploads\/2020\/05\/Erstausstattung-scaled.jpg?resize=2048%2C1638&amp;ssl=1 2048w, https:\/\/i0.wp.com\/mama-kann-das.com\/wp-content\/uploads\/2020\/05\/Erstausstattung-scaled.jpg?w=1280&amp;ssl=1 1280w, https:\/\/i0.wp.com\/mama-kann-das.com\/wp-content\/uploads\/2020\/05\/Erstausstattung-scaled.jpg?w=1920&amp;ssl=1 1920w\" sizes=\"(max-width: 250px) 100vw, 250px\" \/><\/figure><\/div>\n\n\n\n<p>R\u00fcckblickend m\u00f6chte ich die Erfahrung nicht missen, da ich mit gutem Gewissen sagen kann, dass wir fast keinen Fehlkauf zu Hause haben (gut, den Nasensauger h\u00e4tten auch wir uns getrost sparen k\u00f6nnen) und alle Dinge wirklich nutzten.<\/p>\n\n\n\n<ol class=\"wp-block-list\"><li>Tragetuch \/ Tragehilfe<\/li><\/ol>\n\n\n\n<p>F\u00fcr uns war von Anfang an klar, dass Rabauke getragen werden soll. Ich habe mich vorab auf zahlreichen Internetseiten \u00fcber die verschiedenen Tragevarianten informiert und mir unz\u00e4hlige YouTube Tutorials mit der richtigen Trageweise angeschaut.<\/p>\n\n\n\n<p>Schlussendlich habe ich ein Moby Wrap (ein elastisches Tuch) von einer Freundin geliehen bekommen. Und nicht nur ich habe es geliebt. Rabauke war von Anfang an happy und hat gef\u00fchlt den ganzen Tag darin verbracht.<\/p>\n\n\n\n<p>Ausserdem bekamen wir noch eine Trage von Manduca. Die hat anfangs vor allem mein Mann ben\u00fctzt, da sie schnell und einfach anzulegen ist. Sp\u00e4ter habe ich sie dann f\u00fcr mich entdeckt, weil sich damit auch auf dem R\u00fccken tragen l\u00e4sst.<\/p>\n\n\n\n<p>Irgendwann gab es dann aber doch noch den Kinderwagen. Mein Vater konnte einfach nicht glauben, dass wir den Kleinen \u00abnur\u00bb tragen. Also habe ich mich zum Occasionskauf \u00fcberreden lassen. Zum Gl\u00fcck, denn Rabauke konnte sich nie wirklich damit anfreunden. Und auch mir war es oftmals zu umst\u00e4ndlich das Teil ins Auto und wieder hinaus zu hieven. Da war ich mit Tuch oder Trage einfach schneller.<\/p>\n\n\n\n<p>Ich w\u00fcrde mich immer wieder f\u00fcrs Tragen entscheiden. Allerdings w\u00fcrde ich am Anfang eine professionelle Trageberatung in Anspruch nehmen, die sich mit den verschiedenen Modellen und Varianten auskennt und einem mit Tipps und Tricks zur Seite stehen kann.<\/p>\n\n\n\n<p>\u00dcbrigens steht der Kinderwagen nun bei meinen Eltern zu Hause. F\u00fcr alle F\u00e4lle.\ud83d\ude0a<\/p>\n\n\n\n<ol class=\"wp-block-list\" start=\"2\"><li>Wickeltisch<\/li><\/ol>\n\n\n\n<p>Den Wickelbereich meines Kleinen wollte ich m\u00f6glichst nah am Wasser haben. Die Erfahrung hat mich gelehrt, dass eine nahe Dusche oder Badewanne oftmals Gold wert ist \ud83d\ude09. Ausserdem hatten wir in den Schlafzimmern Teppiche und wir wissen, wie schnell doch etwas zu Boden gehen kann.<\/p>\n\n\n\n<p>Da unser Badezimmer aber recht klein war, kam nur einer des schwedischen M\u00f6belriesen in Frage. Auf Ebay habe ich ihn dann sogar zu einem Bruchteil des eh schon g\u00fcnstigen Preises gefunden und war voll und ganz zufrieden damit.<\/p>\n\n\n\n<p>Mir war nat\u00fcrlich klar, dass ich meinen Kleinen nicht all zu lange darauf wickeln kann, aber f\u00fcr die erste Zeit hat es vollkommen ausgereicht.<\/p>\n\n\n\n<p>Sp\u00e4ter, in der neuen Wohnung, ohne Teppiche, habe ich ihm dann einen Wickelplatz am Boden eingerichtet. Was mir einfach sicherer erschien, da Rabauke sehr aktiv ist und nicht gerne still liegt.<\/p>\n\n\n\n<ol class=\"wp-block-list\" start=\"3\"><li>Bett<\/li><\/ol>\n\n\n\n<p>Als ich das erste Mal bei einer Freundin, auch gerade Mami geworden, zu Besuch war, kam ich aus dem Staunen fast nicht mehr heraus. Ihr Kleiner hatte ein perfektes(!) Kinderzimmer. Das Bett passte zum Wickeltisch zum Schrank zum Hocker etc.<\/p>\n\n\n\n<p>Als ich mich umsah und wir ein wenig ins Tratschen kamen, gestand sie irgendwann, dass das Zimmer, ausser dem Wickeltisch, noch nie benutzt wurde. Und dass sie sich die Unsumme f\u00fcr die Einrichtung auch h\u00e4tte sparen k\u00f6nnen, da der Kleine sowieso im Elternzimmer schl\u00e4ft.<\/p>\n\n\n\n<p>Als wir uns angefangen haben zu \u00fcberlegen, wo Rabauke n\u00e4chtigen soll, kam f\u00fcr mich nur ein Beistellbett in Frage. Erstens wollte ich mein Baby so nah wie m\u00f6glich bei mir haben und zweitens mir das Leben nicht unn\u00f6tig verkomplizieren und mich um den ohnehin schon raren Schlaf bringen.<\/p>\n\n\n\n<p>So begaben wir uns auf die Suche nach einem Beistellbett. Wir haben diverse Secondhand-Babym\u00e4rkte abgeklappert, aber leider ohne Gl\u00fcck. Irgendwie wollte in dieser Zeit gerade niemand ein Beistellbett loswerden. Also machte ich mir Gedanken \u00fcber eine Alternative. Schliesslich sind diese Betten ja auch ziemlich klein. Auf einer meiner Suche auf Ebay stolperte ich \u00fcber ein Gitterbett bei dem stand, dass man die eine Seite auch wegnehmen kann. HA! Da h\u00e4tte ich ja auch selbst draufkommen k\u00f6nnen.<\/p>\n\n\n\n<p>So haben wir ein g\u00fcnstiges Gitterbett ersteigert, eine neue Matratze gekauft und die H\u00f6he so verstellt, dass es zu unserem Bett passt.<\/p>\n\n\n\n<div class=\"wp-block-image\"><figure class=\"aligncenter size-large is-resized\"><img data-recalc-dims=\"1\" fetchpriority=\"high\" decoding=\"async\" src=\"https:\/\/i0.wp.com\/mama-kann-das.com\/wp-content\/uploads\/2020\/05\/Fehlk%C3%A4ufe-Erstausstattung-683x1024.png?resize=284%2C425&#038;ssl=1\" alt=\"Erstausstattung Fehlk\u00e4ufe vermeiden\" class=\"wp-image-189\" width=\"284\" height=\"425\" srcset=\"https:\/\/i0.wp.com\/mama-kann-das.com\/wp-content\/uploads\/2020\/05\/Fehlk%C3%A4ufe-Erstausstattung.png?resize=683%2C1024&amp;ssl=1 683w, https:\/\/i0.wp.com\/mama-kann-das.com\/wp-content\/uploads\/2020\/05\/Fehlk%C3%A4ufe-Erstausstattung.png?resize=600%2C900&amp;ssl=1 600w, https:\/\/i0.wp.com\/mama-kann-das.com\/wp-content\/uploads\/2020\/05\/Fehlk%C3%A4ufe-Erstausstattung.png?resize=200%2C300&amp;ssl=1 200w, https:\/\/i0.wp.com\/mama-kann-das.com\/wp-content\/uploads\/2020\/05\/Fehlk%C3%A4ufe-Erstausstattung.png?w=735&amp;ssl=1 735w\" sizes=\"(max-width: 284px) 100vw, 284px\" \/><\/figure><\/div>\n\n\n\n<ol class=\"wp-block-list\" start=\"4\"><li>Klamotten<\/li><\/ol>\n\n\n\n<p>Eins vorweg: Babyklamotten sind soooooo s\u00fcss. Und ich kenne nicht wenige, die in einen wahren Kaufrausch verfallen sind. Auch bei Bekannten und Verwandten stehen die kleinen Strampler ganz oben auf der Geschenke-Liste (alternative Geschenkideen findest du <a href=\"https:\/\/mama-kann-das.com\/index.php\/2020\/11\/03\/baby-geschenk\/\" target=\"_blank\" rel=\"noreferrer noopener\">hier<\/a>).<\/p>\n\n\n\n<p>Nicht nur budgetbedingt, sondern auch aufgrund eventueller Schadstoffe in Babykleidern setzte ich von Anfang an auf Second Hand. Im Internet gibt es ganze Sets und Erstausstattungen f\u00fcr wenig Geld zu kaufen.<\/p>\n\n\n\n<p>Im Gespr\u00e4ch mit einer sehr guten Freundin, die der Gruppe \u00abKaufrausch verfallen\u00bb angeh\u00f6rte, stellte sich heraus, dass sie nach wie&nbsp;vor alle Klamotten ihres 4-j\u00e4hrigen Jungen aufgehoben hat. Sie hat mir sofort angeboten, ich k\u00f6nne die Sachen ausleihen und da Rabauke zur selben Jahreszeit zur Welt kam, wie sein grosser Freund, nahm ich das Angebot sehr gerne an.<\/p>\n\n\n\n<p>Das erste Mal ihren Keller durchforstend, konnte ich es kaum glauben. Ich dachte mir nur, dass ich einen gr\u00f6sseren Schrank brauchen werde.<\/p>\n\n\n\n<p>Und tats\u00e4chlich, mein Kleiner besitzt alles f\u00fcr jede Gelegenheit \ud83d\ude0a Alle paar Wochen \/ Monate bringen wir die geliehenen Sachen zur\u00fcck und decken uns mit neuen ein. Wir revanchieren uns daf\u00fcr mit Babysitten und Tierparkbesuchen, damit Mama Zeit zum Shoppen hat. \ud83d\ude09<\/p>\n\n\n\n<p>Sprecht eure Freundinnen auf das Thema Klamotten an. Oftmals sind Eltern froh, wenn ihre Sachen weiterziehen d\u00fcrfen und sie wissen, dass jemand Freude daran hat.<\/p>\n\n\n\n<ol class=\"wp-block-list\" start=\"5\"><li>Autositz<\/li><\/ol>\n\n\n\n<p>Ihr werdet euch wohl jetzt fragen, ob Rabauke denn eigentlich gar nichts Neues zur Geburt bekam. Second Hand in allen Ehren, aber bei einer Sache konnte und wollte ich keine Abstriche machen. Und das war der Autositz. F\u00fcr diesen habe ich ausgiebige Internetrecherche betrieben und mich im Fachmarkt beraten lassen, bis ich den passenden gefunden habe.<\/p>\n\n\n\n<p>Denn schlussendlich geht nichts \u00fcber die Sicherheit meines Kleinen. Und daf\u00fcr lohnt sich eine teurere Anschaffung ganz bestimmt!<\/p>\n\n\n\n<p>Was geh\u00f6rt f\u00fcr euch unbedingt in Babys Erstausstattung? Was w\u00fcrdet ihr auf keinen Fall mehr kaufen? Oder was w\u00fcrdet ihr euch am ehesten von Freunden leihen? Ich freue mich auf eure Antworten.<\/p>\n\n\n\n<p>Eure<\/p>\n\n\n<p class=\"fonts-plugin-block \" style=\"font-family: Satisfy;font-size: 50px\">Corina<\/p>\n\n\n<p>Dir gef\u00e4llt dieser Artikel? Magst du mich mit einem Kaffee und neuer Energie f\u00fcr mehr solcher Blogposts unterst\u00fctzen? Ich w\u00fcrde mich riesig dar\u00fcber freuen. <a href=\"https:\/\/www.buymeacoffee.com\/corinakanndas\" target=\"_blank\" rel=\"noreferrer noopener\">www.buymeacoffee.com\/corinakanndas<\/a><\/p>\n","protected":false},"excerpt":{"rendered":"<p>Neu, gebraucht oder geliehen? Die Wahl der Erstausstattung kann f\u00fcr werdende Eltern schnell in einem Kaufrausch und damit verbundenen Fehlk\u00e4ufen enden.&nbsp; Es sieht alles einfach zu niedlich und h\u00fcbsch aus und schliesslich m\u00f6chte man f\u00fcr sein Kleines nur das Beste&#8230;.<\/p>\n","protected":false},"author":1,"featured_media":186,"comment_status":"open","ping_status":"open","sticky":false,"template":"","format":"standard","meta":{"jetpack_post_was_ever_published":false,"_jetpack_newsletter_access":"","_jetpack_dont_email_post_to_subs":false,"_jetpack_newsletter_tier_id":0,"_jetpack_memberships_contains_paywalled_content":false,"_jetpack_memberships_contains_paid_content":false,"footnotes":""},"categories":[9,27,24],"tags":[10,14,15,11,13],"class_list":["post-164","post","type-post","status-publish","format-standard","has-post-thumbnail","hentry","category-baby-kleinkind","category-lieben","category-schwangerschaft-geburt","tag-baby","tag-erstausstattung","tag-familie","tag-geburt","tag-schwangerschaft"],"yoast_head":"<!-- This site is optimized with the Yoast SEO plugin v27.4 - https:\/\/yoast.com\/product\/yoast-seo-wordpress\/ -->\n<title>Babys Erstausstattung - das brauchst du wirklich - mama-kann-das<\/title>\n<meta name=\"description\" content=\"Was braucht so ein Baby eigentlich, ausser Liebe und Geborgenheit? Worauf du bei der Erstausstattung achten musst und auf was du getrost verzichten kannst.\" \/>\n<meta name=\"robots\" content=\"index, follow, max-snippet:-1, max-image-preview:large, max-video-preview:-1\" \/>\n<link rel=\"canonical\" href=\"https:\/\/mama-kann-das.com\/index.php\/2020\/05\/07\/babys-erstausstattung-das-brauchst-du-wirklich\/\" \/>\n<meta property=\"og:locale\" content=\"de_DE\" \/>\n<meta property=\"og:type\" content=\"article\" \/>\n<meta property=\"og:title\" content=\"Babys Erstausstattung - das brauchst du wirklich - mama-kann-das\" \/>\n<meta property=\"og:description\" content=\"Was braucht so ein Baby eigentlich, ausser Liebe und Geborgenheit? Worauf du bei der Erstausstattung achten musst und auf was du getrost verzichten kannst.\" \/>\n<meta property=\"og:url\" content=\"https:\/\/mama-kann-das.com\/index.php\/2020\/05\/07\/babys-erstausstattung-das-brauchst-du-wirklich\/\" \/>\n<meta property=\"og:site_name\" content=\"mama-kann-das\" \/>\n<meta property=\"article:author\" content=\"facebook.com\/corinakanndas\" \/>\n<meta property=\"article:published_time\" content=\"2020-05-07T19:06:35+00:00\" \/>\n<meta property=\"article:modified_time\" content=\"2021-02-10T20:03:08+00:00\" \/>\n<meta property=\"og:image\" content=\"https:\/\/mama-kann-das.com\/wp-content\/uploads\/2020\/05\/baby-s-feet-on-brown-wicker-basket-161534-scaled.jpg\" \/>\n\t<meta property=\"og:image:width\" content=\"2560\" \/>\n\t<meta property=\"og:image:height\" content=\"1707\" \/>\n\t<meta property=\"og:image:type\" content=\"image\/jpeg\" \/>\n<meta name=\"author\" content=\"Corina\" \/>\n<meta name=\"twitter:card\" content=\"summary_large_image\" \/>\n<meta name=\"twitter:label1\" content=\"Verfasst von\" \/>\n\t<meta name=\"twitter:data1\" content=\"Corina\" \/>\n\t<meta name=\"twitter:label2\" content=\"Gesch\u00e4tzte Lesezeit\" \/>\n\t<meta name=\"twitter:data2\" content=\"6\u00a0Minuten\" \/>\n<script type=\"application\/ld+json\" class=\"yoast-schema-graph\">{\"@context\":\"https:\\\/\\\/schema.org\",\"@graph\":[{\"@type\":\"Article\",\"@id\":\"https:\\\/\\\/mama-kann-das.com\\\/index.php\\\/2020\\\/05\\\/07\\\/babys-erstausstattung-das-brauchst-du-wirklich\\\/#article\",\"isPartOf\":{\"@id\":\"https:\\\/\\\/mama-kann-das.com\\\/index.php\\\/2020\\\/05\\\/07\\\/babys-erstausstattung-das-brauchst-du-wirklich\\\/\"},\"author\":{\"name\":\"Corina\",\"@id\":\"https:\\\/\\\/mama-kann-das.com\\\/#\\\/schema\\\/person\\\/83df833a52d90404e3f21603b1cf9e58\"},\"headline\":\"Babys Erstausstattung &#8211; das brauchst du wirklich\",\"datePublished\":\"2020-05-07T19:06:35+00:00\",\"dateModified\":\"2021-02-10T20:03:08+00:00\",\"mainEntityOfPage\":{\"@id\":\"https:\\\/\\\/mama-kann-das.com\\\/index.php\\\/2020\\\/05\\\/07\\\/babys-erstausstattung-das-brauchst-du-wirklich\\\/\"},\"wordCount\":1171,\"commentCount\":0,\"publisher\":{\"@id\":\"https:\\\/\\\/mama-kann-das.com\\\/#organization\"},\"image\":{\"@id\":\"https:\\\/\\\/mama-kann-das.com\\\/index.php\\\/2020\\\/05\\\/07\\\/babys-erstausstattung-das-brauchst-du-wirklich\\\/#primaryimage\"},\"thumbnailUrl\":\"https:\\\/\\\/i0.wp.com\\\/mama-kann-das.com\\\/wp-content\\\/uploads\\\/2020\\\/05\\\/baby-s-feet-on-brown-wicker-basket-161534-scaled.jpg?fit=2560%2C1707&ssl=1\",\"keywords\":[\"Baby\",\"Erstausstattung\",\"Familie\",\"Geburt\",\"Schwangerschaft\"],\"articleSection\":[\"Baby &amp; Kleinkind\",\"Lieben\",\"Schwangerschaft &amp; Geburt\"],\"inLanguage\":\"de\",\"potentialAction\":[{\"@type\":\"CommentAction\",\"name\":\"Comment\",\"target\":[\"https:\\\/\\\/mama-kann-das.com\\\/index.php\\\/2020\\\/05\\\/07\\\/babys-erstausstattung-das-brauchst-du-wirklich\\\/#respond\"]}]},{\"@type\":\"WebPage\",\"@id\":\"https:\\\/\\\/mama-kann-das.com\\\/index.php\\\/2020\\\/05\\\/07\\\/babys-erstausstattung-das-brauchst-du-wirklich\\\/\",\"url\":\"https:\\\/\\\/mama-kann-das.com\\\/index.php\\\/2020\\\/05\\\/07\\\/babys-erstausstattung-das-brauchst-du-wirklich\\\/\",\"name\":\"Babys Erstausstattung - das brauchst du wirklich - mama-kann-das\",\"isPartOf\":{\"@id\":\"https:\\\/\\\/mama-kann-das.com\\\/#website\"},\"primaryImageOfPage\":{\"@id\":\"https:\\\/\\\/mama-kann-das.com\\\/index.php\\\/2020\\\/05\\\/07\\\/babys-erstausstattung-das-brauchst-du-wirklich\\\/#primaryimage\"},\"image\":{\"@id\":\"https:\\\/\\\/mama-kann-das.com\\\/index.php\\\/2020\\\/05\\\/07\\\/babys-erstausstattung-das-brauchst-du-wirklich\\\/#primaryimage\"},\"thumbnailUrl\":\"https:\\\/\\\/i0.wp.com\\\/mama-kann-das.com\\\/wp-content\\\/uploads\\\/2020\\\/05\\\/baby-s-feet-on-brown-wicker-basket-161534-scaled.jpg?fit=2560%2C1707&ssl=1\",\"datePublished\":\"2020-05-07T19:06:35+00:00\",\"dateModified\":\"2021-02-10T20:03:08+00:00\",\"description\":\"Was braucht so ein Baby eigentlich, ausser Liebe und Geborgenheit? Worauf du bei der Erstausstattung achten musst und auf was du getrost verzichten kannst.\",\"breadcrumb\":{\"@id\":\"https:\\\/\\\/mama-kann-das.com\\\/index.php\\\/2020\\\/05\\\/07\\\/babys-erstausstattung-das-brauchst-du-wirklich\\\/#breadcrumb\"},\"inLanguage\":\"de\",\"potentialAction\":[{\"@type\":\"ReadAction\",\"target\":[\"https:\\\/\\\/mama-kann-das.com\\\/index.php\\\/2020\\\/05\\\/07\\\/babys-erstausstattung-das-brauchst-du-wirklich\\\/\"]}]},{\"@type\":\"ImageObject\",\"inLanguage\":\"de\",\"@id\":\"https:\\\/\\\/mama-kann-das.com\\\/index.php\\\/2020\\\/05\\\/07\\\/babys-erstausstattung-das-brauchst-du-wirklich\\\/#primaryimage\",\"url\":\"https:\\\/\\\/i0.wp.com\\\/mama-kann-das.com\\\/wp-content\\\/uploads\\\/2020\\\/05\\\/baby-s-feet-on-brown-wicker-basket-161534-scaled.jpg?fit=2560%2C1707&ssl=1\",\"contentUrl\":\"https:\\\/\\\/i0.wp.com\\\/mama-kann-das.com\\\/wp-content\\\/uploads\\\/2020\\\/05\\\/baby-s-feet-on-brown-wicker-basket-161534-scaled.jpg?fit=2560%2C1707&ssl=1\",\"width\":2560,\"height\":1707},{\"@type\":\"BreadcrumbList\",\"@id\":\"https:\\\/\\\/mama-kann-das.com\\\/index.php\\\/2020\\\/05\\\/07\\\/babys-erstausstattung-das-brauchst-du-wirklich\\\/#breadcrumb\",\"itemListElement\":[{\"@type\":\"ListItem\",\"position\":1,\"name\":\"Startseite\",\"item\":\"https:\\\/\\\/mama-kann-das.com\\\/\"},{\"@type\":\"ListItem\",\"position\":2,\"name\":\"Babys Erstausstattung &#8211; das brauchst du wirklich\"}]},{\"@type\":\"WebSite\",\"@id\":\"https:\\\/\\\/mama-kann-das.com\\\/#website\",\"url\":\"https:\\\/\\\/mama-kann-das.com\\\/\",\"name\":\"mama-kann-das\",\"description\":\"gelassen durch den Familienalltag\",\"publisher\":{\"@id\":\"https:\\\/\\\/mama-kann-das.com\\\/#organization\"},\"potentialAction\":[{\"@type\":\"SearchAction\",\"target\":{\"@type\":\"EntryPoint\",\"urlTemplate\":\"https:\\\/\\\/mama-kann-das.com\\\/?s={search_term_string}\"},\"query-input\":{\"@type\":\"PropertyValueSpecification\",\"valueRequired\":true,\"valueName\":\"search_term_string\"}}],\"inLanguage\":\"de\"},{\"@type\":\"Organization\",\"@id\":\"https:\\\/\\\/mama-kann-das.com\\\/#organization\",\"name\":\"mama-kann-das\",\"url\":\"https:\\\/\\\/mama-kann-das.com\\\/\",\"logo\":{\"@type\":\"ImageObject\",\"inLanguage\":\"de\",\"@id\":\"https:\\\/\\\/mama-kann-das.com\\\/#\\\/schema\\\/logo\\\/image\\\/\",\"url\":\"https:\\\/\\\/i0.wp.com\\\/mama-kann-das.com\\\/wp-content\\\/uploads\\\/2026\\\/01\\\/cropped-Banner-neu-1.png?fit=1243%2C351&ssl=1\",\"contentUrl\":\"https:\\\/\\\/i0.wp.com\\\/mama-kann-das.com\\\/wp-content\\\/uploads\\\/2026\\\/01\\\/cropped-Banner-neu-1.png?fit=1243%2C351&ssl=1\",\"width\":1243,\"height\":351,\"caption\":\"mama-kann-das\"},\"image\":{\"@id\":\"https:\\\/\\\/mama-kann-das.com\\\/#\\\/schema\\\/logo\\\/image\\\/\"}},{\"@type\":\"Person\",\"@id\":\"https:\\\/\\\/mama-kann-das.com\\\/#\\\/schema\\\/person\\\/83df833a52d90404e3f21603b1cf9e58\",\"name\":\"Corina\",\"image\":{\"@type\":\"ImageObject\",\"inLanguage\":\"de\",\"@id\":\"https:\\\/\\\/secure.gravatar.com\\\/avatar\\\/791919cd4962f2a440718b8180fea719c288cc66c4bc5413544ada69564aa24f?s=96&d=mm&r=g\",\"url\":\"https:\\\/\\\/secure.gravatar.com\\\/avatar\\\/791919cd4962f2a440718b8180fea719c288cc66c4bc5413544ada69564aa24f?s=96&d=mm&r=g\",\"contentUrl\":\"https:\\\/\\\/secure.gravatar.com\\\/avatar\\\/791919cd4962f2a440718b8180fea719c288cc66c4bc5413544ada69564aa24f?s=96&d=mm&r=g\",\"caption\":\"Corina\"},\"sameAs\":[\"https:\\\/\\\/mama-kann-das.com\",\"facebook.com\\\/corinakanndas\",\"instagram.com\\\/mama.kann.das\"],\"url\":\"https:\\\/\\\/mama-kann-das.com\\\/index.php\\\/author\\\/c_zimmermann_l38n2d31\\\/\"}]}<\/script>\n<!-- \/ Yoast SEO plugin. -->","yoast_head_json":{"title":"Babys Erstausstattung - das brauchst du wirklich - mama-kann-das","description":"Was braucht so ein Baby eigentlich, ausser Liebe und Geborgenheit? Worauf du bei der Erstausstattung achten musst und auf was du getrost verzichten kannst.","robots":{"index":"index","follow":"follow","max-snippet":"max-snippet:-1","max-image-preview":"max-image-preview:large","max-video-preview":"max-video-preview:-1"},"canonical":"https:\/\/mama-kann-das.com\/index.php\/2020\/05\/07\/babys-erstausstattung-das-brauchst-du-wirklich\/","og_locale":"de_DE","og_type":"article","og_title":"Babys Erstausstattung - das brauchst du wirklich - mama-kann-das","og_description":"Was braucht so ein Baby eigentlich, ausser Liebe und Geborgenheit? Worauf du bei der Erstausstattung achten musst und auf was du getrost verzichten kannst.","og_url":"https:\/\/mama-kann-das.com\/index.php\/2020\/05\/07\/babys-erstausstattung-das-brauchst-du-wirklich\/","og_site_name":"mama-kann-das","article_author":"facebook.com\/corinakanndas","article_published_time":"2020-05-07T19:06:35+00:00","article_modified_time":"2021-02-10T20:03:08+00:00","og_image":[{"width":2560,"height":1707,"url":"https:\/\/mama-kann-das.com\/wp-content\/uploads\/2020\/05\/baby-s-feet-on-brown-wicker-basket-161534-scaled.jpg","type":"image\/jpeg"}],"author":"Corina","twitter_card":"summary_large_image","twitter_misc":{"Verfasst von":"Corina","Gesch\u00e4tzte Lesezeit":"6\u00a0Minuten"},"schema":{"@context":"https:\/\/schema.org","@graph":[{"@type":"Article","@id":"https:\/\/mama-kann-das.com\/index.php\/2020\/05\/07\/babys-erstausstattung-das-brauchst-du-wirklich\/#article","isPartOf":{"@id":"https:\/\/mama-kann-das.com\/index.php\/2020\/05\/07\/babys-erstausstattung-das-brauchst-du-wirklich\/"},"author":{"name":"Corina","@id":"https:\/\/mama-kann-das.com\/#\/schema\/person\/83df833a52d90404e3f21603b1cf9e58"},"headline":"Babys Erstausstattung &#8211; das brauchst du wirklich","datePublished":"2020-05-07T19:06:35+00:00","dateModified":"2021-02-10T20:03:08+00:00","mainEntityOfPage":{"@id":"https:\/\/mama-kann-das.com\/index.php\/2020\/05\/07\/babys-erstausstattung-das-brauchst-du-wirklich\/"},"wordCount":1171,"commentCount":0,"publisher":{"@id":"https:\/\/mama-kann-das.com\/#organization"},"image":{"@id":"https:\/\/mama-kann-das.com\/index.php\/2020\/05\/07\/babys-erstausstattung-das-brauchst-du-wirklich\/#primaryimage"},"thumbnailUrl":"https:\/\/i0.wp.com\/mama-kann-das.com\/wp-content\/uploads\/2020\/05\/baby-s-feet-on-brown-wicker-basket-161534-scaled.jpg?fit=2560%2C1707&ssl=1","keywords":["Baby","Erstausstattung","Familie","Geburt","Schwangerschaft"],"articleSection":["Baby &amp; Kleinkind","Lieben","Schwangerschaft &amp; Geburt"],"inLanguage":"de","potentialAction":[{"@type":"CommentAction","name":"Comment","target":["https:\/\/mama-kann-das.com\/index.php\/2020\/05\/07\/babys-erstausstattung-das-brauchst-du-wirklich\/#respond"]}]},{"@type":"WebPage","@id":"https:\/\/mama-kann-das.com\/index.php\/2020\/05\/07\/babys-erstausstattung-das-brauchst-du-wirklich\/","url":"https:\/\/mama-kann-das.com\/index.php\/2020\/05\/07\/babys-erstausstattung-das-brauchst-du-wirklich\/","name":"Babys Erstausstattung - das brauchst du wirklich - mama-kann-das","isPartOf":{"@id":"https:\/\/mama-kann-das.com\/#website"},"primaryImageOfPage":{"@id":"https:\/\/mama-kann-das.com\/index.php\/2020\/05\/07\/babys-erstausstattung-das-brauchst-du-wirklich\/#primaryimage"},"image":{"@id":"https:\/\/mama-kann-das.com\/index.php\/2020\/05\/07\/babys-erstausstattung-das-brauchst-du-wirklich\/#primaryimage"},"thumbnailUrl":"https:\/\/i0.wp.com\/mama-kann-das.com\/wp-content\/uploads\/2020\/05\/baby-s-feet-on-brown-wicker-basket-161534-scaled.jpg?fit=2560%2C1707&ssl=1","datePublished":"2020-05-07T19:06:35+00:00","dateModified":"2021-02-10T20:03:08+00:00","description":"Was braucht so ein Baby eigentlich, ausser Liebe und Geborgenheit? Worauf du bei der Erstausstattung achten musst und auf was du getrost verzichten kannst.","breadcrumb":{"@id":"https:\/\/mama-kann-das.com\/index.php\/2020\/05\/07\/babys-erstausstattung-das-brauchst-du-wirklich\/#breadcrumb"},"inLanguage":"de","potentialAction":[{"@type":"ReadAction","target":["https:\/\/mama-kann-das.com\/index.php\/2020\/05\/07\/babys-erstausstattung-das-brauchst-du-wirklich\/"]}]},{"@type":"ImageObject","inLanguage":"de","@id":"https:\/\/mama-kann-das.com\/index.php\/2020\/05\/07\/babys-erstausstattung-das-brauchst-du-wirklich\/#primaryimage","url":"https:\/\/i0.wp.com\/mama-kann-das.com\/wp-content\/uploads\/2020\/05\/baby-s-feet-on-brown-wicker-basket-161534-scaled.jpg?fit=2560%2C1707&ssl=1","contentUrl":"https:\/\/i0.wp.com\/mama-kann-das.com\/wp-content\/uploads\/2020\/05\/baby-s-feet-on-brown-wicker-basket-161534-scaled.jpg?fit=2560%2C1707&ssl=1","width":2560,"height":1707},{"@type":"BreadcrumbList","@id":"https:\/\/mama-kann-das.com\/index.php\/2020\/05\/07\/babys-erstausstattung-das-brauchst-du-wirklich\/#breadcrumb","itemListElement":[{"@type":"ListItem","position":1,"name":"Startseite","item":"https:\/\/mama-kann-das.com\/"},{"@type":"ListItem","position":2,"name":"Babys Erstausstattung &#8211; das brauchst du wirklich"}]},{"@type":"WebSite","@id":"https:\/\/mama-kann-das.com\/#website","url":"https:\/\/mama-kann-das.com\/","name":"mama-kann-das","description":"gelassen durch den Familienalltag","publisher":{"@id":"https:\/\/mama-kann-das.com\/#organization"},"potentialAction":[{"@type":"SearchAction","target":{"@type":"EntryPoint","urlTemplate":"https:\/\/mama-kann-das.com\/?s={search_term_string}"},"query-input":{"@type":"PropertyValueSpecification","valueRequired":true,"valueName":"search_term_string"}}],"inLanguage":"de"},{"@type":"Organization","@id":"https:\/\/mama-kann-das.com\/#organization","name":"mama-kann-das","url":"https:\/\/mama-kann-das.com\/","logo":{"@type":"ImageObject","inLanguage":"de","@id":"https:\/\/mama-kann-das.com\/#\/schema\/logo\/image\/","url":"https:\/\/i0.wp.com\/mama-kann-das.com\/wp-content\/uploads\/2026\/01\/cropped-Banner-neu-1.png?fit=1243%2C351&ssl=1","contentUrl":"https:\/\/i0.wp.com\/mama-kann-das.com\/wp-content\/uploads\/2026\/01\/cropped-Banner-neu-1.png?fit=1243%2C351&ssl=1","width":1243,"height":351,"caption":"mama-kann-das"},"image":{"@id":"https:\/\/mama-kann-das.com\/#\/schema\/logo\/image\/"}},{"@type":"Person","@id":"https:\/\/mama-kann-das.com\/#\/schema\/person\/83df833a52d90404e3f21603b1cf9e58","name":"Corina","image":{"@type":"ImageObject","inLanguage":"de","@id":"https:\/\/secure.gravatar.com\/avatar\/791919cd4962f2a440718b8180fea719c288cc66c4bc5413544ada69564aa24f?s=96&d=mm&r=g","url":"https:\/\/secure.gravatar.com\/avatar\/791919cd4962f2a440718b8180fea719c288cc66c4bc5413544ada69564aa24f?s=96&d=mm&r=g","contentUrl":"https:\/\/secure.gravatar.com\/avatar\/791919cd4962f2a440718b8180fea719c288cc66c4bc5413544ada69564aa24f?s=96&d=mm&r=g","caption":"Corina"},"sameAs":["https:\/\/mama-kann-das.com","facebook.com\/corinakanndas","instagram.com\/mama.kann.das"],"url":"https:\/\/mama-kann-das.com\/index.php\/author\/c_zimmermann_l38n2d31\/"}]}},"jetpack_featured_media_url":"https:\/\/i0.wp.com\/mama-kann-das.com\/wp-content\/uploads\/2020\/05\/baby-s-feet-on-brown-wicker-basket-161534-scaled.jpg?fit=2560%2C1707&ssl=1","jetpack_sharing_enabled":true,"_links":{"self":[{"href":"https:\/\/mama-kann-das.com\/index.php\/wp-json\/wp\/v2\/posts\/164","targetHints":{"allow":["GET"]}}],"collection":[{"href":"https:\/\/mama-kann-das.com\/index.php\/wp-json\/wp\/v2\/posts"}],"about":[{"href":"https:\/\/mama-kann-das.com\/index.php\/wp-json\/wp\/v2\/types\/post"}],"author":[{"embeddable":true,"href":"https:\/\/mama-kann-das.com\/index.php\/wp-json\/wp\/v2\/users\/1"}],"replies":[{"embeddable":true,"href":"https:\/\/mama-kann-das.com\/index.php\/wp-json\/wp\/v2\/comments?post=164"}],"version-history":[{"count":10,"href":"https:\/\/mama-kann-das.com\/index.php\/wp-json\/wp\/v2\/posts\/164\/revisions"}],"predecessor-version":[{"id":626,"href":"https:\/\/mama-kann-das.com\/index.php\/wp-json\/wp\/v2\/posts\/164\/revisions\/626"}],"wp:featuredmedia":[{"embeddable":true,"href":"https:\/\/mama-kann-das.com\/index.php\/wp-json\/wp\/v2\/media\/186"}],"wp:attachment":[{"href":"https:\/\/mama-kann-das.com\/index.php\/wp-json\/wp\/v2\/media?parent=164"}],"wp:term":[{"taxonomy":"category","embeddable":true,"href":"https:\/\/mama-kann-das.com\/index.php\/wp-json\/wp\/v2\/categories?post=164"},{"taxonomy":"post_tag","embeddable":true,"href":"https:\/\/mama-kann-das.com\/index.php\/wp-json\/wp\/v2\/tags?post=164"}],"curies":[{"name":"wp","href":"https:\/\/api.w.org\/{rel}","templated":true}]}}