{"id":1624,"date":"2023-12-05T10:02:38","date_gmt":"2023-12-05T10:02:38","guid":{"rendered":"https:\/\/mama-kann-das.com\/?p=1624"},"modified":"2023-12-05T10:02:49","modified_gmt":"2023-12-05T10:02:49","slug":"adventskalender-tuerchen","status":"publish","type":"post","link":"https:\/\/mama-kann-das.com\/index.php\/2023\/12\/05\/adventskalender-tuerchen\/","title":{"rendered":"Adventskalender- wie viele T\u00fcrchen darf ich \u00f6ffnen?"},"content":{"rendered":"\n<p>Der 1. Dezember ist da. Somit ist die Adventskalender-Saison er\u00f6ffnet. Das Kind freut sich nat\u00fcrlich. Schliesslich gibt es den heiss ersehnten Lego Star Wars Adventskalender. Das erste T\u00fcrchen ist schnell ge\u00f6ffnet, das Lego-M\u00e4nnchen zusammengebaut. Das alles noch vor dem Kindergarten. Ich mache mir schon mal eine mentale Notiz, dass wir die n\u00e4chsten Wochen wohl 20 Minuten fr\u00fcher aufstehen m\u00fcssen, um das regelm\u00e4ssig hinzukriegen.<\/p>\n\n\n\n<p>Der 2. Dezember beginnt dann gleich wie der erste. Mit dem kleinen Unterschied, dass am heutigen Samstag eigentlich genug Zeit w\u00e4re, um noch mehr Lego zusammenzubauen. &#8222;Mami, chani no es T\u00fcrli uftue?&#8220; t\u00f6nt es dann auch schon bald aus dem Kinderzimmer.<\/p>\n\n\n<div class=\"wp-block-image\">\n<figure class=\"aligncenter size-large is-resized\"><img data-recalc-dims=\"1\" height=\"361\" width=\"640\" decoding=\"async\" src=\"https:\/\/i0.wp.com\/mama-kann-das.com\/wp-content\/uploads\/2023\/02\/Design-ohne-Titel-1024x577.png?resize=640%2C361&#038;ssl=1\" alt=\"Muss ich die Diskussion um die Adventskalender-T\u00fcrchen nun wirklich t\u00e4glich f\u00fchren? Nein!\" class=\"wp-image-1399\" style=\"aspect-ratio:1.7746967071057191;object-fit:contain;width:619px;height:auto\"\/><\/figure>\n<\/div>\n\n\n<p><\/p>\n\n\n\n<p>Mein erster Impuls: &#8222;Neeeeeeeeiiiiiiin! Jeden Tag nur eins!&#8220;. Kind schmollt. Ich bin genervt. M\u00fcssen wir jetzt jeden Tag die selbe Diskussion f\u00fchren?<\/p>\n\n\n\n<h2 class=\"wp-block-heading\">Das T\u00fcrchen zu meiner Kindheit<\/h2>\n\n\n\n<p>Ich atme. Schenke mir noch einen Kaffee ein und \u00fcberlege. Was w\u00e4re eigentlich so schlimm daran, wenn Kind noch ein T\u00fcrchen aufmacht? Oder sogar alle? Er h\u00e4tte dann halt keinen Adventskalender mehr. Kein Warten auf Weihnachten. Kein magischer Adventsmorgen. Diese Gedanken bringen mich zur\u00fcck in meine eigene Kindheit. Wie ich es gehasst habe. Dieses Nicht-Wissen was in den anderen S\u00e4ckchen ist, dieses d\u00e4mliche Warten. Ich wurde bereits fr\u00fch zur absoluten Expertin im T\u00fcrchen \u00f6ffnen und wieder so verschliessen, dass keiner merkte, dass es bereits offen war. Ich konnte Geschenke er-sch\u00fctteln und er-f\u00fchlen und fand jedes noch so gut versteckte P\u00e4ckchen. Kurz: Ich hasste \u00dcberraschungen und tue es heute immer noch. Wieso sollte es da meinem Kind anders gehen?<\/p>\n\n\n\n<p>Wenn ich jetzt also auf der Idee &#8222;jeden Tag ein T\u00fcrchen&#8220; bestehe, habe ich f\u00fcr den Rest des Wochenendes Diskussionen dar\u00fcber. Habe ich die Kapazit\u00e4t, allf\u00e4llige Wut zu begleiten? Oder mein Kind wird es einfach heimlich tun. So wie ich damals.<\/p>\n\n\n\n<h2 class=\"wp-block-heading\">Adventskalender an einem Tag<\/h2>\n\n\n\n<p>Wenn ich ihn aber selbst entscheiden lasse, wie viele dieser Lego-Sets er sich heute rauskramen m\u00f6chte, ist er die n\u00e4chsten 2 Stunden besch\u00e4ftigt.<\/p>\n\n\n<div class=\"wp-block-image\">\n<figure class=\"aligncenter size-full is-resized\"><img data-recalc-dims=\"1\" fetchpriority=\"high\" decoding=\"async\" width=\"640\" height=\"853\" src=\"https:\/\/i0.wp.com\/mama-kann-das.com\/wp-content\/uploads\/2023\/12\/20231118_082943-scaled.jpg?resize=640%2C853&#038;ssl=1\" alt=\"Wenn das Kind besch\u00e4ftigt ist, bleibt mehr Zeit f\u00fcr mich.\" class=\"wp-image-1628\" style=\"aspect-ratio:0.75;width:323px;height:auto\" srcset=\"https:\/\/i0.wp.com\/mama-kann-das.com\/wp-content\/uploads\/2023\/12\/20231118_082943-scaled.jpg?w=1920&amp;ssl=1 1920w, https:\/\/i0.wp.com\/mama-kann-das.com\/wp-content\/uploads\/2023\/12\/20231118_082943-scaled.jpg?resize=225%2C300&amp;ssl=1 225w, https:\/\/i0.wp.com\/mama-kann-das.com\/wp-content\/uploads\/2023\/12\/20231118_082943-scaled.jpg?resize=768%2C1024&amp;ssl=1 768w, https:\/\/i0.wp.com\/mama-kann-das.com\/wp-content\/uploads\/2023\/12\/20231118_082943-scaled.jpg?resize=1152%2C1536&amp;ssl=1 1152w, https:\/\/i0.wp.com\/mama-kann-das.com\/wp-content\/uploads\/2023\/12\/20231118_082943-scaled.jpg?resize=1536%2C2048&amp;ssl=1 1536w, https:\/\/i0.wp.com\/mama-kann-das.com\/wp-content\/uploads\/2023\/12\/20231118_082943-scaled.jpg?resize=1320%2C1760&amp;ssl=1 1320w, https:\/\/i0.wp.com\/mama-kann-das.com\/wp-content\/uploads\/2023\/12\/20231118_082943-scaled.jpg?resize=600%2C800&amp;ssl=1 600w\" sizes=\"(max-width: 640px) 100vw, 640px\" \/><figcaption class=\"wp-element-caption\">Besch\u00e4ftigtes Kind bedeutet mehr Zeit f\u00fcr mich. \ud83d\ude42<\/figcaption><\/figure>\n<\/div>\n\n\n<p><\/p>\n\n\n\n<p>Ausserdem k\u00f6nnten wir am Morgen wie gewohnt liegen blieben, weil wir keine Lego-Schlitten und Kampfsterne zusammenbauen m\u00fcssen. <\/p>\n\n\n\n<p>Die Konsequenz w\u00e4re nat\u00fcrlich, dass er f\u00fcr die restlichen Tage keinen Adventskalender mehr hat. Das k\u00f6nnte nat\u00fcrlich auch wieder zu Trauer oder Wut f\u00fchren, die ich dann wiederum begleiten darf.<\/p>\n\n\n\n<p>Also, was tue ich?<\/p>\n\n\n\n<p>M\u00f6glichkeit 1: Jeden Tag ein T\u00fcrchen =&gt; Tradition<\/p>\n\n\n\n<p>M\u00f6glichkeit 2: Kind entscheidet selber =&gt; Partizipation<\/p>\n\n\n\n<p>Aufgrund meiner eigenen Erfahrungen und den erlebten Gef\u00fchlen mit Adventskalender &amp; Co. entscheide ich mich gegen Tradition und f\u00fcr Partizipation.<\/p>\n\n\n\n<p>Ganz ehrlich; ich habe nicht die Kapazit\u00e4t (und auch nicht die Lust) Konflikte zu begleiten, hinter deren Wert ich nicht zu 100% stehen kann.  Warum soll ich meinem Kind verbieten, die T\u00fcrchen zu \u00f6ffnen, wenn es mir doch eigentlich gar nicht wichtig ist?<\/p>\n\n\n\n<p>Den (eventuellen) Konflikt \u00fcber den Verlust des Adventskalenders, den kann ich andererseits aushalten. Denn Kind hat selbst entschieden und muss nun auch mit den Konsequenzen seines Handelns umgehen k\u00f6nnen. Dabei begleite ich ihn, nehme ihn und seine Gef\u00fchle wahr und unterst\u00fctze ihn. Was ich auf keinen Fall tun w\u00fcrde, ist, einen neuen Kalender anzuschaffen.<\/p>\n\n\n<div class=\"wp-block-image\">\n<figure class=\"aligncenter size-medium is-resized\"><img data-recalc-dims=\"1\" decoding=\"async\" width=\"300\" height=\"251\" src=\"https:\/\/i0.wp.com\/mama-kann-das.com\/wp-content\/uploads\/2023\/12\/Design-ohne-Titel.png?resize=300%2C251&#038;ssl=1\" alt=\"Wie viele T\u00fcrchen des Adventskalenders darf ich heute \u00f6ffnen?\" class=\"wp-image-1627\" style=\"aspect-ratio:1.1952191235059761;width:619px\" srcset=\"https:\/\/i0.wp.com\/mama-kann-das.com\/wp-content\/uploads\/2023\/12\/Design-ohne-Titel.png?resize=300%2C251&amp;ssl=1 300w, https:\/\/i0.wp.com\/mama-kann-das.com\/wp-content\/uploads\/2023\/12\/Design-ohne-Titel.png?resize=768%2C644&amp;ssl=1 768w, https:\/\/i0.wp.com\/mama-kann-das.com\/wp-content\/uploads\/2023\/12\/Design-ohne-Titel.png?resize=600%2C503&amp;ssl=1 600w, https:\/\/i0.wp.com\/mama-kann-das.com\/wp-content\/uploads\/2023\/12\/Design-ohne-Titel.png?w=940&amp;ssl=1 940w\" sizes=\"(max-width: 300px) 100vw, 300px\" \/><figcaption class=\"wp-element-caption\">Bei uns sind seit dem 2. Dezember bereits alle T\u00fcrchen offen. Leiden wird darunter niemand.<\/figcaption><\/figure>\n<\/div>\n\n\n<p><\/p>\n\n\n\n<h2 class=\"wp-block-heading\">Wertebewusstsein f\u00fcr mehr Leichtigkeit<\/h2>\n\n\n\n<p>Ich m\u00f6chte dir an diesem Beispiel aufzeigen, wie wichtig es ist, sich seiner eigenen Werte bewusst zu sein. Es gibt keine falschen oder richtigen Werte. Es muss sich f\u00fcr dich stimmig anf\u00fchlen. Vielleicht h\u00e4ttest du jetzt eher die Tradition \u00fcber die Partizipation gestellt? Auch gut. Wichtig ist, dass du hinter dem Wert stehen kannst und dies deinem Kind auch so kommunizierst. <\/p>\n\n\n\n<p>Mit einem klaren Wertebewusstsein f\u00e4llt es uns einfacher, mit schwierigen Situationen umzugehen und starke Gef\u00fchle auszuhalten.<\/p>\n\n\n\n<p>Falls du noch mehr zum Thema &#8222;Wertebewusstsein&#8220; erfahren m\u00f6chtest, dann empfehle ich dir <a href=\"https:\/\/mama-kann-das.com\/index.php\/2023\/10\/30\/werte-im-familienalltag\/\">diesen Artikel.<\/a> Die \u00dcbung darin ist Teil meines Elternkurses. Der n\u00e4chste findet am 2. &amp; 16.03.24 in Rotkreuz ZG statt und ich w\u00fcrde mich freuen, dich dabei zu haben. Deinen Platz kannst du dir ganz einfach im <a href=\"https:\/\/mama-kann-das.com\/index.php\/produkt\/elternkurs-starke-eltern-starke-kinder-maerz-24\/\">Shop<\/a> reservieren.<\/p>\n\n\n\n<p>Wie h\u00e4ttest du in der Adventskalender-Situation reagiert? Hattet ihr das Thema auch zu Hause? <\/p>\n\n\n\n<p>Ich freue mich auf deinen Kommentar.<\/p>\n\n\n\n<p>Deine<\/p>\n\n\n<p class=\"fonts-plugin-block \" style=\"font-family: Satisfy;font-size: 50px\">Corina<\/p>\n\n\n<p>Dir gef\u00e4llt dieser Artikel? Magst du mich mit einem&nbsp;<a href=\"https:\/\/paypal.me\/mamakanndas?country.x=CH&amp;locale.x=de_DE\" target=\"_blank\" rel=\"noreferrer noopener\">virtuellen Kaffee<\/a>&nbsp;unterst\u00fctzen, damit ich noch mehr solcher Blogposts schreiben kann? Ich w\u00fcrde mich sehr freuen.<\/p>\n","protected":false},"excerpt":{"rendered":"<p>Der 1. Dezember ist da. Somit ist die Adventskalender-Saison er\u00f6ffnet. Das Kind freut sich nat\u00fcrlich. Schliesslich gibt es den heiss ersehnten Lego Star Wars Adventskalender. Das erste T\u00fcrchen ist schnell ge\u00f6ffnet, das Lego-M\u00e4nnchen zusammengebaut. Das alles noch vor dem Kindergarten&#8230;.<\/p>\n","protected":false},"author":1,"featured_media":1627,"comment_status":"open","ping_status":"open","sticky":false,"template":"","format":"standard","meta":{"jetpack_post_was_ever_published":false,"_jetpack_newsletter_access":"","_jetpack_dont_email_post_to_subs":false,"_jetpack_newsletter_tier_id":0,"_jetpack_memberships_contains_paywalled_content":false,"_jetpack_memberships_contains_paid_content":false,"footnotes":""},"categories":[20,27],"tags":[67,123,225,197],"class_list":["post-1624","post","type-post","status-publish","format-standard","has-post-thumbnail","hentry","category-erziehung","category-lieben","tag-advent","tag-adventskalender","tag-weihnachten","tag-werte"],"yoast_head":"<!-- This site is optimized with the Yoast SEO plugin v27.4 - https:\/\/yoast.com\/product\/yoast-seo-wordpress\/ -->\n<title>Adventskalender- wie viele T\u00fcrchen darf ich \u00f6ffnen? - mama-kann-das<\/title>\n<meta name=\"description\" content=\"Das erste T\u00fcrchen im Adventskalender ist offen. Das Kind will mehr. Genau jetzt ist dein Wertebewusstsein besonders wichtig.\" \/>\n<meta name=\"robots\" content=\"index, follow, max-snippet:-1, max-image-preview:large, max-video-preview:-1\" \/>\n<link rel=\"canonical\" href=\"https:\/\/mama-kann-das.com\/index.php\/2023\/12\/05\/adventskalender-tuerchen\/\" \/>\n<meta property=\"og:locale\" content=\"de_DE\" \/>\n<meta property=\"og:type\" content=\"article\" \/>\n<meta property=\"og:title\" content=\"Adventskalender- wie viele T\u00fcrchen darf ich \u00f6ffnen? - mama-kann-das\" \/>\n<meta property=\"og:description\" content=\"Das erste T\u00fcrchen im Adventskalender ist offen. Das Kind will mehr. Genau jetzt ist dein Wertebewusstsein besonders wichtig.\" \/>\n<meta property=\"og:url\" content=\"https:\/\/mama-kann-das.com\/index.php\/2023\/12\/05\/adventskalender-tuerchen\/\" \/>\n<meta property=\"og:site_name\" content=\"mama-kann-das\" \/>\n<meta property=\"article:author\" content=\"facebook.com\/corinakanndas\" \/>\n<meta property=\"article:published_time\" content=\"2023-12-05T10:02:38+00:00\" \/>\n<meta property=\"article:modified_time\" content=\"2023-12-05T10:02:49+00:00\" \/>\n<meta property=\"og:image\" content=\"https:\/\/mama-kann-das.com\/wp-content\/uploads\/2023\/12\/Design-ohne-Titel.png\" \/>\n\t<meta property=\"og:image:width\" content=\"940\" \/>\n\t<meta property=\"og:image:height\" content=\"788\" \/>\n\t<meta property=\"og:image:type\" content=\"image\/png\" \/>\n<meta name=\"author\" content=\"Corina\" \/>\n<meta name=\"twitter:card\" content=\"summary_large_image\" \/>\n<meta name=\"twitter:label1\" content=\"Verfasst von\" \/>\n\t<meta name=\"twitter:data1\" content=\"Corina\" \/>\n\t<meta name=\"twitter:label2\" content=\"Gesch\u00e4tzte Lesezeit\" \/>\n\t<meta name=\"twitter:data2\" content=\"5\u00a0Minuten\" \/>\n<script type=\"application\/ld+json\" class=\"yoast-schema-graph\">{\"@context\":\"https:\\\/\\\/schema.org\",\"@graph\":[{\"@type\":\"Article\",\"@id\":\"https:\\\/\\\/mama-kann-das.com\\\/index.php\\\/2023\\\/12\\\/05\\\/adventskalender-tuerchen\\\/#article\",\"isPartOf\":{\"@id\":\"https:\\\/\\\/mama-kann-das.com\\\/index.php\\\/2023\\\/12\\\/05\\\/adventskalender-tuerchen\\\/\"},\"author\":{\"name\":\"Corina\",\"@id\":\"https:\\\/\\\/mama-kann-das.com\\\/#\\\/schema\\\/person\\\/83df833a52d90404e3f21603b1cf9e58\"},\"headline\":\"Adventskalender- wie viele T\u00fcrchen darf ich \u00f6ffnen?\",\"datePublished\":\"2023-12-05T10:02:38+00:00\",\"dateModified\":\"2023-12-05T10:02:49+00:00\",\"mainEntityOfPage\":{\"@id\":\"https:\\\/\\\/mama-kann-das.com\\\/index.php\\\/2023\\\/12\\\/05\\\/adventskalender-tuerchen\\\/\"},\"wordCount\":771,\"commentCount\":0,\"publisher\":{\"@id\":\"https:\\\/\\\/mama-kann-das.com\\\/#organization\"},\"image\":{\"@id\":\"https:\\\/\\\/mama-kann-das.com\\\/index.php\\\/2023\\\/12\\\/05\\\/adventskalender-tuerchen\\\/#primaryimage\"},\"thumbnailUrl\":\"https:\\\/\\\/i0.wp.com\\\/mama-kann-das.com\\\/wp-content\\\/uploads\\\/2023\\\/12\\\/Design-ohne-Titel.png?fit=940%2C788&ssl=1\",\"keywords\":[\"Advent\",\"Adventskalender\",\"Weihnachten\",\"Werte\"],\"articleSection\":[\"Erziehung\",\"Lieben\"],\"inLanguage\":\"de\",\"potentialAction\":[{\"@type\":\"CommentAction\",\"name\":\"Comment\",\"target\":[\"https:\\\/\\\/mama-kann-das.com\\\/index.php\\\/2023\\\/12\\\/05\\\/adventskalender-tuerchen\\\/#respond\"]}]},{\"@type\":\"WebPage\",\"@id\":\"https:\\\/\\\/mama-kann-das.com\\\/index.php\\\/2023\\\/12\\\/05\\\/adventskalender-tuerchen\\\/\",\"url\":\"https:\\\/\\\/mama-kann-das.com\\\/index.php\\\/2023\\\/12\\\/05\\\/adventskalender-tuerchen\\\/\",\"name\":\"Adventskalender- wie viele T\u00fcrchen darf ich \u00f6ffnen? - mama-kann-das\",\"isPartOf\":{\"@id\":\"https:\\\/\\\/mama-kann-das.com\\\/#website\"},\"primaryImageOfPage\":{\"@id\":\"https:\\\/\\\/mama-kann-das.com\\\/index.php\\\/2023\\\/12\\\/05\\\/adventskalender-tuerchen\\\/#primaryimage\"},\"image\":{\"@id\":\"https:\\\/\\\/mama-kann-das.com\\\/index.php\\\/2023\\\/12\\\/05\\\/adventskalender-tuerchen\\\/#primaryimage\"},\"thumbnailUrl\":\"https:\\\/\\\/i0.wp.com\\\/mama-kann-das.com\\\/wp-content\\\/uploads\\\/2023\\\/12\\\/Design-ohne-Titel.png?fit=940%2C788&ssl=1\",\"datePublished\":\"2023-12-05T10:02:38+00:00\",\"dateModified\":\"2023-12-05T10:02:49+00:00\",\"description\":\"Das erste T\u00fcrchen im Adventskalender ist offen. Das Kind will mehr. Genau jetzt ist dein Wertebewusstsein besonders wichtig.\",\"breadcrumb\":{\"@id\":\"https:\\\/\\\/mama-kann-das.com\\\/index.php\\\/2023\\\/12\\\/05\\\/adventskalender-tuerchen\\\/#breadcrumb\"},\"inLanguage\":\"de\",\"potentialAction\":[{\"@type\":\"ReadAction\",\"target\":[\"https:\\\/\\\/mama-kann-das.com\\\/index.php\\\/2023\\\/12\\\/05\\\/adventskalender-tuerchen\\\/\"]}]},{\"@type\":\"ImageObject\",\"inLanguage\":\"de\",\"@id\":\"https:\\\/\\\/mama-kann-das.com\\\/index.php\\\/2023\\\/12\\\/05\\\/adventskalender-tuerchen\\\/#primaryimage\",\"url\":\"https:\\\/\\\/i0.wp.com\\\/mama-kann-das.com\\\/wp-content\\\/uploads\\\/2023\\\/12\\\/Design-ohne-Titel.png?fit=940%2C788&ssl=1\",\"contentUrl\":\"https:\\\/\\\/i0.wp.com\\\/mama-kann-das.com\\\/wp-content\\\/uploads\\\/2023\\\/12\\\/Design-ohne-Titel.png?fit=940%2C788&ssl=1\",\"width\":940,\"height\":788,\"caption\":\"Wie viele T\u00fcrchen des Adventskalenders darf ich heute \u00f6ffnen?\"},{\"@type\":\"BreadcrumbList\",\"@id\":\"https:\\\/\\\/mama-kann-das.com\\\/index.php\\\/2023\\\/12\\\/05\\\/adventskalender-tuerchen\\\/#breadcrumb\",\"itemListElement\":[{\"@type\":\"ListItem\",\"position\":1,\"name\":\"Startseite\",\"item\":\"https:\\\/\\\/mama-kann-das.com\\\/\"},{\"@type\":\"ListItem\",\"position\":2,\"name\":\"Adventskalender- wie viele T\u00fcrchen darf ich \u00f6ffnen?\"}]},{\"@type\":\"WebSite\",\"@id\":\"https:\\\/\\\/mama-kann-das.com\\\/#website\",\"url\":\"https:\\\/\\\/mama-kann-das.com\\\/\",\"name\":\"mama-kann-das\",\"description\":\"gelassen durch den Familienalltag\",\"publisher\":{\"@id\":\"https:\\\/\\\/mama-kann-das.com\\\/#organization\"},\"potentialAction\":[{\"@type\":\"SearchAction\",\"target\":{\"@type\":\"EntryPoint\",\"urlTemplate\":\"https:\\\/\\\/mama-kann-das.com\\\/?s={search_term_string}\"},\"query-input\":{\"@type\":\"PropertyValueSpecification\",\"valueRequired\":true,\"valueName\":\"search_term_string\"}}],\"inLanguage\":\"de\"},{\"@type\":\"Organization\",\"@id\":\"https:\\\/\\\/mama-kann-das.com\\\/#organization\",\"name\":\"mama-kann-das\",\"url\":\"https:\\\/\\\/mama-kann-das.com\\\/\",\"logo\":{\"@type\":\"ImageObject\",\"inLanguage\":\"de\",\"@id\":\"https:\\\/\\\/mama-kann-das.com\\\/#\\\/schema\\\/logo\\\/image\\\/\",\"url\":\"https:\\\/\\\/i0.wp.com\\\/mama-kann-das.com\\\/wp-content\\\/uploads\\\/2026\\\/01\\\/cropped-Banner-neu-1.png?fit=1243%2C351&ssl=1\",\"contentUrl\":\"https:\\\/\\\/i0.wp.com\\\/mama-kann-das.com\\\/wp-content\\\/uploads\\\/2026\\\/01\\\/cropped-Banner-neu-1.png?fit=1243%2C351&ssl=1\",\"width\":1243,\"height\":351,\"caption\":\"mama-kann-das\"},\"image\":{\"@id\":\"https:\\\/\\\/mama-kann-das.com\\\/#\\\/schema\\\/logo\\\/image\\\/\"}},{\"@type\":\"Person\",\"@id\":\"https:\\\/\\\/mama-kann-das.com\\\/#\\\/schema\\\/person\\\/83df833a52d90404e3f21603b1cf9e58\",\"name\":\"Corina\",\"image\":{\"@type\":\"ImageObject\",\"inLanguage\":\"de\",\"@id\":\"https:\\\/\\\/secure.gravatar.com\\\/avatar\\\/791919cd4962f2a440718b8180fea719c288cc66c4bc5413544ada69564aa24f?s=96&d=mm&r=g\",\"url\":\"https:\\\/\\\/secure.gravatar.com\\\/avatar\\\/791919cd4962f2a440718b8180fea719c288cc66c4bc5413544ada69564aa24f?s=96&d=mm&r=g\",\"contentUrl\":\"https:\\\/\\\/secure.gravatar.com\\\/avatar\\\/791919cd4962f2a440718b8180fea719c288cc66c4bc5413544ada69564aa24f?s=96&d=mm&r=g\",\"caption\":\"Corina\"},\"sameAs\":[\"https:\\\/\\\/mama-kann-das.com\",\"facebook.com\\\/corinakanndas\",\"instagram.com\\\/mama.kann.das\"],\"url\":\"https:\\\/\\\/mama-kann-das.com\\\/index.php\\\/author\\\/c_zimmermann_l38n2d31\\\/\"}]}<\/script>\n<!-- \/ Yoast SEO plugin. -->","yoast_head_json":{"title":"Adventskalender- wie viele T\u00fcrchen darf ich \u00f6ffnen? - mama-kann-das","description":"Das erste T\u00fcrchen im Adventskalender ist offen. Das Kind will mehr. Genau jetzt ist dein Wertebewusstsein besonders wichtig.","robots":{"index":"index","follow":"follow","max-snippet":"max-snippet:-1","max-image-preview":"max-image-preview:large","max-video-preview":"max-video-preview:-1"},"canonical":"https:\/\/mama-kann-das.com\/index.php\/2023\/12\/05\/adventskalender-tuerchen\/","og_locale":"de_DE","og_type":"article","og_title":"Adventskalender- wie viele T\u00fcrchen darf ich \u00f6ffnen? - mama-kann-das","og_description":"Das erste T\u00fcrchen im Adventskalender ist offen. Das Kind will mehr. Genau jetzt ist dein Wertebewusstsein besonders wichtig.","og_url":"https:\/\/mama-kann-das.com\/index.php\/2023\/12\/05\/adventskalender-tuerchen\/","og_site_name":"mama-kann-das","article_author":"facebook.com\/corinakanndas","article_published_time":"2023-12-05T10:02:38+00:00","article_modified_time":"2023-12-05T10:02:49+00:00","og_image":[{"width":940,"height":788,"url":"https:\/\/mama-kann-das.com\/wp-content\/uploads\/2023\/12\/Design-ohne-Titel.png","type":"image\/png"}],"author":"Corina","twitter_card":"summary_large_image","twitter_misc":{"Verfasst von":"Corina","Gesch\u00e4tzte Lesezeit":"5\u00a0Minuten"},"schema":{"@context":"https:\/\/schema.org","@graph":[{"@type":"Article","@id":"https:\/\/mama-kann-das.com\/index.php\/2023\/12\/05\/adventskalender-tuerchen\/#article","isPartOf":{"@id":"https:\/\/mama-kann-das.com\/index.php\/2023\/12\/05\/adventskalender-tuerchen\/"},"author":{"name":"Corina","@id":"https:\/\/mama-kann-das.com\/#\/schema\/person\/83df833a52d90404e3f21603b1cf9e58"},"headline":"Adventskalender- wie viele T\u00fcrchen darf ich \u00f6ffnen?","datePublished":"2023-12-05T10:02:38+00:00","dateModified":"2023-12-05T10:02:49+00:00","mainEntityOfPage":{"@id":"https:\/\/mama-kann-das.com\/index.php\/2023\/12\/05\/adventskalender-tuerchen\/"},"wordCount":771,"commentCount":0,"publisher":{"@id":"https:\/\/mama-kann-das.com\/#organization"},"image":{"@id":"https:\/\/mama-kann-das.com\/index.php\/2023\/12\/05\/adventskalender-tuerchen\/#primaryimage"},"thumbnailUrl":"https:\/\/i0.wp.com\/mama-kann-das.com\/wp-content\/uploads\/2023\/12\/Design-ohne-Titel.png?fit=940%2C788&ssl=1","keywords":["Advent","Adventskalender","Weihnachten","Werte"],"articleSection":["Erziehung","Lieben"],"inLanguage":"de","potentialAction":[{"@type":"CommentAction","name":"Comment","target":["https:\/\/mama-kann-das.com\/index.php\/2023\/12\/05\/adventskalender-tuerchen\/#respond"]}]},{"@type":"WebPage","@id":"https:\/\/mama-kann-das.com\/index.php\/2023\/12\/05\/adventskalender-tuerchen\/","url":"https:\/\/mama-kann-das.com\/index.php\/2023\/12\/05\/adventskalender-tuerchen\/","name":"Adventskalender- wie viele T\u00fcrchen darf ich \u00f6ffnen? - mama-kann-das","isPartOf":{"@id":"https:\/\/mama-kann-das.com\/#website"},"primaryImageOfPage":{"@id":"https:\/\/mama-kann-das.com\/index.php\/2023\/12\/05\/adventskalender-tuerchen\/#primaryimage"},"image":{"@id":"https:\/\/mama-kann-das.com\/index.php\/2023\/12\/05\/adventskalender-tuerchen\/#primaryimage"},"thumbnailUrl":"https:\/\/i0.wp.com\/mama-kann-das.com\/wp-content\/uploads\/2023\/12\/Design-ohne-Titel.png?fit=940%2C788&ssl=1","datePublished":"2023-12-05T10:02:38+00:00","dateModified":"2023-12-05T10:02:49+00:00","description":"Das erste T\u00fcrchen im Adventskalender ist offen. Das Kind will mehr. Genau jetzt ist dein Wertebewusstsein besonders wichtig.","breadcrumb":{"@id":"https:\/\/mama-kann-das.com\/index.php\/2023\/12\/05\/adventskalender-tuerchen\/#breadcrumb"},"inLanguage":"de","potentialAction":[{"@type":"ReadAction","target":["https:\/\/mama-kann-das.com\/index.php\/2023\/12\/05\/adventskalender-tuerchen\/"]}]},{"@type":"ImageObject","inLanguage":"de","@id":"https:\/\/mama-kann-das.com\/index.php\/2023\/12\/05\/adventskalender-tuerchen\/#primaryimage","url":"https:\/\/i0.wp.com\/mama-kann-das.com\/wp-content\/uploads\/2023\/12\/Design-ohne-Titel.png?fit=940%2C788&ssl=1","contentUrl":"https:\/\/i0.wp.com\/mama-kann-das.com\/wp-content\/uploads\/2023\/12\/Design-ohne-Titel.png?fit=940%2C788&ssl=1","width":940,"height":788,"caption":"Wie viele T\u00fcrchen des Adventskalenders darf ich heute \u00f6ffnen?"},{"@type":"BreadcrumbList","@id":"https:\/\/mama-kann-das.com\/index.php\/2023\/12\/05\/adventskalender-tuerchen\/#breadcrumb","itemListElement":[{"@type":"ListItem","position":1,"name":"Startseite","item":"https:\/\/mama-kann-das.com\/"},{"@type":"ListItem","position":2,"name":"Adventskalender- wie viele T\u00fcrchen darf ich \u00f6ffnen?"}]},{"@type":"WebSite","@id":"https:\/\/mama-kann-das.com\/#website","url":"https:\/\/mama-kann-das.com\/","name":"mama-kann-das","description":"gelassen durch den Familienalltag","publisher":{"@id":"https:\/\/mama-kann-das.com\/#organization"},"potentialAction":[{"@type":"SearchAction","target":{"@type":"EntryPoint","urlTemplate":"https:\/\/mama-kann-das.com\/?s={search_term_string}"},"query-input":{"@type":"PropertyValueSpecification","valueRequired":true,"valueName":"search_term_string"}}],"inLanguage":"de"},{"@type":"Organization","@id":"https:\/\/mama-kann-das.com\/#organization","name":"mama-kann-das","url":"https:\/\/mama-kann-das.com\/","logo":{"@type":"ImageObject","inLanguage":"de","@id":"https:\/\/mama-kann-das.com\/#\/schema\/logo\/image\/","url":"https:\/\/i0.wp.com\/mama-kann-das.com\/wp-content\/uploads\/2026\/01\/cropped-Banner-neu-1.png?fit=1243%2C351&ssl=1","contentUrl":"https:\/\/i0.wp.com\/mama-kann-das.com\/wp-content\/uploads\/2026\/01\/cropped-Banner-neu-1.png?fit=1243%2C351&ssl=1","width":1243,"height":351,"caption":"mama-kann-das"},"image":{"@id":"https:\/\/mama-kann-das.com\/#\/schema\/logo\/image\/"}},{"@type":"Person","@id":"https:\/\/mama-kann-das.com\/#\/schema\/person\/83df833a52d90404e3f21603b1cf9e58","name":"Corina","image":{"@type":"ImageObject","inLanguage":"de","@id":"https:\/\/secure.gravatar.com\/avatar\/791919cd4962f2a440718b8180fea719c288cc66c4bc5413544ada69564aa24f?s=96&d=mm&r=g","url":"https:\/\/secure.gravatar.com\/avatar\/791919cd4962f2a440718b8180fea719c288cc66c4bc5413544ada69564aa24f?s=96&d=mm&r=g","contentUrl":"https:\/\/secure.gravatar.com\/avatar\/791919cd4962f2a440718b8180fea719c288cc66c4bc5413544ada69564aa24f?s=96&d=mm&r=g","caption":"Corina"},"sameAs":["https:\/\/mama-kann-das.com","facebook.com\/corinakanndas","instagram.com\/mama.kann.das"],"url":"https:\/\/mama-kann-das.com\/index.php\/author\/c_zimmermann_l38n2d31\/"}]}},"jetpack_featured_media_url":"https:\/\/i0.wp.com\/mama-kann-das.com\/wp-content\/uploads\/2023\/12\/Design-ohne-Titel.png?fit=940%2C788&ssl=1","jetpack_sharing_enabled":true,"_links":{"self":[{"href":"https:\/\/mama-kann-das.com\/index.php\/wp-json\/wp\/v2\/posts\/1624","targetHints":{"allow":["GET"]}}],"collection":[{"href":"https:\/\/mama-kann-das.com\/index.php\/wp-json\/wp\/v2\/posts"}],"about":[{"href":"https:\/\/mama-kann-das.com\/index.php\/wp-json\/wp\/v2\/types\/post"}],"author":[{"embeddable":true,"href":"https:\/\/mama-kann-das.com\/index.php\/wp-json\/wp\/v2\/users\/1"}],"replies":[{"embeddable":true,"href":"https:\/\/mama-kann-das.com\/index.php\/wp-json\/wp\/v2\/comments?post=1624"}],"version-history":[{"count":5,"href":"https:\/\/mama-kann-das.com\/index.php\/wp-json\/wp\/v2\/posts\/1624\/revisions"}],"predecessor-version":[{"id":1631,"href":"https:\/\/mama-kann-das.com\/index.php\/wp-json\/wp\/v2\/posts\/1624\/revisions\/1631"}],"wp:featuredmedia":[{"embeddable":true,"href":"https:\/\/mama-kann-das.com\/index.php\/wp-json\/wp\/v2\/media\/1627"}],"wp:attachment":[{"href":"https:\/\/mama-kann-das.com\/index.php\/wp-json\/wp\/v2\/media?parent=1624"}],"wp:term":[{"taxonomy":"category","embeddable":true,"href":"https:\/\/mama-kann-das.com\/index.php\/wp-json\/wp\/v2\/categories?post=1624"},{"taxonomy":"post_tag","embeddable":true,"href":"https:\/\/mama-kann-das.com\/index.php\/wp-json\/wp\/v2\/tags?post=1624"}],"curies":[{"name":"wp","href":"https:\/\/api.w.org\/{rel}","templated":true}]}}