{"id":1522,"date":"2023-09-26T07:25:31","date_gmt":"2023-09-26T07:25:31","guid":{"rendered":"https:\/\/mama-kann-das.com\/?p=1522"},"modified":"2023-09-26T07:25:39","modified_gmt":"2023-09-26T07:25:39","slug":"verbindung-im-alltag","status":"publish","type":"post","link":"https:\/\/mama-kann-das.com\/index.php\/2023\/09\/26\/verbindung-im-alltag\/","title":{"rendered":"Verbindung im Alltag &#8211; Tipps f\u00fcr mehr Leichtigkeit"},"content":{"rendered":"\n<p>Seit dem Kindergartenstart hat die Woche <strong>einiges an Struktur<\/strong> angenommen. T\u00e4glich klingelt der Wecker um die gleiche Zeit, montags bis freitags. Der Alltag hat uns fest im Griff, die Wochenenden nutzen wir, um all das zu tun, was unter der Woche zu kurz kam. Und obwohl wir an diesen beiden Tagen <strong>haufenweise sch\u00f6ne Sachen<\/strong> machen, Kind und ich, f\u00fchle ich manchmal eine kleine Leere. So, als w\u00e4re unsere <strong>Verbindung irgendwie nicht mehr so stark<\/strong> wie vorher. <\/p>\n\n\n\n<p>Das merke ich auch am Verhalten des Kindes. <strong>Klammern, R\u00fcckkehr ins Familienbett <\/strong>und <strong>keine Bereitschaft f\u00fcr Kompromisse<\/strong>, um nur einige Sachen zu nennen. Logisch, dass ich da etwas \u00e4ndern m\u00f6chte, oder?<\/p>\n\n\n\n<h2 class=\"wp-block-heading\">Verbindung durch Entschleunigung<\/h2>\n\n\n\n<p>Kind konnte sein <strong>Bed\u00fcrfnis nach Ruhe<\/strong> schon sehr fr\u00fch sehr klar ausdr\u00fccken, mehr dazu habe ich in <a href=\"https:\/\/mama-kann-das.com\/index.php\/2022\/06\/20\/beduerfnisorientiert\/\" target=\"_blank\" rel=\"noreferrer noopener\">diesem Artikel <\/a>geschrieben. <\/p>\n\n\n\n<p>Dadurch, dass unsere freien Tage nun auf Samstag und Sonntag beschr\u00e4nkt waren, wollte ich immer m\u00f6glichst viel hineinpacken, Erinnerungen schaffen, Freunde treffen, dem Kind etwas bieten. Dass das eher <strong>kontraproduktiv f\u00fcr unsere Verbindung <\/strong>war, ist mir erst sp\u00e4t aufgefallen. Mein Kind hat nach einer anstrengenden Woche <strong>kein Bed\u00fcrfnis nach grossen Ausfl\u00fcgen<\/strong> oder Unternehmungen. Am liebsten ist er zu Hause, kuschelt auf dem Sofa oder spielt mit seiner Lego-Sammlung. Dabei sch\u00e4tzt er meine oder die <strong>Gesellschaft seines besten Freundes<\/strong>. Mehr aber auch nicht. <\/p>\n\n\n\n<p>Das zu akzeptieren f\u00e4llt mir nicht einfach. Ich merke aber, dass auch mir dieses Hinunterfahren eigentlich gut tut. Dass ich nach einem ruhigen und gem\u00fctlichen Wochenende viel entspannter in die neue Woche starte. Mein <strong>Liebes- und Verbindungstank ist voll <\/strong>und ich kann mich besser auf meine Projekte konzentrieren, wenn der Montags-Abschied vom Kind leicht f\u00e4llt.<\/p>\n\n\n\n<p>Also, Punkt 1 auf meinem Weg zu mehr Verbindung (und vielleicht auch auf deinem):<strong> zur Ruhe kommen<\/strong>. Mit Kind <strong>zu Hause bleiben, basteln, backen, kuscheln, lesen, fernsehehn, im Wald frische Luft tanken<\/strong>. Einfach alles, was zu zweit gerade Spass macht. Die Chilbi findet auch statt, wenn wir nicht dabei sind und ins Museum k\u00f6nnen wir auch n\u00e4chsten Monat noch. Dann, wenn wir beide wieder Energie dazu haben.<\/p>\n\n\n\n<h2 class=\"wp-block-heading\">Rituale f\u00fcr mehr Leichtigkeit<\/h2>\n\n\n\n<p><strong>Rituale im Alltag<\/strong> geben Kindern <strong>Sicherheit <\/strong>und unterst\u00fctzen sie, sich zurecht zu finden. Sie helfen aber auch auf dem Weg zu <strong>mehr Verbindung<\/strong> und Leichtigkeit. <\/p>\n\n\n<div class=\"wp-block-image\">\n<figure class=\"aligncenter size-large is-resized\"><img data-recalc-dims=\"1\" fetchpriority=\"high\" decoding=\"async\" src=\"https:\/\/i0.wp.com\/mama-kann-das.com\/wp-content\/uploads\/2023\/09\/20230926_073359.jpg?resize=512%2C384&#038;ssl=1\" alt=\"Rituale schaffen Verbindung. Deshalb haben wir diese Wunschtafel eingef\u00fchrt.\" class=\"wp-image-1524\" width=\"512\" height=\"384\" srcset=\"https:\/\/i0.wp.com\/mama-kann-das.com\/wp-content\/uploads\/2023\/09\/20230926_073359-scaled.jpg?resize=1024%2C768&amp;ssl=1 1024w, https:\/\/i0.wp.com\/mama-kann-das.com\/wp-content\/uploads\/2023\/09\/20230926_073359-scaled.jpg?resize=600%2C450&amp;ssl=1 600w, https:\/\/i0.wp.com\/mama-kann-das.com\/wp-content\/uploads\/2023\/09\/20230926_073359-scaled.jpg?resize=300%2C225&amp;ssl=1 300w, https:\/\/i0.wp.com\/mama-kann-das.com\/wp-content\/uploads\/2023\/09\/20230926_073359-scaled.jpg?resize=768%2C576&amp;ssl=1 768w, https:\/\/i0.wp.com\/mama-kann-das.com\/wp-content\/uploads\/2023\/09\/20230926_073359-scaled.jpg?resize=1536%2C1152&amp;ssl=1 1536w, https:\/\/i0.wp.com\/mama-kann-das.com\/wp-content\/uploads\/2023\/09\/20230926_073359-scaled.jpg?resize=2048%2C1536&amp;ssl=1 2048w, https:\/\/i0.wp.com\/mama-kann-das.com\/wp-content\/uploads\/2023\/09\/20230926_073359-scaled.jpg?resize=1320%2C990&amp;ssl=1 1320w, https:\/\/i0.wp.com\/mama-kann-das.com\/wp-content\/uploads\/2023\/09\/20230926_073359-scaled.jpg?w=1920&amp;ssl=1 1920w\" sizes=\"(max-width: 512px) 100vw, 512px\" \/><\/figure>\n<\/div>\n\n\n<p><\/p>\n\n\n\n<p>Deshalb haben wir die <strong>Wunsch-Tafel <\/strong>eingef\u00fchrt. <strong>Jeden Abend<\/strong>, bevor wir ins Bett gehen, setzen wir uns in die K\u00fcche und <strong>schreiben einen Wunsch<\/strong> aufs Blatt. Jeder darf w\u00fcnschen, was er m\u00f6chte, egal, ob es <strong>erf\u00fcllbar oder v\u00f6llig unm\u00f6glich<\/strong> ist. Dieser Moment schafft <strong>Platz f\u00fcr Austausch<\/strong>, vielleicht wird im Wunsch ein Moment des Tages verarbeitet? Vielleicht m\u00f6chte Kind sich noch \u00fcber etwas unterhalten, was im heute <strong>M\u00fche gemacht<\/strong> hat und er sich in <strong>Zukunft anders w\u00fcnscht<\/strong>?<\/p>\n\n\n\n<p>Seit wir dieses <strong>Wunsch-Ritual<\/strong> eingef\u00fchrt haben, gestaltet sich das <strong>Zubettgehen<\/strong> auch <strong>viel entspannter<\/strong>. Kind weiss, dass, wenn wir in der K\u00fcche fertig sind, die <strong>n\u00e4chste Station Badezimmer<\/strong> heisst. Dieser Friede am Abend gibt mir <strong>Kraft f\u00fcr die Einschlafbegleitung<\/strong>, es macht mich ruhiger. Und ich f\u00fchle mich <strong>meinem Kind nahe, verbunden. <\/strong><\/p>\n\n\n\n<p><strong>W\u00fcnsche helfen<\/strong> \u00fcbrigens auch beim <strong>Formulieren von Zielen<\/strong>. Sie <strong>regen zum Nachdenken an<\/strong> und helfen uns, zu fokussieren. <\/p>\n\n\n\n<h2 class=\"wp-block-heading\">Verbundenheit durch die richtige Literatur<\/h2>\n\n\n\n<p>Dank <strong>Entschleunigung<\/strong> haben wir nun mehr Zeit einfach nur rumzuliegen, <strong>Geschichten zu h\u00f6ren<\/strong> oder <strong>B\u00fccher zu lesen<\/strong>. Das allein schafft schon <strong>ganz viel Verbindung<\/strong>. Mit der richtigen Literatur k\u00f6nnen wir vielleicht sogar noch etwas dabei lernen. Wie w\u00e4re es z.B. mit dem Kind zusammen einer Maus zu lauschen, die uns erkl\u00e4rt, warum wir <strong>nicht mit Fremden mitgehen<\/strong> d\u00fcrfen? Oder ein Kater, der mit uns \u00fcber <strong>unsere Gef\u00fchle<\/strong> spricht? Das gibt es alles bei <strong>Mira und das fliegende Haus<\/strong>. Da gibt es n\u00e4mlich die wirklich wichtigen Themen, wie z.B. <strong>Umgang mit Gef\u00fchlen, Achtsamkeit, Verbundenheit<\/strong> und <strong>Selbstliebe<\/strong>. Kindgerecht und gleichzeitig so, dass auch die Erwachsenen eingeladen werden, zu lernen und hinzuh\u00f6ren.<\/p>\n\n\n<div class=\"wp-block-image\">\n<figure class=\"aligncenter size-large is-resized\"><img data-recalc-dims=\"1\" decoding=\"async\" src=\"https:\/\/i0.wp.com\/mama-kann-das.com\/wp-content\/uploads\/2023\/09\/20230926_090126.jpg?resize=512%2C384&#038;ssl=1\" alt=\"Bei Mira und das fliegende Haus passiert ganz viel Verbindung &amp; Leichtigkeit f\u00fcr den Alltag.\" class=\"wp-image-1525\" width=\"512\" height=\"384\" srcset=\"https:\/\/i0.wp.com\/mama-kann-das.com\/wp-content\/uploads\/2023\/09\/20230926_090126-scaled.jpg?resize=1024%2C768&amp;ssl=1 1024w, https:\/\/i0.wp.com\/mama-kann-das.com\/wp-content\/uploads\/2023\/09\/20230926_090126-scaled.jpg?resize=600%2C450&amp;ssl=1 600w, https:\/\/i0.wp.com\/mama-kann-das.com\/wp-content\/uploads\/2023\/09\/20230926_090126-scaled.jpg?resize=300%2C225&amp;ssl=1 300w, https:\/\/i0.wp.com\/mama-kann-das.com\/wp-content\/uploads\/2023\/09\/20230926_090126-scaled.jpg?resize=768%2C576&amp;ssl=1 768w, https:\/\/i0.wp.com\/mama-kann-das.com\/wp-content\/uploads\/2023\/09\/20230926_090126-scaled.jpg?resize=1536%2C1152&amp;ssl=1 1536w, https:\/\/i0.wp.com\/mama-kann-das.com\/wp-content\/uploads\/2023\/09\/20230926_090126-scaled.jpg?resize=2048%2C1536&amp;ssl=1 2048w, https:\/\/i0.wp.com\/mama-kann-das.com\/wp-content\/uploads\/2023\/09\/20230926_090126-scaled.jpg?resize=1320%2C990&amp;ssl=1 1320w, https:\/\/i0.wp.com\/mama-kann-das.com\/wp-content\/uploads\/2023\/09\/20230926_090126-scaled.jpg?w=1920&amp;ssl=1 1920w\" sizes=\"(max-width: 512px) 100vw, 512px\" \/><\/figure>\n<\/div>\n\n\n<p><\/p>\n\n\n\n<p>Wir sind seit l\u00e4ngerem grosse Mira-Fans und freuen uns jede Woche auf<strong> ihre Geschichten<\/strong>. Du findest sie auf Spotify oder youtube. Nebst der Mira-Show gibt es auch <strong>wundersch\u00f6ne B\u00fccher<\/strong> aus dem fliegenden Haus. Da w\u00e4re z.B. das Mira-Kochbuch, <strong>&#8222;Moa und der Wunschbaum&#8220;<\/strong> oder meine pers\u00f6nliche Lieblingsgeschichte <strong>&#8222;das Land der Gef\u00fchle&#8220;<\/strong>. Im<a href=\"https:\/\/www.awin1.com\/cread.php?awinmid=60567&amp;awinaffid=1446552&amp;ued=https%3A%2F%2Fmira-welt.de%2Fcollections%2Fmira\" target=\"_blank\" rel=\"noreferrer noopener\"><strong> Mira-Shop<\/strong><\/a> findest du alle Geschichten, Spiele, Karten, etc. Schau doch einmal vorbei <em>(Affiliate-Link, falls du \u00fcber diesen Link etwas bestellst, erhalte ich eine kleine Kommission. F\u00fcr dich gibt es aber keine Mehrkosten.)<\/em><\/p>\n\n\n\n<p>F\u00fchlst du dich manchmal auch von deinem Kind abgekapselt, im Eifer des Alltags? Was hilft euch wieder zu mehr Verbindung zu finden? Ich bin gespannt auf deinen Kommentar.<\/p>\n\n\n\n<p>Deine<\/p>\n\n\n<p class=\"fonts-plugin-block \" style=\"font-family: Satisfy;font-size: 50px\">Corina<\/p>\n\n\n<p>Dir gef\u00e4llt dieser Artikel? Magst du mich mit einem&nbsp;<a href=\"https:\/\/paypal.me\/mamakanndas?country.x=CH&amp;locale.x=de_DE\" target=\"_blank\" rel=\"noreferrer noopener\">virtuellen Kaffee<\/a>&nbsp;unterst\u00fctzen, damit ich noch mehr solcher Blogposts schreiben kann? Ich w\u00fcrde mich sehr freuen.<\/p>\n","protected":false},"excerpt":{"rendered":"<p>Seit dem Kindergartenstart hat die Woche einiges an Struktur angenommen. T\u00e4glich klingelt der Wecker um die gleiche Zeit, montags bis freitags. Der Alltag hat uns fest im Griff, die Wochenenden nutzen wir, um all das zu tun, was unter der&#8230;<\/p>\n","protected":false},"author":1,"featured_media":1498,"comment_status":"open","ping_status":"open","sticky":false,"template":"","format":"standard","meta":{"jetpack_post_was_ever_published":false,"_jetpack_newsletter_access":"","_jetpack_dont_email_post_to_subs":false,"_jetpack_newsletter_tier_id":0,"_jetpack_memberships_contains_paywalled_content":false,"_jetpack_memberships_contains_paid_content":false,"footnotes":""},"categories":[9,20,27,16],"tags":[15,193,31,195,194],"class_list":["post-1522","post","type-post","status-publish","format-standard","has-post-thumbnail","hentry","category-baby-kleinkind","category-erziehung","category-lieben","category-mama-papa","tag-familie","tag-gelassenheit","tag-kind","tag-leichtigkeit","tag-verbindung"],"yoast_head":"<!-- This site is optimized with the Yoast SEO plugin v27.4 - https:\/\/yoast.com\/product\/yoast-seo-wordpress\/ -->\n<title>Verbindung im Alltag - Tipps f\u00fcr mehr Leichtigkeit - mama-kann-das<\/title>\n<meta name=\"description\" content=\"Hast manchmal auch das Gef\u00fchl die Verbindung zu deinem Kind ist gerade irgendwie gest\u00f6rt, abgerissen? Wie kann man diese wiederherstellen? Mit diesen Tipps.\" \/>\n<meta name=\"robots\" content=\"index, follow, max-snippet:-1, max-image-preview:large, max-video-preview:-1\" \/>\n<link rel=\"canonical\" href=\"https:\/\/mama-kann-das.com\/index.php\/2023\/09\/26\/verbindung-im-alltag\/\" \/>\n<meta property=\"og:locale\" content=\"de_DE\" \/>\n<meta property=\"og:type\" content=\"article\" \/>\n<meta property=\"og:title\" content=\"Verbindung im Alltag - Tipps f\u00fcr mehr Leichtigkeit - mama-kann-das\" \/>\n<meta property=\"og:description\" content=\"Hast manchmal auch das Gef\u00fchl die Verbindung zu deinem Kind ist gerade irgendwie gest\u00f6rt, abgerissen? Wie kann man diese wiederherstellen? Mit diesen Tipps.\" \/>\n<meta property=\"og:url\" content=\"https:\/\/mama-kann-das.com\/index.php\/2023\/09\/26\/verbindung-im-alltag\/\" \/>\n<meta property=\"og:site_name\" content=\"mama-kann-das\" \/>\n<meta property=\"article:author\" content=\"facebook.com\/corinakanndas\" \/>\n<meta property=\"article:published_time\" content=\"2023-09-26T07:25:31+00:00\" \/>\n<meta property=\"article:modified_time\" content=\"2023-09-26T07:25:39+00:00\" \/>\n<meta property=\"og:image\" content=\"https:\/\/mama-kann-das.com\/wp-content\/uploads\/2023\/07\/20230723_111252-scaled.jpg\" \/>\n\t<meta property=\"og:image:width\" content=\"2560\" \/>\n\t<meta property=\"og:image:height\" content=\"1920\" \/>\n\t<meta property=\"og:image:type\" content=\"image\/jpeg\" \/>\n<meta name=\"author\" content=\"Corina\" \/>\n<meta name=\"twitter:card\" content=\"summary_large_image\" \/>\n<meta name=\"twitter:label1\" content=\"Verfasst von\" \/>\n\t<meta name=\"twitter:data1\" content=\"Corina\" \/>\n\t<meta name=\"twitter:label2\" content=\"Gesch\u00e4tzte Lesezeit\" \/>\n\t<meta name=\"twitter:data2\" content=\"5\u00a0Minuten\" \/>\n<script type=\"application\/ld+json\" class=\"yoast-schema-graph\">{\"@context\":\"https:\\\/\\\/schema.org\",\"@graph\":[{\"@type\":\"Article\",\"@id\":\"https:\\\/\\\/mama-kann-das.com\\\/index.php\\\/2023\\\/09\\\/26\\\/verbindung-im-alltag\\\/#article\",\"isPartOf\":{\"@id\":\"https:\\\/\\\/mama-kann-das.com\\\/index.php\\\/2023\\\/09\\\/26\\\/verbindung-im-alltag\\\/\"},\"author\":{\"name\":\"Corina\",\"@id\":\"https:\\\/\\\/mama-kann-das.com\\\/#\\\/schema\\\/person\\\/83df833a52d90404e3f21603b1cf9e58\"},\"headline\":\"Verbindung im Alltag &#8211; Tipps f\u00fcr mehr Leichtigkeit\",\"datePublished\":\"2023-09-26T07:25:31+00:00\",\"dateModified\":\"2023-09-26T07:25:39+00:00\",\"mainEntityOfPage\":{\"@id\":\"https:\\\/\\\/mama-kann-das.com\\\/index.php\\\/2023\\\/09\\\/26\\\/verbindung-im-alltag\\\/\"},\"wordCount\":832,\"commentCount\":1,\"publisher\":{\"@id\":\"https:\\\/\\\/mama-kann-das.com\\\/#organization\"},\"image\":{\"@id\":\"https:\\\/\\\/mama-kann-das.com\\\/index.php\\\/2023\\\/09\\\/26\\\/verbindung-im-alltag\\\/#primaryimage\"},\"thumbnailUrl\":\"https:\\\/\\\/i0.wp.com\\\/mama-kann-das.com\\\/wp-content\\\/uploads\\\/2023\\\/07\\\/20230723_111252-scaled.jpg?fit=2560%2C1920&ssl=1\",\"keywords\":[\"Familie\",\"Gelassenheit\",\"Kind\",\"Leichtigkeit\",\"Verbindung\"],\"articleSection\":[\"Baby &amp; Kleinkind\",\"Erziehung\",\"Lieben\",\"Mama &amp; Papa\"],\"inLanguage\":\"de\",\"potentialAction\":[{\"@type\":\"CommentAction\",\"name\":\"Comment\",\"target\":[\"https:\\\/\\\/mama-kann-das.com\\\/index.php\\\/2023\\\/09\\\/26\\\/verbindung-im-alltag\\\/#respond\"]}]},{\"@type\":\"WebPage\",\"@id\":\"https:\\\/\\\/mama-kann-das.com\\\/index.php\\\/2023\\\/09\\\/26\\\/verbindung-im-alltag\\\/\",\"url\":\"https:\\\/\\\/mama-kann-das.com\\\/index.php\\\/2023\\\/09\\\/26\\\/verbindung-im-alltag\\\/\",\"name\":\"Verbindung im Alltag - Tipps f\u00fcr mehr Leichtigkeit - mama-kann-das\",\"isPartOf\":{\"@id\":\"https:\\\/\\\/mama-kann-das.com\\\/#website\"},\"primaryImageOfPage\":{\"@id\":\"https:\\\/\\\/mama-kann-das.com\\\/index.php\\\/2023\\\/09\\\/26\\\/verbindung-im-alltag\\\/#primaryimage\"},\"image\":{\"@id\":\"https:\\\/\\\/mama-kann-das.com\\\/index.php\\\/2023\\\/09\\\/26\\\/verbindung-im-alltag\\\/#primaryimage\"},\"thumbnailUrl\":\"https:\\\/\\\/i0.wp.com\\\/mama-kann-das.com\\\/wp-content\\\/uploads\\\/2023\\\/07\\\/20230723_111252-scaled.jpg?fit=2560%2C1920&ssl=1\",\"datePublished\":\"2023-09-26T07:25:31+00:00\",\"dateModified\":\"2023-09-26T07:25:39+00:00\",\"description\":\"Hast manchmal auch das Gef\u00fchl die Verbindung zu deinem Kind ist gerade irgendwie gest\u00f6rt, abgerissen? Wie kann man diese wiederherstellen? Mit diesen Tipps.\",\"breadcrumb\":{\"@id\":\"https:\\\/\\\/mama-kann-das.com\\\/index.php\\\/2023\\\/09\\\/26\\\/verbindung-im-alltag\\\/#breadcrumb\"},\"inLanguage\":\"de\",\"potentialAction\":[{\"@type\":\"ReadAction\",\"target\":[\"https:\\\/\\\/mama-kann-das.com\\\/index.php\\\/2023\\\/09\\\/26\\\/verbindung-im-alltag\\\/\"]}]},{\"@type\":\"ImageObject\",\"inLanguage\":\"de\",\"@id\":\"https:\\\/\\\/mama-kann-das.com\\\/index.php\\\/2023\\\/09\\\/26\\\/verbindung-im-alltag\\\/#primaryimage\",\"url\":\"https:\\\/\\\/i0.wp.com\\\/mama-kann-das.com\\\/wp-content\\\/uploads\\\/2023\\\/07\\\/20230723_111252-scaled.jpg?fit=2560%2C1920&ssl=1\",\"contentUrl\":\"https:\\\/\\\/i0.wp.com\\\/mama-kann-das.com\\\/wp-content\\\/uploads\\\/2023\\\/07\\\/20230723_111252-scaled.jpg?fit=2560%2C1920&ssl=1\",\"width\":2560,\"height\":1920,\"caption\":\"Entschleunigen, den Alltag leichter machen, Verbindung schaffen.\"},{\"@type\":\"BreadcrumbList\",\"@id\":\"https:\\\/\\\/mama-kann-das.com\\\/index.php\\\/2023\\\/09\\\/26\\\/verbindung-im-alltag\\\/#breadcrumb\",\"itemListElement\":[{\"@type\":\"ListItem\",\"position\":1,\"name\":\"Startseite\",\"item\":\"https:\\\/\\\/mama-kann-das.com\\\/\"},{\"@type\":\"ListItem\",\"position\":2,\"name\":\"Verbindung im Alltag &#8211; Tipps f\u00fcr mehr Leichtigkeit\"}]},{\"@type\":\"WebSite\",\"@id\":\"https:\\\/\\\/mama-kann-das.com\\\/#website\",\"url\":\"https:\\\/\\\/mama-kann-das.com\\\/\",\"name\":\"mama-kann-das\",\"description\":\"gelassen durch den Familienalltag\",\"publisher\":{\"@id\":\"https:\\\/\\\/mama-kann-das.com\\\/#organization\"},\"potentialAction\":[{\"@type\":\"SearchAction\",\"target\":{\"@type\":\"EntryPoint\",\"urlTemplate\":\"https:\\\/\\\/mama-kann-das.com\\\/?s={search_term_string}\"},\"query-input\":{\"@type\":\"PropertyValueSpecification\",\"valueRequired\":true,\"valueName\":\"search_term_string\"}}],\"inLanguage\":\"de\"},{\"@type\":\"Organization\",\"@id\":\"https:\\\/\\\/mama-kann-das.com\\\/#organization\",\"name\":\"mama-kann-das\",\"url\":\"https:\\\/\\\/mama-kann-das.com\\\/\",\"logo\":{\"@type\":\"ImageObject\",\"inLanguage\":\"de\",\"@id\":\"https:\\\/\\\/mama-kann-das.com\\\/#\\\/schema\\\/logo\\\/image\\\/\",\"url\":\"https:\\\/\\\/i0.wp.com\\\/mama-kann-das.com\\\/wp-content\\\/uploads\\\/2026\\\/01\\\/cropped-Banner-neu-1.png?fit=1243%2C351&ssl=1\",\"contentUrl\":\"https:\\\/\\\/i0.wp.com\\\/mama-kann-das.com\\\/wp-content\\\/uploads\\\/2026\\\/01\\\/cropped-Banner-neu-1.png?fit=1243%2C351&ssl=1\",\"width\":1243,\"height\":351,\"caption\":\"mama-kann-das\"},\"image\":{\"@id\":\"https:\\\/\\\/mama-kann-das.com\\\/#\\\/schema\\\/logo\\\/image\\\/\"}},{\"@type\":\"Person\",\"@id\":\"https:\\\/\\\/mama-kann-das.com\\\/#\\\/schema\\\/person\\\/83df833a52d90404e3f21603b1cf9e58\",\"name\":\"Corina\",\"image\":{\"@type\":\"ImageObject\",\"inLanguage\":\"de\",\"@id\":\"https:\\\/\\\/secure.gravatar.com\\\/avatar\\\/791919cd4962f2a440718b8180fea719c288cc66c4bc5413544ada69564aa24f?s=96&d=mm&r=g\",\"url\":\"https:\\\/\\\/secure.gravatar.com\\\/avatar\\\/791919cd4962f2a440718b8180fea719c288cc66c4bc5413544ada69564aa24f?s=96&d=mm&r=g\",\"contentUrl\":\"https:\\\/\\\/secure.gravatar.com\\\/avatar\\\/791919cd4962f2a440718b8180fea719c288cc66c4bc5413544ada69564aa24f?s=96&d=mm&r=g\",\"caption\":\"Corina\"},\"sameAs\":[\"https:\\\/\\\/mama-kann-das.com\",\"facebook.com\\\/corinakanndas\",\"instagram.com\\\/mama.kann.das\"],\"url\":\"https:\\\/\\\/mama-kann-das.com\\\/index.php\\\/author\\\/c_zimmermann_l38n2d31\\\/\"}]}<\/script>\n<!-- \/ Yoast SEO plugin. -->","yoast_head_json":{"title":"Verbindung im Alltag - Tipps f\u00fcr mehr Leichtigkeit - mama-kann-das","description":"Hast manchmal auch das Gef\u00fchl die Verbindung zu deinem Kind ist gerade irgendwie gest\u00f6rt, abgerissen? Wie kann man diese wiederherstellen? Mit diesen Tipps.","robots":{"index":"index","follow":"follow","max-snippet":"max-snippet:-1","max-image-preview":"max-image-preview:large","max-video-preview":"max-video-preview:-1"},"canonical":"https:\/\/mama-kann-das.com\/index.php\/2023\/09\/26\/verbindung-im-alltag\/","og_locale":"de_DE","og_type":"article","og_title":"Verbindung im Alltag - Tipps f\u00fcr mehr Leichtigkeit - mama-kann-das","og_description":"Hast manchmal auch das Gef\u00fchl die Verbindung zu deinem Kind ist gerade irgendwie gest\u00f6rt, abgerissen? Wie kann man diese wiederherstellen? Mit diesen Tipps.","og_url":"https:\/\/mama-kann-das.com\/index.php\/2023\/09\/26\/verbindung-im-alltag\/","og_site_name":"mama-kann-das","article_author":"facebook.com\/corinakanndas","article_published_time":"2023-09-26T07:25:31+00:00","article_modified_time":"2023-09-26T07:25:39+00:00","og_image":[{"width":2560,"height":1920,"url":"https:\/\/mama-kann-das.com\/wp-content\/uploads\/2023\/07\/20230723_111252-scaled.jpg","type":"image\/jpeg"}],"author":"Corina","twitter_card":"summary_large_image","twitter_misc":{"Verfasst von":"Corina","Gesch\u00e4tzte Lesezeit":"5\u00a0Minuten"},"schema":{"@context":"https:\/\/schema.org","@graph":[{"@type":"Article","@id":"https:\/\/mama-kann-das.com\/index.php\/2023\/09\/26\/verbindung-im-alltag\/#article","isPartOf":{"@id":"https:\/\/mama-kann-das.com\/index.php\/2023\/09\/26\/verbindung-im-alltag\/"},"author":{"name":"Corina","@id":"https:\/\/mama-kann-das.com\/#\/schema\/person\/83df833a52d90404e3f21603b1cf9e58"},"headline":"Verbindung im Alltag &#8211; Tipps f\u00fcr mehr Leichtigkeit","datePublished":"2023-09-26T07:25:31+00:00","dateModified":"2023-09-26T07:25:39+00:00","mainEntityOfPage":{"@id":"https:\/\/mama-kann-das.com\/index.php\/2023\/09\/26\/verbindung-im-alltag\/"},"wordCount":832,"commentCount":1,"publisher":{"@id":"https:\/\/mama-kann-das.com\/#organization"},"image":{"@id":"https:\/\/mama-kann-das.com\/index.php\/2023\/09\/26\/verbindung-im-alltag\/#primaryimage"},"thumbnailUrl":"https:\/\/i0.wp.com\/mama-kann-das.com\/wp-content\/uploads\/2023\/07\/20230723_111252-scaled.jpg?fit=2560%2C1920&ssl=1","keywords":["Familie","Gelassenheit","Kind","Leichtigkeit","Verbindung"],"articleSection":["Baby &amp; Kleinkind","Erziehung","Lieben","Mama &amp; Papa"],"inLanguage":"de","potentialAction":[{"@type":"CommentAction","name":"Comment","target":["https:\/\/mama-kann-das.com\/index.php\/2023\/09\/26\/verbindung-im-alltag\/#respond"]}]},{"@type":"WebPage","@id":"https:\/\/mama-kann-das.com\/index.php\/2023\/09\/26\/verbindung-im-alltag\/","url":"https:\/\/mama-kann-das.com\/index.php\/2023\/09\/26\/verbindung-im-alltag\/","name":"Verbindung im Alltag - Tipps f\u00fcr mehr Leichtigkeit - mama-kann-das","isPartOf":{"@id":"https:\/\/mama-kann-das.com\/#website"},"primaryImageOfPage":{"@id":"https:\/\/mama-kann-das.com\/index.php\/2023\/09\/26\/verbindung-im-alltag\/#primaryimage"},"image":{"@id":"https:\/\/mama-kann-das.com\/index.php\/2023\/09\/26\/verbindung-im-alltag\/#primaryimage"},"thumbnailUrl":"https:\/\/i0.wp.com\/mama-kann-das.com\/wp-content\/uploads\/2023\/07\/20230723_111252-scaled.jpg?fit=2560%2C1920&ssl=1","datePublished":"2023-09-26T07:25:31+00:00","dateModified":"2023-09-26T07:25:39+00:00","description":"Hast manchmal auch das Gef\u00fchl die Verbindung zu deinem Kind ist gerade irgendwie gest\u00f6rt, abgerissen? Wie kann man diese wiederherstellen? Mit diesen Tipps.","breadcrumb":{"@id":"https:\/\/mama-kann-das.com\/index.php\/2023\/09\/26\/verbindung-im-alltag\/#breadcrumb"},"inLanguage":"de","potentialAction":[{"@type":"ReadAction","target":["https:\/\/mama-kann-das.com\/index.php\/2023\/09\/26\/verbindung-im-alltag\/"]}]},{"@type":"ImageObject","inLanguage":"de","@id":"https:\/\/mama-kann-das.com\/index.php\/2023\/09\/26\/verbindung-im-alltag\/#primaryimage","url":"https:\/\/i0.wp.com\/mama-kann-das.com\/wp-content\/uploads\/2023\/07\/20230723_111252-scaled.jpg?fit=2560%2C1920&ssl=1","contentUrl":"https:\/\/i0.wp.com\/mama-kann-das.com\/wp-content\/uploads\/2023\/07\/20230723_111252-scaled.jpg?fit=2560%2C1920&ssl=1","width":2560,"height":1920,"caption":"Entschleunigen, den Alltag leichter machen, Verbindung schaffen."},{"@type":"BreadcrumbList","@id":"https:\/\/mama-kann-das.com\/index.php\/2023\/09\/26\/verbindung-im-alltag\/#breadcrumb","itemListElement":[{"@type":"ListItem","position":1,"name":"Startseite","item":"https:\/\/mama-kann-das.com\/"},{"@type":"ListItem","position":2,"name":"Verbindung im Alltag &#8211; Tipps f\u00fcr mehr Leichtigkeit"}]},{"@type":"WebSite","@id":"https:\/\/mama-kann-das.com\/#website","url":"https:\/\/mama-kann-das.com\/","name":"mama-kann-das","description":"gelassen durch den Familienalltag","publisher":{"@id":"https:\/\/mama-kann-das.com\/#organization"},"potentialAction":[{"@type":"SearchAction","target":{"@type":"EntryPoint","urlTemplate":"https:\/\/mama-kann-das.com\/?s={search_term_string}"},"query-input":{"@type":"PropertyValueSpecification","valueRequired":true,"valueName":"search_term_string"}}],"inLanguage":"de"},{"@type":"Organization","@id":"https:\/\/mama-kann-das.com\/#organization","name":"mama-kann-das","url":"https:\/\/mama-kann-das.com\/","logo":{"@type":"ImageObject","inLanguage":"de","@id":"https:\/\/mama-kann-das.com\/#\/schema\/logo\/image\/","url":"https:\/\/i0.wp.com\/mama-kann-das.com\/wp-content\/uploads\/2026\/01\/cropped-Banner-neu-1.png?fit=1243%2C351&ssl=1","contentUrl":"https:\/\/i0.wp.com\/mama-kann-das.com\/wp-content\/uploads\/2026\/01\/cropped-Banner-neu-1.png?fit=1243%2C351&ssl=1","width":1243,"height":351,"caption":"mama-kann-das"},"image":{"@id":"https:\/\/mama-kann-das.com\/#\/schema\/logo\/image\/"}},{"@type":"Person","@id":"https:\/\/mama-kann-das.com\/#\/schema\/person\/83df833a52d90404e3f21603b1cf9e58","name":"Corina","image":{"@type":"ImageObject","inLanguage":"de","@id":"https:\/\/secure.gravatar.com\/avatar\/791919cd4962f2a440718b8180fea719c288cc66c4bc5413544ada69564aa24f?s=96&d=mm&r=g","url":"https:\/\/secure.gravatar.com\/avatar\/791919cd4962f2a440718b8180fea719c288cc66c4bc5413544ada69564aa24f?s=96&d=mm&r=g","contentUrl":"https:\/\/secure.gravatar.com\/avatar\/791919cd4962f2a440718b8180fea719c288cc66c4bc5413544ada69564aa24f?s=96&d=mm&r=g","caption":"Corina"},"sameAs":["https:\/\/mama-kann-das.com","facebook.com\/corinakanndas","instagram.com\/mama.kann.das"],"url":"https:\/\/mama-kann-das.com\/index.php\/author\/c_zimmermann_l38n2d31\/"}]}},"jetpack_featured_media_url":"https:\/\/i0.wp.com\/mama-kann-das.com\/wp-content\/uploads\/2023\/07\/20230723_111252-scaled.jpg?fit=2560%2C1920&ssl=1","jetpack_sharing_enabled":true,"_links":{"self":[{"href":"https:\/\/mama-kann-das.com\/index.php\/wp-json\/wp\/v2\/posts\/1522","targetHints":{"allow":["GET"]}}],"collection":[{"href":"https:\/\/mama-kann-das.com\/index.php\/wp-json\/wp\/v2\/posts"}],"about":[{"href":"https:\/\/mama-kann-das.com\/index.php\/wp-json\/wp\/v2\/types\/post"}],"author":[{"embeddable":true,"href":"https:\/\/mama-kann-das.com\/index.php\/wp-json\/wp\/v2\/users\/1"}],"replies":[{"embeddable":true,"href":"https:\/\/mama-kann-das.com\/index.php\/wp-json\/wp\/v2\/comments?post=1522"}],"version-history":[{"count":2,"href":"https:\/\/mama-kann-das.com\/index.php\/wp-json\/wp\/v2\/posts\/1522\/revisions"}],"predecessor-version":[{"id":1526,"href":"https:\/\/mama-kann-das.com\/index.php\/wp-json\/wp\/v2\/posts\/1522\/revisions\/1526"}],"wp:featuredmedia":[{"embeddable":true,"href":"https:\/\/mama-kann-das.com\/index.php\/wp-json\/wp\/v2\/media\/1498"}],"wp:attachment":[{"href":"https:\/\/mama-kann-das.com\/index.php\/wp-json\/wp\/v2\/media?parent=1522"}],"wp:term":[{"taxonomy":"category","embeddable":true,"href":"https:\/\/mama-kann-das.com\/index.php\/wp-json\/wp\/v2\/categories?post=1522"},{"taxonomy":"post_tag","embeddable":true,"href":"https:\/\/mama-kann-das.com\/index.php\/wp-json\/wp\/v2\/tags?post=1522"}],"curies":[{"name":"wp","href":"https:\/\/api.w.org\/{rel}","templated":true}]}}