{"id":1507,"date":"2023-09-18T07:53:54","date_gmt":"2023-09-18T07:53:54","guid":{"rendered":"https:\/\/mama-kann-das.com\/?p=1507"},"modified":"2023-09-18T07:54:02","modified_gmt":"2023-09-18T07:54:02","slug":"smartwatch-fuer-kinder","status":"publish","type":"post","link":"https:\/\/mama-kann-das.com\/index.php\/2023\/09\/18\/smartwatch-fuer-kinder\/","title":{"rendered":"Smartwatch f\u00fcr Kinder &#8211; lohnt sich der Kauf?"},"content":{"rendered":"\n<p>Mein Kind ist im ersten Kindergartenjahr und Besitzer einer Smartwatch. Warum ich mich f\u00fcr diese Anschaffung entschieden habe, dar\u00fcber berichtete ich <a href=\"https:\/\/mama-kann-das.com\/index.php\/2023\/07\/26\/smart-watch-fuer-kinder\/\" target=\"_blank\" rel=\"noreferrer noopener\">hier<\/a>.<\/p>\n\n\n\n<p>Heute m\u00f6chte ich gerne auf die ersten Wochen zur\u00fcckblicken und schauen, ob sich der Kauf f\u00fcr uns gelohnt hat.<\/p>\n\n\n\n<h2 class=\"wp-block-heading\">Welche Smartwatch soll es f\u00fcr das Kind denn sein?<\/h2>\n\n\n\n<p>Wer die Wahl hat, hat die Qual. Und wenn man sich nicht wirklich etwas aus Technik macht, sprich auch nicht wirklich &#8222;drus chund&#8220;, wird es nicht unbedingt einfacher.<\/p>\n\n\n\n<p>Auf die Empfehlung verschiedener Freunde und Bekannten und den Testberichten von Dr. Google habe ich mich f\u00fcr die TCL Movetime Family entschieden. Bei interdiscount gab es in den Sommerferien noch 20.- Rabatt, somit kostete mich das gute St\u00fcck 120.-. Das fand ich im ersten Moment schon viel Geld, gerade weil wir die Uhr ja nur einmal pro Woche nutzen wollten, aber gut, ich habe schon d\u00fcmmer Geld ausgegeben. \ud83d\ude09<\/p>\n\n\n<div class=\"wp-block-image\">\n<figure class=\"aligncenter size-full is-resized\"><img data-recalc-dims=\"1\" fetchpriority=\"high\" decoding=\"async\" src=\"https:\/\/i0.wp.com\/mama-kann-das.com\/wp-content\/uploads\/2023\/09\/Screenshot-2023-09-18-093851-1.png?resize=198%2C292&#038;ssl=1\" alt=\"Beim Kauf der Smartwatch haben wir uns f\u00fcr die TCL Movetime entschieden.\" class=\"wp-image-1511\" width=\"198\" height=\"292\" srcset=\"https:\/\/i0.wp.com\/mama-kann-das.com\/wp-content\/uploads\/2023\/09\/Screenshot-2023-09-18-093851-1.png?w=396&amp;ssl=1 396w, https:\/\/i0.wp.com\/mama-kann-das.com\/wp-content\/uploads\/2023\/09\/Screenshot-2023-09-18-093851-1.png?resize=204%2C300&amp;ssl=1 204w\" sizes=\"(max-width: 198px) 100vw, 198px\" \/><\/figure>\n<\/div>\n\n\n<p>Dann brauchte das neue St\u00fcck nat\u00fcrlich noch eine SIM-Karte. Ja, auch da hatte ich nat\u00fcrlich keine Ahnung. Und auch hier haben liebe Menschen weitergeholfen, danke an dieser Stelle. Am Ende habe ich mich f\u00fcr Coop Mobile Prepaid entschieden. Die Karte kostet 19.80.- inklusive Gespr\u00e4chsguthaben von 15 Franken. Diese k\u00f6nnen aber auch in Daten umgewandelt werden und nicht verfallen. Perfekt f\u00fcr uns &#8222;Wenig-Nutzer&#8220;. Bei t\u00e4glichem Einsatz w\u00fcrde sich ein anderes Datenpaket oder Anbieter bestimmt mehr lohnen, f\u00fcr uns schien mir diese Variante aber am besten.<\/p>\n\n\n\n<h2 class=\"wp-block-heading\">Smartwatch bereit f\u00fcr den Einsatz<\/h2>\n\n\n\n<p>Kind hat sich riesig \u00fcber das Geschenk gefreut. Anfangs zumindest. Bis ihm bewusst wurde, dass ich es mit dem &#8222;nur-f\u00fcr-Anrufe-in-Notf\u00e4llen-&amp;-nur-an-deinem-Tagesschultag&#8220; ernst meinte. Bis zum Kindergarten-Beginn musste die h\u00fcbsche Smartwatch dann auch zu Hause bleiben. Nat\u00fcrlich habe ich ihm alles erkl\u00e4rt und wir haben das Anrufen ge\u00fcbt. Da er, ausser seiner eigenen Mutter, die ja im Nebenzimmer sitzt, mit niemandem telefonieren kann, verlor die Uhr schon bald ihren Reiz. <\/p>\n\n\n\n<p>Dass das Ger\u00e4t noch viele weitere Funktionen hat und man darauf sogar Spiele spielen kann, weiss er bis jetzt noch nicht (zumindest nicht von mir). Mir ist nat\u00fcrlich bewusst, dass das nicht f\u00fcr immer so bleiben wird, aber auf die Nase binden werde ich es ihm bestimmt auch nicht. \ud83d\ude42<\/p>\n\n\n\n<p>Praktisch an der TLC Smartwatch finde ich, dass man einstellen kann, wann sie sich ein- und ausschaltet. Somit ist sie die ganze Woche, bis zum Tagesschul-Tag ausgeschaltet. Damit ist sie f\u00fcr den Rest der Woche auch absolut uninteressant und wir hatten noch nie Diskussionen dar\u00fcber, ob er sie in den Kindergarten oder zum Spielen rausnehmen darf.<\/p>\n\n\n\n<h2 class=\"wp-block-heading\">Die Uhr in der Praxis<\/h2>\n\n\n\n<p>Der erste Tag in der Tagesschule war f\u00fcr mich schwierig. Vor allem zwei Fragen geisterten mir den ganzen Tag durch den Kopf: a.) wird er sicher von der Betreuung zum Kindergarten kommen? und b.) wird er nach dem Kindergarten auch wieder zur\u00fcck zur Tagesschule finden?<\/p>\n\n\n\n<p> Ich war froh, konnte ich mir diese zwei Fragen relativ einfach selbst beantworten. Mit einem Blick in die App wusste ich, wo mein Kind war (n\u00e4mlich da wo es sein sollte) und konnte so beruhigt weiterarbeiten. Die Smartwatch gab mir ein Gef\u00fchl der Sicherheit und ich war in dem Moment froh, hatte ich mich f\u00fcr den Kauf entschieden.<\/p>\n\n\n<div class=\"wp-block-image\">\n<figure class=\"aligncenter size-full is-resized\"><img data-recalc-dims=\"1\" decoding=\"async\" src=\"https:\/\/i0.wp.com\/mama-kann-das.com\/wp-content\/uploads\/2023\/09\/Design-ohne-Titel.png?resize=470%2C394&#038;ssl=1\" alt=\"Das mein Kind eine Smartwatch hat, beruhigt mich, wenn ich nicht in der N\u00e4he sein kann.\" class=\"wp-image-1512\" width=\"470\" height=\"394\"\/><figcaption class=\"wp-element-caption\">Die Smartwatch gibt uns Sicherheit in Ausnahmef\u00e4llen.<\/figcaption><\/figure>\n<\/div>\n\n\n<p><\/p>\n\n\n\n<p>Etwa in der dritten Woche rief mich die Betreuerin der Tagesschule an. Kind war nach dem Kindergarten nicht mehr aufgetaucht, auf dem Weg konnte sie ihn nirgends finden. Horrorszenario!<\/p>\n\n\n\n<p>Anders als erwartet blieb ich ganz ruhig. Ich \u00f6ffnete die App, ortete mein Kind und rief bei ihm an. Er war gerade zu Hause angekommen und fand, nat\u00fcrlich, eine verschlossene T\u00fcr vor. Doch weder er noch ich brachen in Panik aus. Ich erkl\u00e4rte ihm, dass ich noch am Arbeiten bin und heute doch Tagesschule ist. Er lachte dar\u00fcber, dass er es vergessen hatte und lief zur\u00fcck. Als er ankam, rief er mich noch einmal an und alle konnten beruhigt ihrem Tagesgesch\u00e4ft nachgehen.<\/p>\n\n\n\n<h2 class=\"wp-block-heading\">Die beruhigende Wirkung der Technik<\/h2>\n\n\n\n<p>H\u00e4tte Kind in dem Moment keine Uhr getragen, ich h\u00e4tte ehrlich gesagt, rot gesehen, alles stehen und liegen gelassen und w\u00e4re nach Hause gefahren. <\/p>\n\n\n\n<p>Dank der (\u00fcberlegten!) Anschaffung dieses Ger\u00e4ts musste ich meinen Arbeitsplatz aber nicht \u00fcberst\u00fcrzt verlassen, konnte die mir anvertrauten Kinder sicher in die Kita bringen und trotzdem f\u00fcr mein eigenes Kind da sein.<\/p>\n\n\n\n<p>Ich weiss, viele sind skeptisch und fragen sich, ob ein so junges Kind tats\u00e4chlich so etwas braucht. Ich f\u00fcr meinen Teil w\u00fcrde meinem Sohn jederzeit wieder eine solche Smartwatch kaufen.<\/p>\n\n\n\n<p>Wie denkst du dar\u00fcber? Ich freue mich auf deinen Kommentar.<\/p>\n\n\n\n<p>Deine<\/p>\n\n\n<p class=\"fonts-plugin-block \" style=\"font-family: Satisfy;font-size: 50px\">Corina<\/p>\n\n\n<p>Dir gef\u00e4llt dieser Artikel? Magst du mich mit einem&nbsp;<a href=\"https:\/\/paypal.me\/mamakanndas?country.x=CH&amp;locale.x=de_DE\" target=\"_blank\" rel=\"noreferrer noopener\">virtuellen Kaffee<\/a>&nbsp;unterst\u00fctzen, damit ich noch mehr solcher Blogposts schreiben kann? Ich w\u00fcrde mich sehr freuen.<\/p>\n","protected":false},"excerpt":{"rendered":"<p>Mein Kind ist im ersten Kindergartenjahr und Besitzer einer Smartwatch. Warum ich mich f\u00fcr diese Anschaffung entschieden habe, dar\u00fcber berichtete ich hier. Heute m\u00f6chte ich gerne auf die ersten Wochen zur\u00fcckblicken und schauen, ob sich der Kauf f\u00fcr uns gelohnt&#8230;<\/p>\n","protected":false},"author":1,"featured_media":1500,"comment_status":"open","ping_status":"open","sticky":false,"template":"","format":"standard","meta":{"jetpack_post_was_ever_published":false,"_jetpack_newsletter_access":"","_jetpack_dont_email_post_to_subs":false,"_jetpack_newsletter_tier_id":0,"_jetpack_memberships_contains_paywalled_content":false,"_jetpack_memberships_contains_paid_content":false,"footnotes":""},"categories":[20,5,27,16],"tags":[43,31,189,188],"class_list":["post-1507","post","type-post","status-publish","format-standard","has-post-thumbnail","hentry","category-erziehung","category-kita","category-lieben","category-mama-papa","tag-erziehung","tag-kind","tag-kindergarten","tag-medien"],"yoast_head":"<!-- This site is optimized with the Yoast SEO plugin v27.4 - https:\/\/yoast.com\/product\/yoast-seo-wordpress\/ -->\n<title>Smartwatch f\u00fcr Kinder - lohnt sich der Kauf? - mama-kann-das<\/title>\n<meta name=\"description\" content=\"Lohnt sich eine Smartwatch-Anschaffung f\u00fcr Kinder \u00fcberhaupt? Eine Notwendigkeit oder blosse \u00dcberwachung? Ich habe ein Fazit gezogen.\" \/>\n<meta name=\"robots\" content=\"index, follow, max-snippet:-1, max-image-preview:large, max-video-preview:-1\" \/>\n<link rel=\"canonical\" href=\"https:\/\/mama-kann-das.com\/index.php\/2023\/09\/18\/smartwatch-fuer-kinder\/\" \/>\n<meta property=\"og:locale\" content=\"de_DE\" \/>\n<meta property=\"og:type\" content=\"article\" \/>\n<meta property=\"og:title\" content=\"Smartwatch f\u00fcr Kinder - lohnt sich der Kauf? - mama-kann-das\" \/>\n<meta property=\"og:description\" content=\"Lohnt sich eine Smartwatch-Anschaffung f\u00fcr Kinder \u00fcberhaupt? Eine Notwendigkeit oder blosse \u00dcberwachung? Ich habe ein Fazit gezogen.\" \/>\n<meta property=\"og:url\" content=\"https:\/\/mama-kann-das.com\/index.php\/2023\/09\/18\/smartwatch-fuer-kinder\/\" \/>\n<meta property=\"og:site_name\" content=\"mama-kann-das\" \/>\n<meta property=\"article:author\" content=\"facebook.com\/corinakanndas\" \/>\n<meta property=\"article:published_time\" content=\"2023-09-18T07:53:54+00:00\" \/>\n<meta property=\"article:modified_time\" content=\"2023-09-18T07:54:02+00:00\" \/>\n<meta property=\"og:image\" content=\"https:\/\/mama-kann-das.com\/wp-content\/uploads\/2023\/07\/20230726_133521-scaled.jpg\" \/>\n\t<meta property=\"og:image:width\" content=\"2560\" \/>\n\t<meta property=\"og:image:height\" content=\"1920\" \/>\n\t<meta property=\"og:image:type\" content=\"image\/jpeg\" \/>\n<meta name=\"author\" content=\"Corina\" \/>\n<meta name=\"twitter:card\" content=\"summary_large_image\" \/>\n<meta name=\"twitter:label1\" content=\"Verfasst von\" \/>\n\t<meta name=\"twitter:data1\" content=\"Corina\" \/>\n\t<meta name=\"twitter:label2\" content=\"Gesch\u00e4tzte Lesezeit\" \/>\n\t<meta name=\"twitter:data2\" content=\"5\u00a0Minuten\" \/>\n<script type=\"application\/ld+json\" class=\"yoast-schema-graph\">{\"@context\":\"https:\\\/\\\/schema.org\",\"@graph\":[{\"@type\":\"Article\",\"@id\":\"https:\\\/\\\/mama-kann-das.com\\\/index.php\\\/2023\\\/09\\\/18\\\/smartwatch-fuer-kinder\\\/#article\",\"isPartOf\":{\"@id\":\"https:\\\/\\\/mama-kann-das.com\\\/index.php\\\/2023\\\/09\\\/18\\\/smartwatch-fuer-kinder\\\/\"},\"author\":{\"name\":\"Corina\",\"@id\":\"https:\\\/\\\/mama-kann-das.com\\\/#\\\/schema\\\/person\\\/83df833a52d90404e3f21603b1cf9e58\"},\"headline\":\"Smartwatch f\u00fcr Kinder &#8211; lohnt sich der Kauf?\",\"datePublished\":\"2023-09-18T07:53:54+00:00\",\"dateModified\":\"2023-09-18T07:54:02+00:00\",\"mainEntityOfPage\":{\"@id\":\"https:\\\/\\\/mama-kann-das.com\\\/index.php\\\/2023\\\/09\\\/18\\\/smartwatch-fuer-kinder\\\/\"},\"wordCount\":829,\"commentCount\":0,\"publisher\":{\"@id\":\"https:\\\/\\\/mama-kann-das.com\\\/#organization\"},\"image\":{\"@id\":\"https:\\\/\\\/mama-kann-das.com\\\/index.php\\\/2023\\\/09\\\/18\\\/smartwatch-fuer-kinder\\\/#primaryimage\"},\"thumbnailUrl\":\"https:\\\/\\\/i0.wp.com\\\/mama-kann-das.com\\\/wp-content\\\/uploads\\\/2023\\\/07\\\/20230726_133521-scaled.jpg?fit=2560%2C1920&ssl=1\",\"keywords\":[\"Erziehung\",\"Kind\",\"Kindergarten\",\"Medien\"],\"articleSection\":[\"Erziehung\",\"Kita\",\"Lieben\",\"Mama &amp; Papa\"],\"inLanguage\":\"de\",\"potentialAction\":[{\"@type\":\"CommentAction\",\"name\":\"Comment\",\"target\":[\"https:\\\/\\\/mama-kann-das.com\\\/index.php\\\/2023\\\/09\\\/18\\\/smartwatch-fuer-kinder\\\/#respond\"]}]},{\"@type\":\"WebPage\",\"@id\":\"https:\\\/\\\/mama-kann-das.com\\\/index.php\\\/2023\\\/09\\\/18\\\/smartwatch-fuer-kinder\\\/\",\"url\":\"https:\\\/\\\/mama-kann-das.com\\\/index.php\\\/2023\\\/09\\\/18\\\/smartwatch-fuer-kinder\\\/\",\"name\":\"Smartwatch f\u00fcr Kinder - lohnt sich der Kauf? - mama-kann-das\",\"isPartOf\":{\"@id\":\"https:\\\/\\\/mama-kann-das.com\\\/#website\"},\"primaryImageOfPage\":{\"@id\":\"https:\\\/\\\/mama-kann-das.com\\\/index.php\\\/2023\\\/09\\\/18\\\/smartwatch-fuer-kinder\\\/#primaryimage\"},\"image\":{\"@id\":\"https:\\\/\\\/mama-kann-das.com\\\/index.php\\\/2023\\\/09\\\/18\\\/smartwatch-fuer-kinder\\\/#primaryimage\"},\"thumbnailUrl\":\"https:\\\/\\\/i0.wp.com\\\/mama-kann-das.com\\\/wp-content\\\/uploads\\\/2023\\\/07\\\/20230726_133521-scaled.jpg?fit=2560%2C1920&ssl=1\",\"datePublished\":\"2023-09-18T07:53:54+00:00\",\"dateModified\":\"2023-09-18T07:54:02+00:00\",\"description\":\"Lohnt sich eine Smartwatch-Anschaffung f\u00fcr Kinder \u00fcberhaupt? Eine Notwendigkeit oder blosse \u00dcberwachung? Ich habe ein Fazit gezogen.\",\"breadcrumb\":{\"@id\":\"https:\\\/\\\/mama-kann-das.com\\\/index.php\\\/2023\\\/09\\\/18\\\/smartwatch-fuer-kinder\\\/#breadcrumb\"},\"inLanguage\":\"de\",\"potentialAction\":[{\"@type\":\"ReadAction\",\"target\":[\"https:\\\/\\\/mama-kann-das.com\\\/index.php\\\/2023\\\/09\\\/18\\\/smartwatch-fuer-kinder\\\/\"]}]},{\"@type\":\"ImageObject\",\"inLanguage\":\"de\",\"@id\":\"https:\\\/\\\/mama-kann-das.com\\\/index.php\\\/2023\\\/09\\\/18\\\/smartwatch-fuer-kinder\\\/#primaryimage\",\"url\":\"https:\\\/\\\/i0.wp.com\\\/mama-kann-das.com\\\/wp-content\\\/uploads\\\/2023\\\/07\\\/20230726_133521-scaled.jpg?fit=2560%2C1920&ssl=1\",\"contentUrl\":\"https:\\\/\\\/i0.wp.com\\\/mama-kann-das.com\\\/wp-content\\\/uploads\\\/2023\\\/07\\\/20230726_133521-scaled.jpg?fit=2560%2C1920&ssl=1\",\"width\":2560,\"height\":1920,\"caption\":\"Lohnt sich der Kauf einer Smartwtch f\u00fcr Kinder \u00fcberhaupt?\"},{\"@type\":\"BreadcrumbList\",\"@id\":\"https:\\\/\\\/mama-kann-das.com\\\/index.php\\\/2023\\\/09\\\/18\\\/smartwatch-fuer-kinder\\\/#breadcrumb\",\"itemListElement\":[{\"@type\":\"ListItem\",\"position\":1,\"name\":\"Startseite\",\"item\":\"https:\\\/\\\/mama-kann-das.com\\\/\"},{\"@type\":\"ListItem\",\"position\":2,\"name\":\"Smartwatch f\u00fcr Kinder &#8211; lohnt sich der Kauf?\"}]},{\"@type\":\"WebSite\",\"@id\":\"https:\\\/\\\/mama-kann-das.com\\\/#website\",\"url\":\"https:\\\/\\\/mama-kann-das.com\\\/\",\"name\":\"mama-kann-das\",\"description\":\"gelassen durch den Familienalltag\",\"publisher\":{\"@id\":\"https:\\\/\\\/mama-kann-das.com\\\/#organization\"},\"potentialAction\":[{\"@type\":\"SearchAction\",\"target\":{\"@type\":\"EntryPoint\",\"urlTemplate\":\"https:\\\/\\\/mama-kann-das.com\\\/?s={search_term_string}\"},\"query-input\":{\"@type\":\"PropertyValueSpecification\",\"valueRequired\":true,\"valueName\":\"search_term_string\"}}],\"inLanguage\":\"de\"},{\"@type\":\"Organization\",\"@id\":\"https:\\\/\\\/mama-kann-das.com\\\/#organization\",\"name\":\"mama-kann-das\",\"url\":\"https:\\\/\\\/mama-kann-das.com\\\/\",\"logo\":{\"@type\":\"ImageObject\",\"inLanguage\":\"de\",\"@id\":\"https:\\\/\\\/mama-kann-das.com\\\/#\\\/schema\\\/logo\\\/image\\\/\",\"url\":\"https:\\\/\\\/i0.wp.com\\\/mama-kann-das.com\\\/wp-content\\\/uploads\\\/2026\\\/01\\\/cropped-Banner-neu-1.png?fit=1243%2C351&ssl=1\",\"contentUrl\":\"https:\\\/\\\/i0.wp.com\\\/mama-kann-das.com\\\/wp-content\\\/uploads\\\/2026\\\/01\\\/cropped-Banner-neu-1.png?fit=1243%2C351&ssl=1\",\"width\":1243,\"height\":351,\"caption\":\"mama-kann-das\"},\"image\":{\"@id\":\"https:\\\/\\\/mama-kann-das.com\\\/#\\\/schema\\\/logo\\\/image\\\/\"}},{\"@type\":\"Person\",\"@id\":\"https:\\\/\\\/mama-kann-das.com\\\/#\\\/schema\\\/person\\\/83df833a52d90404e3f21603b1cf9e58\",\"name\":\"Corina\",\"image\":{\"@type\":\"ImageObject\",\"inLanguage\":\"de\",\"@id\":\"https:\\\/\\\/secure.gravatar.com\\\/avatar\\\/791919cd4962f2a440718b8180fea719c288cc66c4bc5413544ada69564aa24f?s=96&d=mm&r=g\",\"url\":\"https:\\\/\\\/secure.gravatar.com\\\/avatar\\\/791919cd4962f2a440718b8180fea719c288cc66c4bc5413544ada69564aa24f?s=96&d=mm&r=g\",\"contentUrl\":\"https:\\\/\\\/secure.gravatar.com\\\/avatar\\\/791919cd4962f2a440718b8180fea719c288cc66c4bc5413544ada69564aa24f?s=96&d=mm&r=g\",\"caption\":\"Corina\"},\"sameAs\":[\"https:\\\/\\\/mama-kann-das.com\",\"facebook.com\\\/corinakanndas\",\"instagram.com\\\/mama.kann.das\"],\"url\":\"https:\\\/\\\/mama-kann-das.com\\\/index.php\\\/author\\\/c_zimmermann_l38n2d31\\\/\"}]}<\/script>\n<!-- \/ Yoast SEO plugin. -->","yoast_head_json":{"title":"Smartwatch f\u00fcr Kinder - lohnt sich der Kauf? - mama-kann-das","description":"Lohnt sich eine Smartwatch-Anschaffung f\u00fcr Kinder \u00fcberhaupt? Eine Notwendigkeit oder blosse \u00dcberwachung? Ich habe ein Fazit gezogen.","robots":{"index":"index","follow":"follow","max-snippet":"max-snippet:-1","max-image-preview":"max-image-preview:large","max-video-preview":"max-video-preview:-1"},"canonical":"https:\/\/mama-kann-das.com\/index.php\/2023\/09\/18\/smartwatch-fuer-kinder\/","og_locale":"de_DE","og_type":"article","og_title":"Smartwatch f\u00fcr Kinder - lohnt sich der Kauf? - mama-kann-das","og_description":"Lohnt sich eine Smartwatch-Anschaffung f\u00fcr Kinder \u00fcberhaupt? Eine Notwendigkeit oder blosse \u00dcberwachung? Ich habe ein Fazit gezogen.","og_url":"https:\/\/mama-kann-das.com\/index.php\/2023\/09\/18\/smartwatch-fuer-kinder\/","og_site_name":"mama-kann-das","article_author":"facebook.com\/corinakanndas","article_published_time":"2023-09-18T07:53:54+00:00","article_modified_time":"2023-09-18T07:54:02+00:00","og_image":[{"width":2560,"height":1920,"url":"https:\/\/mama-kann-das.com\/wp-content\/uploads\/2023\/07\/20230726_133521-scaled.jpg","type":"image\/jpeg"}],"author":"Corina","twitter_card":"summary_large_image","twitter_misc":{"Verfasst von":"Corina","Gesch\u00e4tzte Lesezeit":"5\u00a0Minuten"},"schema":{"@context":"https:\/\/schema.org","@graph":[{"@type":"Article","@id":"https:\/\/mama-kann-das.com\/index.php\/2023\/09\/18\/smartwatch-fuer-kinder\/#article","isPartOf":{"@id":"https:\/\/mama-kann-das.com\/index.php\/2023\/09\/18\/smartwatch-fuer-kinder\/"},"author":{"name":"Corina","@id":"https:\/\/mama-kann-das.com\/#\/schema\/person\/83df833a52d90404e3f21603b1cf9e58"},"headline":"Smartwatch f\u00fcr Kinder &#8211; lohnt sich der Kauf?","datePublished":"2023-09-18T07:53:54+00:00","dateModified":"2023-09-18T07:54:02+00:00","mainEntityOfPage":{"@id":"https:\/\/mama-kann-das.com\/index.php\/2023\/09\/18\/smartwatch-fuer-kinder\/"},"wordCount":829,"commentCount":0,"publisher":{"@id":"https:\/\/mama-kann-das.com\/#organization"},"image":{"@id":"https:\/\/mama-kann-das.com\/index.php\/2023\/09\/18\/smartwatch-fuer-kinder\/#primaryimage"},"thumbnailUrl":"https:\/\/i0.wp.com\/mama-kann-das.com\/wp-content\/uploads\/2023\/07\/20230726_133521-scaled.jpg?fit=2560%2C1920&ssl=1","keywords":["Erziehung","Kind","Kindergarten","Medien"],"articleSection":["Erziehung","Kita","Lieben","Mama &amp; Papa"],"inLanguage":"de","potentialAction":[{"@type":"CommentAction","name":"Comment","target":["https:\/\/mama-kann-das.com\/index.php\/2023\/09\/18\/smartwatch-fuer-kinder\/#respond"]}]},{"@type":"WebPage","@id":"https:\/\/mama-kann-das.com\/index.php\/2023\/09\/18\/smartwatch-fuer-kinder\/","url":"https:\/\/mama-kann-das.com\/index.php\/2023\/09\/18\/smartwatch-fuer-kinder\/","name":"Smartwatch f\u00fcr Kinder - lohnt sich der Kauf? - mama-kann-das","isPartOf":{"@id":"https:\/\/mama-kann-das.com\/#website"},"primaryImageOfPage":{"@id":"https:\/\/mama-kann-das.com\/index.php\/2023\/09\/18\/smartwatch-fuer-kinder\/#primaryimage"},"image":{"@id":"https:\/\/mama-kann-das.com\/index.php\/2023\/09\/18\/smartwatch-fuer-kinder\/#primaryimage"},"thumbnailUrl":"https:\/\/i0.wp.com\/mama-kann-das.com\/wp-content\/uploads\/2023\/07\/20230726_133521-scaled.jpg?fit=2560%2C1920&ssl=1","datePublished":"2023-09-18T07:53:54+00:00","dateModified":"2023-09-18T07:54:02+00:00","description":"Lohnt sich eine Smartwatch-Anschaffung f\u00fcr Kinder \u00fcberhaupt? Eine Notwendigkeit oder blosse \u00dcberwachung? Ich habe ein Fazit gezogen.","breadcrumb":{"@id":"https:\/\/mama-kann-das.com\/index.php\/2023\/09\/18\/smartwatch-fuer-kinder\/#breadcrumb"},"inLanguage":"de","potentialAction":[{"@type":"ReadAction","target":["https:\/\/mama-kann-das.com\/index.php\/2023\/09\/18\/smartwatch-fuer-kinder\/"]}]},{"@type":"ImageObject","inLanguage":"de","@id":"https:\/\/mama-kann-das.com\/index.php\/2023\/09\/18\/smartwatch-fuer-kinder\/#primaryimage","url":"https:\/\/i0.wp.com\/mama-kann-das.com\/wp-content\/uploads\/2023\/07\/20230726_133521-scaled.jpg?fit=2560%2C1920&ssl=1","contentUrl":"https:\/\/i0.wp.com\/mama-kann-das.com\/wp-content\/uploads\/2023\/07\/20230726_133521-scaled.jpg?fit=2560%2C1920&ssl=1","width":2560,"height":1920,"caption":"Lohnt sich der Kauf einer Smartwtch f\u00fcr Kinder \u00fcberhaupt?"},{"@type":"BreadcrumbList","@id":"https:\/\/mama-kann-das.com\/index.php\/2023\/09\/18\/smartwatch-fuer-kinder\/#breadcrumb","itemListElement":[{"@type":"ListItem","position":1,"name":"Startseite","item":"https:\/\/mama-kann-das.com\/"},{"@type":"ListItem","position":2,"name":"Smartwatch f\u00fcr Kinder &#8211; lohnt sich der Kauf?"}]},{"@type":"WebSite","@id":"https:\/\/mama-kann-das.com\/#website","url":"https:\/\/mama-kann-das.com\/","name":"mama-kann-das","description":"gelassen durch den Familienalltag","publisher":{"@id":"https:\/\/mama-kann-das.com\/#organization"},"potentialAction":[{"@type":"SearchAction","target":{"@type":"EntryPoint","urlTemplate":"https:\/\/mama-kann-das.com\/?s={search_term_string}"},"query-input":{"@type":"PropertyValueSpecification","valueRequired":true,"valueName":"search_term_string"}}],"inLanguage":"de"},{"@type":"Organization","@id":"https:\/\/mama-kann-das.com\/#organization","name":"mama-kann-das","url":"https:\/\/mama-kann-das.com\/","logo":{"@type":"ImageObject","inLanguage":"de","@id":"https:\/\/mama-kann-das.com\/#\/schema\/logo\/image\/","url":"https:\/\/i0.wp.com\/mama-kann-das.com\/wp-content\/uploads\/2026\/01\/cropped-Banner-neu-1.png?fit=1243%2C351&ssl=1","contentUrl":"https:\/\/i0.wp.com\/mama-kann-das.com\/wp-content\/uploads\/2026\/01\/cropped-Banner-neu-1.png?fit=1243%2C351&ssl=1","width":1243,"height":351,"caption":"mama-kann-das"},"image":{"@id":"https:\/\/mama-kann-das.com\/#\/schema\/logo\/image\/"}},{"@type":"Person","@id":"https:\/\/mama-kann-das.com\/#\/schema\/person\/83df833a52d90404e3f21603b1cf9e58","name":"Corina","image":{"@type":"ImageObject","inLanguage":"de","@id":"https:\/\/secure.gravatar.com\/avatar\/791919cd4962f2a440718b8180fea719c288cc66c4bc5413544ada69564aa24f?s=96&d=mm&r=g","url":"https:\/\/secure.gravatar.com\/avatar\/791919cd4962f2a440718b8180fea719c288cc66c4bc5413544ada69564aa24f?s=96&d=mm&r=g","contentUrl":"https:\/\/secure.gravatar.com\/avatar\/791919cd4962f2a440718b8180fea719c288cc66c4bc5413544ada69564aa24f?s=96&d=mm&r=g","caption":"Corina"},"sameAs":["https:\/\/mama-kann-das.com","facebook.com\/corinakanndas","instagram.com\/mama.kann.das"],"url":"https:\/\/mama-kann-das.com\/index.php\/author\/c_zimmermann_l38n2d31\/"}]}},"jetpack_featured_media_url":"https:\/\/i0.wp.com\/mama-kann-das.com\/wp-content\/uploads\/2023\/07\/20230726_133521-scaled.jpg?fit=2560%2C1920&ssl=1","jetpack_sharing_enabled":true,"_links":{"self":[{"href":"https:\/\/mama-kann-das.com\/index.php\/wp-json\/wp\/v2\/posts\/1507","targetHints":{"allow":["GET"]}}],"collection":[{"href":"https:\/\/mama-kann-das.com\/index.php\/wp-json\/wp\/v2\/posts"}],"about":[{"href":"https:\/\/mama-kann-das.com\/index.php\/wp-json\/wp\/v2\/types\/post"}],"author":[{"embeddable":true,"href":"https:\/\/mama-kann-das.com\/index.php\/wp-json\/wp\/v2\/users\/1"}],"replies":[{"embeddable":true,"href":"https:\/\/mama-kann-das.com\/index.php\/wp-json\/wp\/v2\/comments?post=1507"}],"version-history":[{"count":3,"href":"https:\/\/mama-kann-das.com\/index.php\/wp-json\/wp\/v2\/posts\/1507\/revisions"}],"predecessor-version":[{"id":1513,"href":"https:\/\/mama-kann-das.com\/index.php\/wp-json\/wp\/v2\/posts\/1507\/revisions\/1513"}],"wp:featuredmedia":[{"embeddable":true,"href":"https:\/\/mama-kann-das.com\/index.php\/wp-json\/wp\/v2\/media\/1500"}],"wp:attachment":[{"href":"https:\/\/mama-kann-das.com\/index.php\/wp-json\/wp\/v2\/media?parent=1507"}],"wp:term":[{"taxonomy":"category","embeddable":true,"href":"https:\/\/mama-kann-das.com\/index.php\/wp-json\/wp\/v2\/categories?post=1507"},{"taxonomy":"post_tag","embeddable":true,"href":"https:\/\/mama-kann-das.com\/index.php\/wp-json\/wp\/v2\/tags?post=1507"}],"curies":[{"name":"wp","href":"https:\/\/api.w.org\/{rel}","templated":true}]}}