{"id":1467,"date":"2023-05-31T08:22:07","date_gmt":"2023-05-31T08:22:07","guid":{"rendered":"https:\/\/mama-kann-das.com\/?p=1467"},"modified":"2023-05-25T08:23:37","modified_gmt":"2023-05-25T08:23:37","slug":"medienzeit-umgang-fuer-eltern","status":"publish","type":"post","link":"https:\/\/mama-kann-das.com\/index.php\/2023\/05\/31\/medienzeit-umgang-fuer-eltern\/","title":{"rendered":"Medienzeit &#8211; so machst du es als Eltern richtig"},"content":{"rendered":"\n<p>Wie lange darf mein Kind eigentlich t\u00e4glich vor die Glotze, am Tablet h\u00e4ngen oder sonst wie digitale Medien nutzen? Eine Frage, die sich wahrscheinlich viele Eltern hin und wieder einmal stellen. Fragt man Dr. Google, spuckt der gleich haufenweise Empfehlungen heraus. Bei <a href=\"https:\/\/www.projuventute.ch\/de\/eltern\/medien-internet\/bildschirmzeit\" target=\"_blank\" rel=\"noreferrer noopener\">Pro Juventute<\/a> zum Beispiel heisst es, dass Kindergartenkinder und Sch\u00fcler zwischen 4 und 8 Jahren maximal 30-60 Minuten pro Tag konsumieren sollten. Also voll easy. Nach einer halben Stunde Medienzeit ist Schluss. Stecker raus und zur\u00fcck in die reale Welt. Wenn es doch nur so einfach w\u00e4re&#8230;<\/p>\n\n\n\n<h2 class=\"wp-block-heading\">Medienzeit beschr\u00e4nken &amp; durchsetzen<\/h2>\n\n\n\n<p>Aber das ist das Leben mit Kind ja eben nicht immer, g\u00e4ll. Deshalb m\u00f6chte ich dir heute mal wieder einen Einblick in unseren Alltag und die Medien-Handhabung geben. <\/p>\n\n\n\n<p>Hand aufs Herz, wer kennt es auch? Da ist ausgemacht, dass Kind eine halbe Stunde TV schauen darf und danach ausgeschaltet wird. Kind ist einverstanden damit. Alle gl\u00fccklich. Bis die Zeit um ist. Jetzt wird gebettelt, gefleht und gegebenenfalls auch getobt. Denn die Sendung ist noch nicht zu Ende, die Zeit war zu kurz, oder, oder, oder&#8230;<\/p>\n\n\n\n<p>Ich verstehe die Trauer und die Wut des Kindes und an guten Tagen kann ich diese liebevoll begleiten, mein Kind tr\u00f6sten und Alternativen zu den digitalen Medien anbieten. Nach dem (bei uns meistens mittelschweren bis apokalyptischen) Wutausbruch gebe ich mir ein imagin\u00e4res High Five oder klopfe mir auch schon einmal auf die Schulter. Ich hab&#8217;s halt einfach drauf, mit Medien und Erziehung und sowieso. Ist ja alles gar nicht so schwer.<\/p>\n\n\n<div class=\"wp-block-image\">\n<figure class=\"aligncenter size-large is-resized\"><img data-recalc-dims=\"1\" fetchpriority=\"high\" decoding=\"async\" src=\"https:\/\/i0.wp.com\/mama-kann-das.com\/wp-content\/uploads\/2023\/05\/pexels-lisa-fotios-1444416.jpg?resize=512%2C342&#038;ssl=1\" alt=\"Die Medienzeit darf auch einmal etwas verl\u00e4ngert werden.\" class=\"wp-image-1489\" width=\"512\" height=\"342\" srcset=\"https:\/\/i0.wp.com\/mama-kann-das.com\/wp-content\/uploads\/2023\/05\/pexels-lisa-fotios-1444416-scaled.jpg?resize=1024%2C683&amp;ssl=1 1024w, https:\/\/i0.wp.com\/mama-kann-das.com\/wp-content\/uploads\/2023\/05\/pexels-lisa-fotios-1444416-scaled.jpg?resize=600%2C400&amp;ssl=1 600w, https:\/\/i0.wp.com\/mama-kann-das.com\/wp-content\/uploads\/2023\/05\/pexels-lisa-fotios-1444416-scaled.jpg?resize=300%2C200&amp;ssl=1 300w, https:\/\/i0.wp.com\/mama-kann-das.com\/wp-content\/uploads\/2023\/05\/pexels-lisa-fotios-1444416-scaled.jpg?resize=768%2C512&amp;ssl=1 768w, https:\/\/i0.wp.com\/mama-kann-das.com\/wp-content\/uploads\/2023\/05\/pexels-lisa-fotios-1444416-scaled.jpg?resize=1536%2C1024&amp;ssl=1 1536w, https:\/\/i0.wp.com\/mama-kann-das.com\/wp-content\/uploads\/2023\/05\/pexels-lisa-fotios-1444416-scaled.jpg?resize=2048%2C1365&amp;ssl=1 2048w, https:\/\/i0.wp.com\/mama-kann-das.com\/wp-content\/uploads\/2023\/05\/pexels-lisa-fotios-1444416-scaled.jpg?resize=1320%2C880&amp;ssl=1 1320w, https:\/\/i0.wp.com\/mama-kann-das.com\/wp-content\/uploads\/2023\/05\/pexels-lisa-fotios-1444416-scaled.jpg?w=1920&amp;ssl=1 1920w\" sizes=\"(max-width: 512px) 100vw, 512px\" \/><\/figure>\n<\/div>\n\n\n<p><\/p>\n\n\n\n<h2 class=\"wp-block-heading\">Neue Erkenntnisse einer alles andere als schlechten Mutter<\/h2>\n\n\n\n<p>Und dann gibt es da noch diese anderen Tage. An denen ich weder Lust habe zu streiten noch die Energie f\u00fcr grossartige Begleitung. Eigentlich m\u00f6chte ich mich selber ganz gerne auf dem Sofa zusammenrollen und mich von einer nicht allzu anspruchsvollen Serie berieseln lassen. Und was macht dann die Mutter des Jahres? Entweder schaltet sie von Anfang an den Film an, der 2h-Spieldauer anzeigt. Oder sie tut so, als ob sie nicht merkt, dass Kinds Sendung zu Ende ist und die neue bereits begonnen hat. <\/p>\n\n\n\n<p>Dass das so in keinem Buch steht und auch nicht unbedingt wahnsinnig p\u00e4dagogisch wertvoll ist, ist mir durchaus bewusst. Und weisst du was? Das ist mir an diesen besagten Tagen sowas von Wurscht, weil&#8230;<\/p>\n\n\n\n<p>a. ) der Tag nicht besser wird, wenn ich mich zwar durchsetze, was die Medienzeit anbelangt. Danach aber keine Energie habe, etwas mit meinem Kind zu spielen, unternehmen, etc. Dann hocken wir beide gefrustet zu Hause und streiten wegen jeder Kleinigkeit. <\/p>\n\n\n\n<p>b. ) es einfach auch mal Tage geben darf, an denen die Medienzeit komplett ausgereizt wird. Weil ich eben auch ein Mensch mit Bed\u00fcrfnissen bin und mein Energiespeicher nicht immer gleich voll ist bzw. manchmal ganz sch\u00f6n leer sein kann. Sorry not sorry.<\/p>\n\n\n\n<p>c. ) es Tage gibt, an denen ich mir nichts Sch\u00f6neres vorstellen kann, als mit meinem Kind im Bett zu liegen, zu kuscheln und einen Film zu schauen (gerade bei dem Mist-Wetter, das wir vor Kurzem hatten).<\/p>\n\n\n\n<h2 class=\"wp-block-heading\">Gelassenheit im Umgang mit Medien<\/h2>\n\n\n\n<p>Verstehst du, auf was ich hinaus m\u00f6chte? Die Empfehlungen von Pro Juventute und Co. sind durchaus sinnvoll und helfen, in etwa eine Vorstellung davon zu entwickeln, was in welchem Alter ungef\u00e4hr angemessen ist. Aber es sind Empfehlungen! <\/p>\n\n\n<div class=\"wp-block-image\">\n<figure class=\"aligncenter size-large is-resized\"><img data-recalc-dims=\"1\" decoding=\"async\" src=\"https:\/\/i0.wp.com\/mama-kann-das.com\/wp-content\/uploads\/2023\/05\/pexels-victoria-rain-4089661.jpg?resize=512%2C341&#038;ssl=1\" alt=\"Dein Kind darf auch einmal ohne dich fernsehen.\" class=\"wp-image-1487\" width=\"512\" height=\"341\" srcset=\"https:\/\/i0.wp.com\/mama-kann-das.com\/wp-content\/uploads\/2023\/05\/pexels-victoria-rain-4089661-scaled.jpg?resize=1024%2C681&amp;ssl=1 1024w, https:\/\/i0.wp.com\/mama-kann-das.com\/wp-content\/uploads\/2023\/05\/pexels-victoria-rain-4089661-scaled.jpg?resize=600%2C399&amp;ssl=1 600w, https:\/\/i0.wp.com\/mama-kann-das.com\/wp-content\/uploads\/2023\/05\/pexels-victoria-rain-4089661-scaled.jpg?resize=300%2C199&amp;ssl=1 300w, https:\/\/i0.wp.com\/mama-kann-das.com\/wp-content\/uploads\/2023\/05\/pexels-victoria-rain-4089661-scaled.jpg?resize=768%2C511&amp;ssl=1 768w, https:\/\/i0.wp.com\/mama-kann-das.com\/wp-content\/uploads\/2023\/05\/pexels-victoria-rain-4089661-scaled.jpg?resize=1536%2C1021&amp;ssl=1 1536w, https:\/\/i0.wp.com\/mama-kann-das.com\/wp-content\/uploads\/2023\/05\/pexels-victoria-rain-4089661-scaled.jpg?resize=2048%2C1362&amp;ssl=1 2048w, https:\/\/i0.wp.com\/mama-kann-das.com\/wp-content\/uploads\/2023\/05\/pexels-victoria-rain-4089661-scaled.jpg?resize=1320%2C878&amp;ssl=1 1320w, https:\/\/i0.wp.com\/mama-kann-das.com\/wp-content\/uploads\/2023\/05\/pexels-victoria-rain-4089661-scaled.jpg?w=1920&amp;ssl=1 1920w\" sizes=\"(max-width: 512px) 100vw, 512px\" \/><\/figure>\n<\/div>\n\n\n<p><\/p>\n\n\n\n<p>Du bist keine schlechtere Mutter, wenn du zusammen mit deinem Kind einen verregneten Nachmittag vor der Glotze verbringst. Und es ist auch okay, wenn du den Nachwuchs mal kurz im Wohnzimmer vor den TV parkst, um einen Moment f\u00fcr dich zu haben. Denn dieser Moment gibt dir die Kraft, die du f\u00fcr den Rest des Tages oder sogar die Woche brauchst. Dieser Nachmittag ist es vielleicht, der dir die Energie gibt, um deinem Kind wieder mit der Liebe und Geduld zu begegnen, die es braucht und verdient hat.  <\/p>\n\n\n\n<p>Deshalb pl\u00e4diere ich daf\u00fcr, dass zwei Dinge viel wichtiger als die effektive Medienzeit ist. N\u00e4mlich, was wir mit dem Rest des Tages anfangen. Begegnen wir dem Kind auf Augenh\u00f6he? Mit Liebe? Gelassenheit? Nehmen wir seine Bed\u00fcrfnisse wahr? Und was das Kind schauen darf. Sind es Sendungen, die dem Alter entsprechen? Lernt das Kind vielleicht sogar was dabei? <\/p>\n\n\n\n<p>Dann war die Fernseh-Pause genau richtig und es spielt keine Rolle, ob es jetzt 30 oder 60 Minuten waren.<\/p>\n\n\n\n<p>Am Ende gibt es n\u00e4mlich auch ganz viele Tage, an denen entweder das Bed\u00fcrfnis f\u00fcr digitale Medien fehlt oder schlichtweg keine Zeit daf\u00fcr ist. Da wecke ich das Kind ja auch nicht eine Stunde fr\u00fcher, damit es noch zu seiner Dosis TV kommt. \ud83d\ude42<\/p>\n\n\n\n<p>Wie handhabst du die Medienzeit in deiner Familie? Oder hast du noch Fragen zum Thema? Ich freue mich auf deinen Kommentar. Oder vielleicht interessierst du dich f\u00fcr einen meiner Workshops? Dann schau doch einmal <a href=\"https:\/\/mama-kann-das.com\/index.php\/2023\/03\/08\/elternbildung-party\/\" target=\"_blank\" rel=\"noreferrer noopener\">hier<\/a> vorbei.<\/p>\n\n\n\n<p>Deine<\/p>\n\n\n<p class=\"fonts-plugin-block \" style=\"font-family: Satisfy;font-size: 50px\">Corina<\/p>\n\n\n<p>Dir gef\u00e4llt dieser Artikel? Magst du mich mit einem\u00a0<a href=\"https:\/\/paypal.me\/mamakanndas?country.x=CH&amp;locale.x=de_DE\" target=\"_blank\" rel=\"noreferrer noopener\">virtuellen Kaffee<\/a>\u00a0unterst\u00fctzen, damit ich noch mehr solcher Blogposts schreiben kann? Ich w\u00fcrde mich sehr freuen.<\/p>\n","protected":false},"excerpt":{"rendered":"<p>Wie lange darf mein Kind eigentlich t\u00e4glich vor die Glotze, am Tablet h\u00e4ngen oder sonst wie digitale Medien nutzen? Eine Frage, die sich wahrscheinlich viele Eltern hin und wieder einmal stellen. Fragt man Dr. Google, spuckt der gleich haufenweise Empfehlungen&#8230;<\/p>\n","protected":false},"author":1,"featured_media":1488,"comment_status":"open","ping_status":"open","sticky":false,"template":"","format":"standard","meta":{"jetpack_post_was_ever_published":false,"_jetpack_newsletter_access":"","_jetpack_dont_email_post_to_subs":false,"_jetpack_newsletter_tier_id":0,"_jetpack_memberships_contains_paywalled_content":false,"_jetpack_memberships_contains_paid_content":false,"footnotes":""},"categories":[20,27,16],"tags":[43,15,188],"class_list":["post-1467","post","type-post","status-publish","format-standard","has-post-thumbnail","hentry","category-erziehung","category-lieben","category-mama-papa","tag-erziehung","tag-familie","tag-medien"],"yoast_head":"<!-- This site is optimized with the Yoast SEO plugin v27.4 - https:\/\/yoast.com\/product\/yoast-seo-wordpress\/ -->\n<title>Medienzeit - so machst du es als Eltern richtig - mama-kann-das<\/title>\n<meta name=\"description\" content=\"Medienzeit, ein viel diskutiertes Thema unter Eltern. In diesem Artikel erf\u00e4hrst du, wie du es richtig handhabst.\" \/>\n<meta name=\"robots\" content=\"index, follow, max-snippet:-1, max-image-preview:large, max-video-preview:-1\" \/>\n<link rel=\"canonical\" href=\"https:\/\/mama-kann-das.com\/index.php\/2023\/05\/31\/medienzeit-umgang-fuer-eltern\/\" \/>\n<meta property=\"og:locale\" content=\"de_DE\" \/>\n<meta property=\"og:type\" content=\"article\" \/>\n<meta property=\"og:title\" content=\"Medienzeit - so machst du es als Eltern richtig - mama-kann-das\" \/>\n<meta property=\"og:description\" content=\"Medienzeit, ein viel diskutiertes Thema unter Eltern. In diesem Artikel erf\u00e4hrst du, wie du es richtig handhabst.\" \/>\n<meta property=\"og:url\" content=\"https:\/\/mama-kann-das.com\/index.php\/2023\/05\/31\/medienzeit-umgang-fuer-eltern\/\" \/>\n<meta property=\"og:site_name\" content=\"mama-kann-das\" \/>\n<meta property=\"article:author\" content=\"facebook.com\/corinakanndas\" \/>\n<meta property=\"article:published_time\" content=\"2023-05-31T08:22:07+00:00\" \/>\n<meta property=\"og:image\" content=\"https:\/\/mama-kann-das.com\/wp-content\/uploads\/2023\/05\/pexels-expect-best-351265-scaled.jpg\" \/>\n\t<meta property=\"og:image:width\" content=\"2560\" \/>\n\t<meta property=\"og:image:height\" content=\"1571\" \/>\n\t<meta property=\"og:image:type\" content=\"image\/jpeg\" \/>\n<meta name=\"author\" content=\"Corina\" \/>\n<meta name=\"twitter:card\" content=\"summary_large_image\" \/>\n<meta name=\"twitter:label1\" content=\"Verfasst von\" \/>\n\t<meta name=\"twitter:data1\" content=\"Corina\" \/>\n\t<meta name=\"twitter:label2\" content=\"Gesch\u00e4tzte Lesezeit\" \/>\n\t<meta name=\"twitter:data2\" content=\"5\u00a0Minuten\" \/>\n<script type=\"application\/ld+json\" class=\"yoast-schema-graph\">{\"@context\":\"https:\\\/\\\/schema.org\",\"@graph\":[{\"@type\":\"Article\",\"@id\":\"https:\\\/\\\/mama-kann-das.com\\\/index.php\\\/2023\\\/05\\\/31\\\/medienzeit-umgang-fuer-eltern\\\/#article\",\"isPartOf\":{\"@id\":\"https:\\\/\\\/mama-kann-das.com\\\/index.php\\\/2023\\\/05\\\/31\\\/medienzeit-umgang-fuer-eltern\\\/\"},\"author\":{\"name\":\"Corina\",\"@id\":\"https:\\\/\\\/mama-kann-das.com\\\/#\\\/schema\\\/person\\\/83df833a52d90404e3f21603b1cf9e58\"},\"headline\":\"Medienzeit &#8211; so machst du es als Eltern richtig\",\"datePublished\":\"2023-05-31T08:22:07+00:00\",\"mainEntityOfPage\":{\"@id\":\"https:\\\/\\\/mama-kann-das.com\\\/index.php\\\/2023\\\/05\\\/31\\\/medienzeit-umgang-fuer-eltern\\\/\"},\"wordCount\":846,\"commentCount\":0,\"publisher\":{\"@id\":\"https:\\\/\\\/mama-kann-das.com\\\/#organization\"},\"image\":{\"@id\":\"https:\\\/\\\/mama-kann-das.com\\\/index.php\\\/2023\\\/05\\\/31\\\/medienzeit-umgang-fuer-eltern\\\/#primaryimage\"},\"thumbnailUrl\":\"https:\\\/\\\/i0.wp.com\\\/mama-kann-das.com\\\/wp-content\\\/uploads\\\/2023\\\/05\\\/pexels-expect-best-351265-scaled.jpg?fit=2560%2C1571&ssl=1\",\"keywords\":[\"Erziehung\",\"Familie\",\"Medien\"],\"articleSection\":[\"Erziehung\",\"Lieben\",\"Mama &amp; Papa\"],\"inLanguage\":\"de\",\"potentialAction\":[{\"@type\":\"CommentAction\",\"name\":\"Comment\",\"target\":[\"https:\\\/\\\/mama-kann-das.com\\\/index.php\\\/2023\\\/05\\\/31\\\/medienzeit-umgang-fuer-eltern\\\/#respond\"]}]},{\"@type\":\"WebPage\",\"@id\":\"https:\\\/\\\/mama-kann-das.com\\\/index.php\\\/2023\\\/05\\\/31\\\/medienzeit-umgang-fuer-eltern\\\/\",\"url\":\"https:\\\/\\\/mama-kann-das.com\\\/index.php\\\/2023\\\/05\\\/31\\\/medienzeit-umgang-fuer-eltern\\\/\",\"name\":\"Medienzeit - so machst du es als Eltern richtig - mama-kann-das\",\"isPartOf\":{\"@id\":\"https:\\\/\\\/mama-kann-das.com\\\/#website\"},\"primaryImageOfPage\":{\"@id\":\"https:\\\/\\\/mama-kann-das.com\\\/index.php\\\/2023\\\/05\\\/31\\\/medienzeit-umgang-fuer-eltern\\\/#primaryimage\"},\"image\":{\"@id\":\"https:\\\/\\\/mama-kann-das.com\\\/index.php\\\/2023\\\/05\\\/31\\\/medienzeit-umgang-fuer-eltern\\\/#primaryimage\"},\"thumbnailUrl\":\"https:\\\/\\\/i0.wp.com\\\/mama-kann-das.com\\\/wp-content\\\/uploads\\\/2023\\\/05\\\/pexels-expect-best-351265-scaled.jpg?fit=2560%2C1571&ssl=1\",\"datePublished\":\"2023-05-31T08:22:07+00:00\",\"description\":\"Medienzeit, ein viel diskutiertes Thema unter Eltern. In diesem Artikel erf\u00e4hrst du, wie du es richtig handhabst.\",\"breadcrumb\":{\"@id\":\"https:\\\/\\\/mama-kann-das.com\\\/index.php\\\/2023\\\/05\\\/31\\\/medienzeit-umgang-fuer-eltern\\\/#breadcrumb\"},\"inLanguage\":\"de\",\"potentialAction\":[{\"@type\":\"ReadAction\",\"target\":[\"https:\\\/\\\/mama-kann-das.com\\\/index.php\\\/2023\\\/05\\\/31\\\/medienzeit-umgang-fuer-eltern\\\/\"]}]},{\"@type\":\"ImageObject\",\"inLanguage\":\"de\",\"@id\":\"https:\\\/\\\/mama-kann-das.com\\\/index.php\\\/2023\\\/05\\\/31\\\/medienzeit-umgang-fuer-eltern\\\/#primaryimage\",\"url\":\"https:\\\/\\\/i0.wp.com\\\/mama-kann-das.com\\\/wp-content\\\/uploads\\\/2023\\\/05\\\/pexels-expect-best-351265-scaled.jpg?fit=2560%2C1571&ssl=1\",\"contentUrl\":\"https:\\\/\\\/i0.wp.com\\\/mama-kann-das.com\\\/wp-content\\\/uploads\\\/2023\\\/05\\\/pexels-expect-best-351265-scaled.jpg?fit=2560%2C1571&ssl=1\",\"width\":2560,\"height\":1571,\"caption\":\"Medienzeit, ein viel diskutiertes Thema unter Eltern.\"},{\"@type\":\"BreadcrumbList\",\"@id\":\"https:\\\/\\\/mama-kann-das.com\\\/index.php\\\/2023\\\/05\\\/31\\\/medienzeit-umgang-fuer-eltern\\\/#breadcrumb\",\"itemListElement\":[{\"@type\":\"ListItem\",\"position\":1,\"name\":\"Startseite\",\"item\":\"https:\\\/\\\/mama-kann-das.com\\\/\"},{\"@type\":\"ListItem\",\"position\":2,\"name\":\"Medienzeit &#8211; so machst du es als Eltern richtig\"}]},{\"@type\":\"WebSite\",\"@id\":\"https:\\\/\\\/mama-kann-das.com\\\/#website\",\"url\":\"https:\\\/\\\/mama-kann-das.com\\\/\",\"name\":\"mama-kann-das\",\"description\":\"gelassen durch den Familienalltag\",\"publisher\":{\"@id\":\"https:\\\/\\\/mama-kann-das.com\\\/#organization\"},\"potentialAction\":[{\"@type\":\"SearchAction\",\"target\":{\"@type\":\"EntryPoint\",\"urlTemplate\":\"https:\\\/\\\/mama-kann-das.com\\\/?s={search_term_string}\"},\"query-input\":{\"@type\":\"PropertyValueSpecification\",\"valueRequired\":true,\"valueName\":\"search_term_string\"}}],\"inLanguage\":\"de\"},{\"@type\":\"Organization\",\"@id\":\"https:\\\/\\\/mama-kann-das.com\\\/#organization\",\"name\":\"mama-kann-das\",\"url\":\"https:\\\/\\\/mama-kann-das.com\\\/\",\"logo\":{\"@type\":\"ImageObject\",\"inLanguage\":\"de\",\"@id\":\"https:\\\/\\\/mama-kann-das.com\\\/#\\\/schema\\\/logo\\\/image\\\/\",\"url\":\"https:\\\/\\\/i0.wp.com\\\/mama-kann-das.com\\\/wp-content\\\/uploads\\\/2026\\\/01\\\/cropped-Banner-neu-1.png?fit=1243%2C351&ssl=1\",\"contentUrl\":\"https:\\\/\\\/i0.wp.com\\\/mama-kann-das.com\\\/wp-content\\\/uploads\\\/2026\\\/01\\\/cropped-Banner-neu-1.png?fit=1243%2C351&ssl=1\",\"width\":1243,\"height\":351,\"caption\":\"mama-kann-das\"},\"image\":{\"@id\":\"https:\\\/\\\/mama-kann-das.com\\\/#\\\/schema\\\/logo\\\/image\\\/\"}},{\"@type\":\"Person\",\"@id\":\"https:\\\/\\\/mama-kann-das.com\\\/#\\\/schema\\\/person\\\/83df833a52d90404e3f21603b1cf9e58\",\"name\":\"Corina\",\"image\":{\"@type\":\"ImageObject\",\"inLanguage\":\"de\",\"@id\":\"https:\\\/\\\/secure.gravatar.com\\\/avatar\\\/791919cd4962f2a440718b8180fea719c288cc66c4bc5413544ada69564aa24f?s=96&d=mm&r=g\",\"url\":\"https:\\\/\\\/secure.gravatar.com\\\/avatar\\\/791919cd4962f2a440718b8180fea719c288cc66c4bc5413544ada69564aa24f?s=96&d=mm&r=g\",\"contentUrl\":\"https:\\\/\\\/secure.gravatar.com\\\/avatar\\\/791919cd4962f2a440718b8180fea719c288cc66c4bc5413544ada69564aa24f?s=96&d=mm&r=g\",\"caption\":\"Corina\"},\"sameAs\":[\"https:\\\/\\\/mama-kann-das.com\",\"facebook.com\\\/corinakanndas\",\"instagram.com\\\/mama.kann.das\"],\"url\":\"https:\\\/\\\/mama-kann-das.com\\\/index.php\\\/author\\\/c_zimmermann_l38n2d31\\\/\"}]}<\/script>\n<!-- \/ Yoast SEO plugin. -->","yoast_head_json":{"title":"Medienzeit - so machst du es als Eltern richtig - mama-kann-das","description":"Medienzeit, ein viel diskutiertes Thema unter Eltern. In diesem Artikel erf\u00e4hrst du, wie du es richtig handhabst.","robots":{"index":"index","follow":"follow","max-snippet":"max-snippet:-1","max-image-preview":"max-image-preview:large","max-video-preview":"max-video-preview:-1"},"canonical":"https:\/\/mama-kann-das.com\/index.php\/2023\/05\/31\/medienzeit-umgang-fuer-eltern\/","og_locale":"de_DE","og_type":"article","og_title":"Medienzeit - so machst du es als Eltern richtig - mama-kann-das","og_description":"Medienzeit, ein viel diskutiertes Thema unter Eltern. In diesem Artikel erf\u00e4hrst du, wie du es richtig handhabst.","og_url":"https:\/\/mama-kann-das.com\/index.php\/2023\/05\/31\/medienzeit-umgang-fuer-eltern\/","og_site_name":"mama-kann-das","article_author":"facebook.com\/corinakanndas","article_published_time":"2023-05-31T08:22:07+00:00","og_image":[{"width":2560,"height":1571,"url":"https:\/\/mama-kann-das.com\/wp-content\/uploads\/2023\/05\/pexels-expect-best-351265-scaled.jpg","type":"image\/jpeg"}],"author":"Corina","twitter_card":"summary_large_image","twitter_misc":{"Verfasst von":"Corina","Gesch\u00e4tzte Lesezeit":"5\u00a0Minuten"},"schema":{"@context":"https:\/\/schema.org","@graph":[{"@type":"Article","@id":"https:\/\/mama-kann-das.com\/index.php\/2023\/05\/31\/medienzeit-umgang-fuer-eltern\/#article","isPartOf":{"@id":"https:\/\/mama-kann-das.com\/index.php\/2023\/05\/31\/medienzeit-umgang-fuer-eltern\/"},"author":{"name":"Corina","@id":"https:\/\/mama-kann-das.com\/#\/schema\/person\/83df833a52d90404e3f21603b1cf9e58"},"headline":"Medienzeit &#8211; so machst du es als Eltern richtig","datePublished":"2023-05-31T08:22:07+00:00","mainEntityOfPage":{"@id":"https:\/\/mama-kann-das.com\/index.php\/2023\/05\/31\/medienzeit-umgang-fuer-eltern\/"},"wordCount":846,"commentCount":0,"publisher":{"@id":"https:\/\/mama-kann-das.com\/#organization"},"image":{"@id":"https:\/\/mama-kann-das.com\/index.php\/2023\/05\/31\/medienzeit-umgang-fuer-eltern\/#primaryimage"},"thumbnailUrl":"https:\/\/i0.wp.com\/mama-kann-das.com\/wp-content\/uploads\/2023\/05\/pexels-expect-best-351265-scaled.jpg?fit=2560%2C1571&ssl=1","keywords":["Erziehung","Familie","Medien"],"articleSection":["Erziehung","Lieben","Mama &amp; Papa"],"inLanguage":"de","potentialAction":[{"@type":"CommentAction","name":"Comment","target":["https:\/\/mama-kann-das.com\/index.php\/2023\/05\/31\/medienzeit-umgang-fuer-eltern\/#respond"]}]},{"@type":"WebPage","@id":"https:\/\/mama-kann-das.com\/index.php\/2023\/05\/31\/medienzeit-umgang-fuer-eltern\/","url":"https:\/\/mama-kann-das.com\/index.php\/2023\/05\/31\/medienzeit-umgang-fuer-eltern\/","name":"Medienzeit - so machst du es als Eltern richtig - mama-kann-das","isPartOf":{"@id":"https:\/\/mama-kann-das.com\/#website"},"primaryImageOfPage":{"@id":"https:\/\/mama-kann-das.com\/index.php\/2023\/05\/31\/medienzeit-umgang-fuer-eltern\/#primaryimage"},"image":{"@id":"https:\/\/mama-kann-das.com\/index.php\/2023\/05\/31\/medienzeit-umgang-fuer-eltern\/#primaryimage"},"thumbnailUrl":"https:\/\/i0.wp.com\/mama-kann-das.com\/wp-content\/uploads\/2023\/05\/pexels-expect-best-351265-scaled.jpg?fit=2560%2C1571&ssl=1","datePublished":"2023-05-31T08:22:07+00:00","description":"Medienzeit, ein viel diskutiertes Thema unter Eltern. In diesem Artikel erf\u00e4hrst du, wie du es richtig handhabst.","breadcrumb":{"@id":"https:\/\/mama-kann-das.com\/index.php\/2023\/05\/31\/medienzeit-umgang-fuer-eltern\/#breadcrumb"},"inLanguage":"de","potentialAction":[{"@type":"ReadAction","target":["https:\/\/mama-kann-das.com\/index.php\/2023\/05\/31\/medienzeit-umgang-fuer-eltern\/"]}]},{"@type":"ImageObject","inLanguage":"de","@id":"https:\/\/mama-kann-das.com\/index.php\/2023\/05\/31\/medienzeit-umgang-fuer-eltern\/#primaryimage","url":"https:\/\/i0.wp.com\/mama-kann-das.com\/wp-content\/uploads\/2023\/05\/pexels-expect-best-351265-scaled.jpg?fit=2560%2C1571&ssl=1","contentUrl":"https:\/\/i0.wp.com\/mama-kann-das.com\/wp-content\/uploads\/2023\/05\/pexels-expect-best-351265-scaled.jpg?fit=2560%2C1571&ssl=1","width":2560,"height":1571,"caption":"Medienzeit, ein viel diskutiertes Thema unter Eltern."},{"@type":"BreadcrumbList","@id":"https:\/\/mama-kann-das.com\/index.php\/2023\/05\/31\/medienzeit-umgang-fuer-eltern\/#breadcrumb","itemListElement":[{"@type":"ListItem","position":1,"name":"Startseite","item":"https:\/\/mama-kann-das.com\/"},{"@type":"ListItem","position":2,"name":"Medienzeit &#8211; so machst du es als Eltern richtig"}]},{"@type":"WebSite","@id":"https:\/\/mama-kann-das.com\/#website","url":"https:\/\/mama-kann-das.com\/","name":"mama-kann-das","description":"gelassen durch den Familienalltag","publisher":{"@id":"https:\/\/mama-kann-das.com\/#organization"},"potentialAction":[{"@type":"SearchAction","target":{"@type":"EntryPoint","urlTemplate":"https:\/\/mama-kann-das.com\/?s={search_term_string}"},"query-input":{"@type":"PropertyValueSpecification","valueRequired":true,"valueName":"search_term_string"}}],"inLanguage":"de"},{"@type":"Organization","@id":"https:\/\/mama-kann-das.com\/#organization","name":"mama-kann-das","url":"https:\/\/mama-kann-das.com\/","logo":{"@type":"ImageObject","inLanguage":"de","@id":"https:\/\/mama-kann-das.com\/#\/schema\/logo\/image\/","url":"https:\/\/i0.wp.com\/mama-kann-das.com\/wp-content\/uploads\/2026\/01\/cropped-Banner-neu-1.png?fit=1243%2C351&ssl=1","contentUrl":"https:\/\/i0.wp.com\/mama-kann-das.com\/wp-content\/uploads\/2026\/01\/cropped-Banner-neu-1.png?fit=1243%2C351&ssl=1","width":1243,"height":351,"caption":"mama-kann-das"},"image":{"@id":"https:\/\/mama-kann-das.com\/#\/schema\/logo\/image\/"}},{"@type":"Person","@id":"https:\/\/mama-kann-das.com\/#\/schema\/person\/83df833a52d90404e3f21603b1cf9e58","name":"Corina","image":{"@type":"ImageObject","inLanguage":"de","@id":"https:\/\/secure.gravatar.com\/avatar\/791919cd4962f2a440718b8180fea719c288cc66c4bc5413544ada69564aa24f?s=96&d=mm&r=g","url":"https:\/\/secure.gravatar.com\/avatar\/791919cd4962f2a440718b8180fea719c288cc66c4bc5413544ada69564aa24f?s=96&d=mm&r=g","contentUrl":"https:\/\/secure.gravatar.com\/avatar\/791919cd4962f2a440718b8180fea719c288cc66c4bc5413544ada69564aa24f?s=96&d=mm&r=g","caption":"Corina"},"sameAs":["https:\/\/mama-kann-das.com","facebook.com\/corinakanndas","instagram.com\/mama.kann.das"],"url":"https:\/\/mama-kann-das.com\/index.php\/author\/c_zimmermann_l38n2d31\/"}]}},"jetpack_featured_media_url":"https:\/\/i0.wp.com\/mama-kann-das.com\/wp-content\/uploads\/2023\/05\/pexels-expect-best-351265-scaled.jpg?fit=2560%2C1571&ssl=1","jetpack_sharing_enabled":true,"_links":{"self":[{"href":"https:\/\/mama-kann-das.com\/index.php\/wp-json\/wp\/v2\/posts\/1467","targetHints":{"allow":["GET"]}}],"collection":[{"href":"https:\/\/mama-kann-das.com\/index.php\/wp-json\/wp\/v2\/posts"}],"about":[{"href":"https:\/\/mama-kann-das.com\/index.php\/wp-json\/wp\/v2\/types\/post"}],"author":[{"embeddable":true,"href":"https:\/\/mama-kann-das.com\/index.php\/wp-json\/wp\/v2\/users\/1"}],"replies":[{"embeddable":true,"href":"https:\/\/mama-kann-das.com\/index.php\/wp-json\/wp\/v2\/comments?post=1467"}],"version-history":[{"count":2,"href":"https:\/\/mama-kann-das.com\/index.php\/wp-json\/wp\/v2\/posts\/1467\/revisions"}],"predecessor-version":[{"id":1490,"href":"https:\/\/mama-kann-das.com\/index.php\/wp-json\/wp\/v2\/posts\/1467\/revisions\/1490"}],"wp:featuredmedia":[{"embeddable":true,"href":"https:\/\/mama-kann-das.com\/index.php\/wp-json\/wp\/v2\/media\/1488"}],"wp:attachment":[{"href":"https:\/\/mama-kann-das.com\/index.php\/wp-json\/wp\/v2\/media?parent=1467"}],"wp:term":[{"taxonomy":"category","embeddable":true,"href":"https:\/\/mama-kann-das.com\/index.php\/wp-json\/wp\/v2\/categories?post=1467"},{"taxonomy":"post_tag","embeddable":true,"href":"https:\/\/mama-kann-das.com\/index.php\/wp-json\/wp\/v2\/tags?post=1467"}],"curies":[{"name":"wp","href":"https:\/\/api.w.org\/{rel}","templated":true}]}}