{"id":1087,"date":"2022-04-20T02:43:00","date_gmt":"2022-04-20T02:43:00","guid":{"rendered":"https:\/\/mama-kann-das.com\/?p=1087"},"modified":"2022-08-31T13:16:57","modified_gmt":"2022-08-31T13:16:57","slug":"fieber-in-der-kita","status":"publish","type":"post","link":"https:\/\/mama-kann-das.com\/index.php\/2022\/04\/20\/fieber-in-der-kita\/","title":{"rendered":"Fieber in der Kita &#8211; bitte hol dein Kind ab"},"content":{"rendered":"\n<p>&#8222;&#8230;und wenn du das Gef\u00fchl hast, sie hat Fieber, dann gib ihr einfach ein Z\u00e4pfchen.&#8220; Ich stehe im Eingang der Kita, halte das Baby auf dem Arm und schaue die Mutter etwas schr\u00e4g an. &#8222;Ehm, wir d\u00fcrfen keine fiebersenkenden Medikamente geben.&#8220; &#8222;Was? Warum nicht?&#8220; fragt mich die Mama. Ja, warum eigentlich nicht?<\/p>\n\n\n\n<p>Die meisten Kitas (zumindest die, die ich kenne) verzichten ganz klar auf die Gabe von fiebersenkenden Medikamenten. Wenn das Kind in der Kita Fieber bekommt, muss es umgehend von den Eltern abgeholt werden. Diese Regel st\u00f6sst nicht immer auf Verst\u00e4ndnis, geschweige denn Begeisterung. Sinn macht es aber allemal. Und ich m\u00f6chte dir auch gerne erkl\u00e4ren, warum.<\/p>\n\n\n\n<h2 class=\"wp-block-heading\">Fieber &#8211; das Alarmsystem des K\u00f6rpers<\/h2>\n\n\n\n<p>Kinder, gerade Kita-Kinder, br\u00fcten gef\u00fchlt st\u00e4ndig etwas aus. In der kalten Jahreszeit hustet und &#8222;schnuddert&#8220; es quasi aus allen Ecken. Durchschnittlich 10 mal pro Jahr erkrankt ein Kind an einem Infekt. Da sollten wir ja mit ein wenig Fieber umgehen k\u00f6nnen, oder?<\/p>\n\n\n\n<p>Naja, eigentlich schon. Aber halt nur eigentlich. Denn Fieber ist ein Zeichen daf\u00fcr, dass das Abwehrsystem gerade ungebetene Eindringlinge am bek\u00e4mpfen ist. Unser K\u00f6rper wehrt sich gegen bestimmte Krankheitserreger und arbeitet auf Hochtouren. <\/p>\n\n\n\n<p>Das ist ja f\u00fcr mich als Erwachsene, mit einem sehr starken Immunsystem, schon ziemlich anstrengend. Kannst du dir vorstellen, was der kleine Kinderk\u00f6rper in dieser Zeit leisten muss? Und genau hier kommt der erste Punkt, warum fiebernde Kinder nicht in die Kita geh\u00f6ren:<\/p>\n\n\n\n<h2 class=\"wp-block-heading\">Fiebernde brauchen Ruhe<\/h2>\n\n\n\n<p>Zwei Dinge, die ich gerne h\u00e4tte, wenn ich krank bin: Ruhe und Umsorgung. Da wird es unseren Kindern wohl kaum anders gehen, oder was denkst du? In der Kita k\u00f6nnen wir den Kindern viel geben. Aber die Umsorgung, die ein krankes Kind ben\u00f6tigt, nicht. <\/p>\n\n\n<div class=\"wp-block-image\">\n<figure class=\"alignright size-large is-resized\"><img data-recalc-dims=\"1\" fetchpriority=\"high\" decoding=\"async\" src=\"https:\/\/i0.wp.com\/mama-kann-das.com\/wp-content\/uploads\/2022\/04\/pexels-vic-b-4345665.jpg?resize=186%2C280&#038;ssl=1\" alt=\"Ein krankes Kind braucht vor allem eins: Ruhe.\" class=\"wp-image-1089\" width=\"186\" height=\"280\" srcset=\"https:\/\/i0.wp.com\/mama-kann-das.com\/wp-content\/uploads\/2022\/04\/pexels-vic-b-4345665-scaled.jpg?resize=681%2C1024&amp;ssl=1 681w, https:\/\/i0.wp.com\/mama-kann-das.com\/wp-content\/uploads\/2022\/04\/pexels-vic-b-4345665-scaled.jpg?resize=600%2C902&amp;ssl=1 600w, https:\/\/i0.wp.com\/mama-kann-das.com\/wp-content\/uploads\/2022\/04\/pexels-vic-b-4345665-scaled.jpg?resize=199%2C300&amp;ssl=1 199w, https:\/\/i0.wp.com\/mama-kann-das.com\/wp-content\/uploads\/2022\/04\/pexels-vic-b-4345665-scaled.jpg?resize=768%2C1155&amp;ssl=1 768w, https:\/\/i0.wp.com\/mama-kann-das.com\/wp-content\/uploads\/2022\/04\/pexels-vic-b-4345665-scaled.jpg?resize=1021%2C1536&amp;ssl=1 1021w, https:\/\/i0.wp.com\/mama-kann-das.com\/wp-content\/uploads\/2022\/04\/pexels-vic-b-4345665-scaled.jpg?resize=1362%2C2048&amp;ssl=1 1362w, https:\/\/i0.wp.com\/mama-kann-das.com\/wp-content\/uploads\/2022\/04\/pexels-vic-b-4345665-scaled.jpg?w=1702&amp;ssl=1 1702w, https:\/\/i0.wp.com\/mama-kann-das.com\/wp-content\/uploads\/2022\/04\/pexels-vic-b-4345665-scaled.jpg?w=1280&amp;ssl=1 1280w\" sizes=\"(max-width: 186px) 100vw, 186px\" \/><\/figure>\n<\/div>\n\n\n<p>Denn daf\u00fcr braucht es Mama, Papa oder eine andere, sehr enge Bezugsperson. Oder bei wem w\u00e4rst du am liebsten, wenn du dich schlecht f\u00fchlst? Also ich w\u00fcrde mich auch heute noch am liebsten bei Mutti auf dem Sofa verkriechen. <\/p>\n\n\n\n<p>Ausserdem fehlen uns auch schlichtweg die Ressourcen dazu. Nebst dem Kind mit Fieber gibt es da noch 11 andere, fitte, laute und oftmals wilde kleine Menschen. Wir haben nicht genug Personal, damit sich jemand ausschliesslich um den Patienten k\u00fcmmert. Und auch nicht genug R\u00e4ume, um ihm die Ruhe zu geben, die er braucht.<\/p>\n\n\n\n<p>Wir w\u00fcrden vielleicht oftmals gerne. Es ist uns bewusst, dass ein krankes Kind den ohnehin schon schwierigen Spagat zwischen Beruf und Familie noch gr\u00f6sser macht. Aber uns fehlen die Leute und die Infrastruktur.<\/p>\n\n\n\n<h2 class=\"wp-block-heading\">Kinderkrankheiten &amp; Fieber<\/h2>\n\n\n\n<p>Im zweiten Punkt m\u00f6chte ich dir erkl\u00e4ren, warum wir keine fiebersenkende Medikamente geben. Diese helfen n\u00e4mlich, das Fieber zu senken, den eigentlichen Grund f\u00fcrs Krank sein beseitigen sie aber nicht. Das Kind wird sich kurzfristig gesund f\u00fchlen, allerdings halt eben nur kurz.<\/p>\n\n\n\n<p>Wie oben schon erw\u00e4hnt, ist Fieber ein Zeichen f\u00fcr einen Kampf im K\u00f6rper. Das Abwehrsystem gegen Viren und Bakterien. Und diese Eindringlinge k\u00f6nnten halt eben auch ansteckende Krankheiten sein. Wie viele typische Kinderkrankheiten gehen mit Fieber einher? Genau, so ziemlich die meisten. <\/p>\n\n\n\n<p>Indem kranke Kinder zu Hause bleiben bzw. nach Hause geschickt werden, versuchen wir die Ausbr\u00fcche dieser meist hochansteckenden, Krankheiten m\u00f6glichst einzud\u00e4mmen. Denn auch die Mitarbeiter k\u00f6nnen krank werden. Und ohne Personal keine Kita. F\u00fcr niemandem. W\u00e4r auch nicht so toll, oder?<\/p>\n\n\n\n<h2 class=\"wp-block-heading\">Der schmale Grat<\/h2>\n\n\n<div class=\"wp-block-image\">\n<figure class=\"aligncenter size-large is-resized\"><img data-recalc-dims=\"1\" decoding=\"async\" src=\"https:\/\/i0.wp.com\/mama-kann-das.com\/wp-content\/uploads\/2022\/04\/pexels-tima-miroshnichenko-8376257.jpg?resize=406%2C270&#038;ssl=1\" alt=\"Arbeiten mit krankem Kind ist beinahe unm\u00f6glich.\" class=\"wp-image-1090\" width=\"406\" height=\"270\" srcset=\"https:\/\/i0.wp.com\/mama-kann-das.com\/wp-content\/uploads\/2022\/04\/pexels-tima-miroshnichenko-8376257-scaled.jpg?resize=1024%2C683&amp;ssl=1 1024w, https:\/\/i0.wp.com\/mama-kann-das.com\/wp-content\/uploads\/2022\/04\/pexels-tima-miroshnichenko-8376257-scaled.jpg?resize=600%2C400&amp;ssl=1 600w, https:\/\/i0.wp.com\/mama-kann-das.com\/wp-content\/uploads\/2022\/04\/pexels-tima-miroshnichenko-8376257-scaled.jpg?resize=300%2C200&amp;ssl=1 300w, https:\/\/i0.wp.com\/mama-kann-das.com\/wp-content\/uploads\/2022\/04\/pexels-tima-miroshnichenko-8376257-scaled.jpg?resize=768%2C512&amp;ssl=1 768w, https:\/\/i0.wp.com\/mama-kann-das.com\/wp-content\/uploads\/2022\/04\/pexels-tima-miroshnichenko-8376257-scaled.jpg?resize=1536%2C1024&amp;ssl=1 1536w, https:\/\/i0.wp.com\/mama-kann-das.com\/wp-content\/uploads\/2022\/04\/pexels-tima-miroshnichenko-8376257-scaled.jpg?resize=2048%2C1365&amp;ssl=1 2048w, https:\/\/i0.wp.com\/mama-kann-das.com\/wp-content\/uploads\/2022\/04\/pexels-tima-miroshnichenko-8376257-scaled.jpg?w=1280&amp;ssl=1 1280w, https:\/\/i0.wp.com\/mama-kann-das.com\/wp-content\/uploads\/2022\/04\/pexels-tima-miroshnichenko-8376257-scaled.jpg?w=1920&amp;ssl=1 1920w\" sizes=\"(max-width: 406px) 100vw, 406px\" \/><\/figure>\n<\/div>\n\n\n<p><\/p>\n\n\n\n<p>Ich weiss nur zu gut, wie schwierig die Vereinbarkeit von Berufst\u00e4tigkeit und Elternschaft ist. Manchmal ist es einfach, entschuldigt mich, zum Kotzen. Da hat man einen ultra-wichtigen Termin und die Kita ruft an. Oder das Kind war letzte Woche schon krank und nun muss man sich beim Arbeitgeber schon wieder abmelden. <\/p>\n\n\n\n<p>Wir tun dies nicht, um dir das Leben schwer zu machen. Wir geben t\u00e4glich unser Bestes. F\u00fcr die Kinder und ihr Wohlergehen. Wenn wir also das n\u00e4chste Mal anrufen oder die Gabe von fiebersenkenden Medikamenten verneinen, sei uns bitte nicht b\u00f6se.<\/p>\n\n\n\n<p>Wie sind deine Erfahrungen zum Thema Krank sein in der Kita? Ich freue mich auf deinen Kommentar. <\/p>\n\n\n\n<p>Du spielst mit dem Gedanken, dein Kind in die Kita zu schicken, weisst aber nicht wo anfangen? Dann schau doch einmal in meinen <a href=\"https:\/\/mama-kann-das.com\/index.php\/2020\/09\/08\/beste-kita\/\" target=\"_blank\" rel=\"noreferrer noopener\">Kita-Ratgeber<\/a> rein.<\/p>\n\n\n\n<p>Deine<\/p>\n\n\n<p class=\"fonts-plugin-block \" style=\"font-family: Satisfy;font-size: 50px\">Corina<\/p>\n\n\n<p>Dir gef\u00e4llt dieser Artikel? Magst du mich mit einem Kaffee und neuer Energie f\u00fcr mehr solcher Blogposts unterst\u00fctzen? Ich w\u00fcrde mich riesig dar\u00fcber freuen.&nbsp;<a href=\"https:\/\/www.buymeacoffee.com\/corinakanndas\" target=\"_blank\" rel=\"noreferrer noopener\">www.buymeacoffee.com\/corinakanndas<\/a><\/p>\n","protected":false},"excerpt":{"rendered":"<p>&#8222;&#8230;und wenn du das Gef\u00fchl hast, sie hat Fieber, dann gib ihr einfach ein Z\u00e4pfchen.&#8220; Ich stehe im Eingang der Kita, halte das Baby auf dem Arm und schaue die Mutter etwas schr\u00e4g an. &#8222;Ehm, wir d\u00fcrfen keine fiebersenkenden Medikamente&#8230;<\/p>\n","protected":false},"author":1,"featured_media":1088,"comment_status":"open","ping_status":"open","sticky":false,"template":"","format":"standard","meta":{"jetpack_post_was_ever_published":false,"_jetpack_newsletter_access":"","_jetpack_dont_email_post_to_subs":false,"_jetpack_newsletter_tier_id":0,"_jetpack_memberships_contains_paywalled_content":false,"_jetpack_memberships_contains_paid_content":false,"footnotes":""},"categories":[9,5,27,16],"tags":[],"class_list":["post-1087","post","type-post","status-publish","format-standard","has-post-thumbnail","hentry","category-baby-kleinkind","category-kita","category-lieben","category-mama-papa"],"yoast_head":"<!-- This site is optimized with the Yoast SEO plugin v27.4 - https:\/\/yoast.com\/product\/yoast-seo-wordpress\/ -->\n<title>Fieber in der Kita - bitte hol dein Kind ab - mama-kann-das<\/title>\n<meta name=\"description\" content=\"Warum muss ein Kind mit Fieber aus der Kita abgeholt werden? Und warum d\u00fcrfen Erzieher keine fiebersenkenden Medikamente verabreichen? Ich sag&#039;s dir.\" \/>\n<meta name=\"robots\" content=\"index, follow, max-snippet:-1, max-image-preview:large, max-video-preview:-1\" \/>\n<link rel=\"canonical\" href=\"https:\/\/mama-kann-das.com\/index.php\/2022\/04\/20\/fieber-in-der-kita\/\" \/>\n<meta property=\"og:locale\" content=\"de_DE\" \/>\n<meta property=\"og:type\" content=\"article\" \/>\n<meta property=\"og:title\" content=\"Fieber in der Kita - bitte hol dein Kind ab - mama-kann-das\" \/>\n<meta property=\"og:description\" content=\"Warum muss ein Kind mit Fieber aus der Kita abgeholt werden? Und warum d\u00fcrfen Erzieher keine fiebersenkenden Medikamente verabreichen? Ich sag&#039;s dir.\" \/>\n<meta property=\"og:url\" content=\"https:\/\/mama-kann-das.com\/index.php\/2022\/04\/20\/fieber-in-der-kita\/\" \/>\n<meta property=\"og:site_name\" content=\"mama-kann-das\" \/>\n<meta property=\"article:author\" content=\"facebook.com\/corinakanndas\" \/>\n<meta property=\"article:published_time\" content=\"2022-04-20T02:43:00+00:00\" \/>\n<meta property=\"article:modified_time\" content=\"2022-08-31T13:16:57+00:00\" \/>\n<meta property=\"og:image\" content=\"https:\/\/mama-kann-das.com\/wp-content\/uploads\/2022\/04\/pexels-polina-tankilevitch-3873188-scaled.jpg\" \/>\n\t<meta property=\"og:image:width\" content=\"2560\" \/>\n\t<meta property=\"og:image:height\" content=\"1707\" \/>\n\t<meta property=\"og:image:type\" content=\"image\/jpeg\" \/>\n<meta name=\"author\" content=\"Corina\" \/>\n<meta name=\"twitter:card\" content=\"summary_large_image\" \/>\n<meta name=\"twitter:label1\" content=\"Verfasst von\" \/>\n\t<meta name=\"twitter:data1\" content=\"Corina\" \/>\n\t<meta name=\"twitter:label2\" content=\"Gesch\u00e4tzte Lesezeit\" \/>\n\t<meta name=\"twitter:data2\" content=\"4\u00a0Minuten\" \/>\n<script type=\"application\/ld+json\" class=\"yoast-schema-graph\">{\"@context\":\"https:\\\/\\\/schema.org\",\"@graph\":[{\"@type\":\"Article\",\"@id\":\"https:\\\/\\\/mama-kann-das.com\\\/index.php\\\/2022\\\/04\\\/20\\\/fieber-in-der-kita\\\/#article\",\"isPartOf\":{\"@id\":\"https:\\\/\\\/mama-kann-das.com\\\/index.php\\\/2022\\\/04\\\/20\\\/fieber-in-der-kita\\\/\"},\"author\":{\"name\":\"Corina\",\"@id\":\"https:\\\/\\\/mama-kann-das.com\\\/#\\\/schema\\\/person\\\/83df833a52d90404e3f21603b1cf9e58\"},\"headline\":\"Fieber in der Kita &#8211; bitte hol dein Kind ab\",\"datePublished\":\"2022-04-20T02:43:00+00:00\",\"dateModified\":\"2022-08-31T13:16:57+00:00\",\"mainEntityOfPage\":{\"@id\":\"https:\\\/\\\/mama-kann-das.com\\\/index.php\\\/2022\\\/04\\\/20\\\/fieber-in-der-kita\\\/\"},\"wordCount\":762,\"commentCount\":0,\"publisher\":{\"@id\":\"https:\\\/\\\/mama-kann-das.com\\\/#organization\"},\"image\":{\"@id\":\"https:\\\/\\\/mama-kann-das.com\\\/index.php\\\/2022\\\/04\\\/20\\\/fieber-in-der-kita\\\/#primaryimage\"},\"thumbnailUrl\":\"https:\\\/\\\/i0.wp.com\\\/mama-kann-das.com\\\/wp-content\\\/uploads\\\/2022\\\/04\\\/pexels-polina-tankilevitch-3873188-scaled.jpg?fit=2560%2C1707&ssl=1\",\"articleSection\":[\"Baby &amp; Kleinkind\",\"Kita\",\"Lieben\",\"Mama &amp; Papa\"],\"inLanguage\":\"de\",\"potentialAction\":[{\"@type\":\"CommentAction\",\"name\":\"Comment\",\"target\":[\"https:\\\/\\\/mama-kann-das.com\\\/index.php\\\/2022\\\/04\\\/20\\\/fieber-in-der-kita\\\/#respond\"]}]},{\"@type\":\"WebPage\",\"@id\":\"https:\\\/\\\/mama-kann-das.com\\\/index.php\\\/2022\\\/04\\\/20\\\/fieber-in-der-kita\\\/\",\"url\":\"https:\\\/\\\/mama-kann-das.com\\\/index.php\\\/2022\\\/04\\\/20\\\/fieber-in-der-kita\\\/\",\"name\":\"Fieber in der Kita - bitte hol dein Kind ab - mama-kann-das\",\"isPartOf\":{\"@id\":\"https:\\\/\\\/mama-kann-das.com\\\/#website\"},\"primaryImageOfPage\":{\"@id\":\"https:\\\/\\\/mama-kann-das.com\\\/index.php\\\/2022\\\/04\\\/20\\\/fieber-in-der-kita\\\/#primaryimage\"},\"image\":{\"@id\":\"https:\\\/\\\/mama-kann-das.com\\\/index.php\\\/2022\\\/04\\\/20\\\/fieber-in-der-kita\\\/#primaryimage\"},\"thumbnailUrl\":\"https:\\\/\\\/i0.wp.com\\\/mama-kann-das.com\\\/wp-content\\\/uploads\\\/2022\\\/04\\\/pexels-polina-tankilevitch-3873188-scaled.jpg?fit=2560%2C1707&ssl=1\",\"datePublished\":\"2022-04-20T02:43:00+00:00\",\"dateModified\":\"2022-08-31T13:16:57+00:00\",\"description\":\"Warum muss ein Kind mit Fieber aus der Kita abgeholt werden? Und warum d\u00fcrfen Erzieher keine fiebersenkenden Medikamente verabreichen? Ich sag's dir.\",\"breadcrumb\":{\"@id\":\"https:\\\/\\\/mama-kann-das.com\\\/index.php\\\/2022\\\/04\\\/20\\\/fieber-in-der-kita\\\/#breadcrumb\"},\"inLanguage\":\"de\",\"potentialAction\":[{\"@type\":\"ReadAction\",\"target\":[\"https:\\\/\\\/mama-kann-das.com\\\/index.php\\\/2022\\\/04\\\/20\\\/fieber-in-der-kita\\\/\"]}]},{\"@type\":\"ImageObject\",\"inLanguage\":\"de\",\"@id\":\"https:\\\/\\\/mama-kann-das.com\\\/index.php\\\/2022\\\/04\\\/20\\\/fieber-in-der-kita\\\/#primaryimage\",\"url\":\"https:\\\/\\\/i0.wp.com\\\/mama-kann-das.com\\\/wp-content\\\/uploads\\\/2022\\\/04\\\/pexels-polina-tankilevitch-3873188-scaled.jpg?fit=2560%2C1707&ssl=1\",\"contentUrl\":\"https:\\\/\\\/i0.wp.com\\\/mama-kann-das.com\\\/wp-content\\\/uploads\\\/2022\\\/04\\\/pexels-polina-tankilevitch-3873188-scaled.jpg?fit=2560%2C1707&ssl=1\",\"width\":2560,\"height\":1707,\"caption\":\"Kinder mit Fieber m\u00fcssen aus der Kita abgeholt werden.\"},{\"@type\":\"BreadcrumbList\",\"@id\":\"https:\\\/\\\/mama-kann-das.com\\\/index.php\\\/2022\\\/04\\\/20\\\/fieber-in-der-kita\\\/#breadcrumb\",\"itemListElement\":[{\"@type\":\"ListItem\",\"position\":1,\"name\":\"Startseite\",\"item\":\"https:\\\/\\\/mama-kann-das.com\\\/\"},{\"@type\":\"ListItem\",\"position\":2,\"name\":\"Fieber in der Kita &#8211; bitte hol dein Kind ab\"}]},{\"@type\":\"WebSite\",\"@id\":\"https:\\\/\\\/mama-kann-das.com\\\/#website\",\"url\":\"https:\\\/\\\/mama-kann-das.com\\\/\",\"name\":\"mama-kann-das\",\"description\":\"gelassen durch den Familienalltag\",\"publisher\":{\"@id\":\"https:\\\/\\\/mama-kann-das.com\\\/#organization\"},\"potentialAction\":[{\"@type\":\"SearchAction\",\"target\":{\"@type\":\"EntryPoint\",\"urlTemplate\":\"https:\\\/\\\/mama-kann-das.com\\\/?s={search_term_string}\"},\"query-input\":{\"@type\":\"PropertyValueSpecification\",\"valueRequired\":true,\"valueName\":\"search_term_string\"}}],\"inLanguage\":\"de\"},{\"@type\":\"Organization\",\"@id\":\"https:\\\/\\\/mama-kann-das.com\\\/#organization\",\"name\":\"mama-kann-das\",\"url\":\"https:\\\/\\\/mama-kann-das.com\\\/\",\"logo\":{\"@type\":\"ImageObject\",\"inLanguage\":\"de\",\"@id\":\"https:\\\/\\\/mama-kann-das.com\\\/#\\\/schema\\\/logo\\\/image\\\/\",\"url\":\"https:\\\/\\\/i0.wp.com\\\/mama-kann-das.com\\\/wp-content\\\/uploads\\\/2026\\\/01\\\/cropped-Banner-neu-1.png?fit=1243%2C351&ssl=1\",\"contentUrl\":\"https:\\\/\\\/i0.wp.com\\\/mama-kann-das.com\\\/wp-content\\\/uploads\\\/2026\\\/01\\\/cropped-Banner-neu-1.png?fit=1243%2C351&ssl=1\",\"width\":1243,\"height\":351,\"caption\":\"mama-kann-das\"},\"image\":{\"@id\":\"https:\\\/\\\/mama-kann-das.com\\\/#\\\/schema\\\/logo\\\/image\\\/\"}},{\"@type\":\"Person\",\"@id\":\"https:\\\/\\\/mama-kann-das.com\\\/#\\\/schema\\\/person\\\/83df833a52d90404e3f21603b1cf9e58\",\"name\":\"Corina\",\"image\":{\"@type\":\"ImageObject\",\"inLanguage\":\"de\",\"@id\":\"https:\\\/\\\/secure.gravatar.com\\\/avatar\\\/791919cd4962f2a440718b8180fea719c288cc66c4bc5413544ada69564aa24f?s=96&d=mm&r=g\",\"url\":\"https:\\\/\\\/secure.gravatar.com\\\/avatar\\\/791919cd4962f2a440718b8180fea719c288cc66c4bc5413544ada69564aa24f?s=96&d=mm&r=g\",\"contentUrl\":\"https:\\\/\\\/secure.gravatar.com\\\/avatar\\\/791919cd4962f2a440718b8180fea719c288cc66c4bc5413544ada69564aa24f?s=96&d=mm&r=g\",\"caption\":\"Corina\"},\"sameAs\":[\"https:\\\/\\\/mama-kann-das.com\",\"facebook.com\\\/corinakanndas\",\"instagram.com\\\/mama.kann.das\"],\"url\":\"https:\\\/\\\/mama-kann-das.com\\\/index.php\\\/author\\\/c_zimmermann_l38n2d31\\\/\"}]}<\/script>\n<!-- \/ Yoast SEO plugin. -->","yoast_head_json":{"title":"Fieber in der Kita - bitte hol dein Kind ab - mama-kann-das","description":"Warum muss ein Kind mit Fieber aus der Kita abgeholt werden? Und warum d\u00fcrfen Erzieher keine fiebersenkenden Medikamente verabreichen? Ich sag's dir.","robots":{"index":"index","follow":"follow","max-snippet":"max-snippet:-1","max-image-preview":"max-image-preview:large","max-video-preview":"max-video-preview:-1"},"canonical":"https:\/\/mama-kann-das.com\/index.php\/2022\/04\/20\/fieber-in-der-kita\/","og_locale":"de_DE","og_type":"article","og_title":"Fieber in der Kita - bitte hol dein Kind ab - mama-kann-das","og_description":"Warum muss ein Kind mit Fieber aus der Kita abgeholt werden? Und warum d\u00fcrfen Erzieher keine fiebersenkenden Medikamente verabreichen? Ich sag's dir.","og_url":"https:\/\/mama-kann-das.com\/index.php\/2022\/04\/20\/fieber-in-der-kita\/","og_site_name":"mama-kann-das","article_author":"facebook.com\/corinakanndas","article_published_time":"2022-04-20T02:43:00+00:00","article_modified_time":"2022-08-31T13:16:57+00:00","og_image":[{"width":2560,"height":1707,"url":"https:\/\/mama-kann-das.com\/wp-content\/uploads\/2022\/04\/pexels-polina-tankilevitch-3873188-scaled.jpg","type":"image\/jpeg"}],"author":"Corina","twitter_card":"summary_large_image","twitter_misc":{"Verfasst von":"Corina","Gesch\u00e4tzte Lesezeit":"4\u00a0Minuten"},"schema":{"@context":"https:\/\/schema.org","@graph":[{"@type":"Article","@id":"https:\/\/mama-kann-das.com\/index.php\/2022\/04\/20\/fieber-in-der-kita\/#article","isPartOf":{"@id":"https:\/\/mama-kann-das.com\/index.php\/2022\/04\/20\/fieber-in-der-kita\/"},"author":{"name":"Corina","@id":"https:\/\/mama-kann-das.com\/#\/schema\/person\/83df833a52d90404e3f21603b1cf9e58"},"headline":"Fieber in der Kita &#8211; bitte hol dein Kind ab","datePublished":"2022-04-20T02:43:00+00:00","dateModified":"2022-08-31T13:16:57+00:00","mainEntityOfPage":{"@id":"https:\/\/mama-kann-das.com\/index.php\/2022\/04\/20\/fieber-in-der-kita\/"},"wordCount":762,"commentCount":0,"publisher":{"@id":"https:\/\/mama-kann-das.com\/#organization"},"image":{"@id":"https:\/\/mama-kann-das.com\/index.php\/2022\/04\/20\/fieber-in-der-kita\/#primaryimage"},"thumbnailUrl":"https:\/\/i0.wp.com\/mama-kann-das.com\/wp-content\/uploads\/2022\/04\/pexels-polina-tankilevitch-3873188-scaled.jpg?fit=2560%2C1707&ssl=1","articleSection":["Baby &amp; Kleinkind","Kita","Lieben","Mama &amp; Papa"],"inLanguage":"de","potentialAction":[{"@type":"CommentAction","name":"Comment","target":["https:\/\/mama-kann-das.com\/index.php\/2022\/04\/20\/fieber-in-der-kita\/#respond"]}]},{"@type":"WebPage","@id":"https:\/\/mama-kann-das.com\/index.php\/2022\/04\/20\/fieber-in-der-kita\/","url":"https:\/\/mama-kann-das.com\/index.php\/2022\/04\/20\/fieber-in-der-kita\/","name":"Fieber in der Kita - bitte hol dein Kind ab - mama-kann-das","isPartOf":{"@id":"https:\/\/mama-kann-das.com\/#website"},"primaryImageOfPage":{"@id":"https:\/\/mama-kann-das.com\/index.php\/2022\/04\/20\/fieber-in-der-kita\/#primaryimage"},"image":{"@id":"https:\/\/mama-kann-das.com\/index.php\/2022\/04\/20\/fieber-in-der-kita\/#primaryimage"},"thumbnailUrl":"https:\/\/i0.wp.com\/mama-kann-das.com\/wp-content\/uploads\/2022\/04\/pexels-polina-tankilevitch-3873188-scaled.jpg?fit=2560%2C1707&ssl=1","datePublished":"2022-04-20T02:43:00+00:00","dateModified":"2022-08-31T13:16:57+00:00","description":"Warum muss ein Kind mit Fieber aus der Kita abgeholt werden? Und warum d\u00fcrfen Erzieher keine fiebersenkenden Medikamente verabreichen? Ich sag's dir.","breadcrumb":{"@id":"https:\/\/mama-kann-das.com\/index.php\/2022\/04\/20\/fieber-in-der-kita\/#breadcrumb"},"inLanguage":"de","potentialAction":[{"@type":"ReadAction","target":["https:\/\/mama-kann-das.com\/index.php\/2022\/04\/20\/fieber-in-der-kita\/"]}]},{"@type":"ImageObject","inLanguage":"de","@id":"https:\/\/mama-kann-das.com\/index.php\/2022\/04\/20\/fieber-in-der-kita\/#primaryimage","url":"https:\/\/i0.wp.com\/mama-kann-das.com\/wp-content\/uploads\/2022\/04\/pexels-polina-tankilevitch-3873188-scaled.jpg?fit=2560%2C1707&ssl=1","contentUrl":"https:\/\/i0.wp.com\/mama-kann-das.com\/wp-content\/uploads\/2022\/04\/pexels-polina-tankilevitch-3873188-scaled.jpg?fit=2560%2C1707&ssl=1","width":2560,"height":1707,"caption":"Kinder mit Fieber m\u00fcssen aus der Kita abgeholt werden."},{"@type":"BreadcrumbList","@id":"https:\/\/mama-kann-das.com\/index.php\/2022\/04\/20\/fieber-in-der-kita\/#breadcrumb","itemListElement":[{"@type":"ListItem","position":1,"name":"Startseite","item":"https:\/\/mama-kann-das.com\/"},{"@type":"ListItem","position":2,"name":"Fieber in der Kita &#8211; bitte hol dein Kind ab"}]},{"@type":"WebSite","@id":"https:\/\/mama-kann-das.com\/#website","url":"https:\/\/mama-kann-das.com\/","name":"mama-kann-das","description":"gelassen durch den Familienalltag","publisher":{"@id":"https:\/\/mama-kann-das.com\/#organization"},"potentialAction":[{"@type":"SearchAction","target":{"@type":"EntryPoint","urlTemplate":"https:\/\/mama-kann-das.com\/?s={search_term_string}"},"query-input":{"@type":"PropertyValueSpecification","valueRequired":true,"valueName":"search_term_string"}}],"inLanguage":"de"},{"@type":"Organization","@id":"https:\/\/mama-kann-das.com\/#organization","name":"mama-kann-das","url":"https:\/\/mama-kann-das.com\/","logo":{"@type":"ImageObject","inLanguage":"de","@id":"https:\/\/mama-kann-das.com\/#\/schema\/logo\/image\/","url":"https:\/\/i0.wp.com\/mama-kann-das.com\/wp-content\/uploads\/2026\/01\/cropped-Banner-neu-1.png?fit=1243%2C351&ssl=1","contentUrl":"https:\/\/i0.wp.com\/mama-kann-das.com\/wp-content\/uploads\/2026\/01\/cropped-Banner-neu-1.png?fit=1243%2C351&ssl=1","width":1243,"height":351,"caption":"mama-kann-das"},"image":{"@id":"https:\/\/mama-kann-das.com\/#\/schema\/logo\/image\/"}},{"@type":"Person","@id":"https:\/\/mama-kann-das.com\/#\/schema\/person\/83df833a52d90404e3f21603b1cf9e58","name":"Corina","image":{"@type":"ImageObject","inLanguage":"de","@id":"https:\/\/secure.gravatar.com\/avatar\/791919cd4962f2a440718b8180fea719c288cc66c4bc5413544ada69564aa24f?s=96&d=mm&r=g","url":"https:\/\/secure.gravatar.com\/avatar\/791919cd4962f2a440718b8180fea719c288cc66c4bc5413544ada69564aa24f?s=96&d=mm&r=g","contentUrl":"https:\/\/secure.gravatar.com\/avatar\/791919cd4962f2a440718b8180fea719c288cc66c4bc5413544ada69564aa24f?s=96&d=mm&r=g","caption":"Corina"},"sameAs":["https:\/\/mama-kann-das.com","facebook.com\/corinakanndas","instagram.com\/mama.kann.das"],"url":"https:\/\/mama-kann-das.com\/index.php\/author\/c_zimmermann_l38n2d31\/"}]}},"jetpack_featured_media_url":"https:\/\/i0.wp.com\/mama-kann-das.com\/wp-content\/uploads\/2022\/04\/pexels-polina-tankilevitch-3873188-scaled.jpg?fit=2560%2C1707&ssl=1","jetpack_sharing_enabled":true,"_links":{"self":[{"href":"https:\/\/mama-kann-das.com\/index.php\/wp-json\/wp\/v2\/posts\/1087","targetHints":{"allow":["GET"]}}],"collection":[{"href":"https:\/\/mama-kann-das.com\/index.php\/wp-json\/wp\/v2\/posts"}],"about":[{"href":"https:\/\/mama-kann-das.com\/index.php\/wp-json\/wp\/v2\/types\/post"}],"author":[{"embeddable":true,"href":"https:\/\/mama-kann-das.com\/index.php\/wp-json\/wp\/v2\/users\/1"}],"replies":[{"embeddable":true,"href":"https:\/\/mama-kann-das.com\/index.php\/wp-json\/wp\/v2\/comments?post=1087"}],"version-history":[{"count":3,"href":"https:\/\/mama-kann-das.com\/index.php\/wp-json\/wp\/v2\/posts\/1087\/revisions"}],"predecessor-version":[{"id":1210,"href":"https:\/\/mama-kann-das.com\/index.php\/wp-json\/wp\/v2\/posts\/1087\/revisions\/1210"}],"wp:featuredmedia":[{"embeddable":true,"href":"https:\/\/mama-kann-das.com\/index.php\/wp-json\/wp\/v2\/media\/1088"}],"wp:attachment":[{"href":"https:\/\/mama-kann-das.com\/index.php\/wp-json\/wp\/v2\/media?parent=1087"}],"wp:term":[{"taxonomy":"category","embeddable":true,"href":"https:\/\/mama-kann-das.com\/index.php\/wp-json\/wp\/v2\/categories?post=1087"},{"taxonomy":"post_tag","embeddable":true,"href":"https:\/\/mama-kann-das.com\/index.php\/wp-json\/wp\/v2\/tags?post=1087"}],"curies":[{"name":"wp","href":"https:\/\/api.w.org\/{rel}","templated":true}]}}